{"id":88552,"date":"2020-06-10T13:11:00","date_gmt":"2020-06-10T17:11:00","guid":{"rendered":"https:\/\/linitiative.ca\/International\/propagation-du-covid19-a-oran-mise-en-place-dun-dispositif-pour-proteger-le-centre-anti-cancer\/"},"modified":"2020-06-10T13:11:00","modified_gmt":"2020-06-10T17:11:00","slug":"propagation-du-covid19-a-oran-mise-en-place-dun-dispositif-pour-proteger-le-centre-anti-cancer","status":"publish","type":"post","link":"https:\/\/linitiative.ca\/International\/propagation-du-covid19-a-oran-mise-en-place-dun-dispositif-pour-proteger-le-centre-anti-cancer\/","title":{"rendered":"PROPAGATION DU COVID19 A ORAN : Mise en place d&rsquo;un dispositif pour prot\u00e9ger le centre anti-cancer"},"content":{"rendered":"<p><br id=\"sep_para_1\" class=\"sep_para access\"\/><\/p>\n<div id=\"para_1\" class=\"para_37386711 resize\">\n<div class=\"texte access firstletter\">Des cas de covid-19 ont \u00e9t\u00e9 confirm\u00e9s parmi le personnel m\u00e9dical et administratif du CAC d&rsquo;Oran, notamment au sein du service d&rsquo;oncologie p\u00e9diatrique, ce qui a pouss\u00e9 sa Direction \u00e0 effectuer des analyses \u00e0 ses travailleurs, aux malades et aux garde-malades, a pr\u00e9cis\u00e9 M. Kada Baatouche lors d&rsquo;une conf\u00e9rence de presse organis\u00e9e au niveau de la direction de cet h\u00f4pital. \u00ab\u00a0Aucun cas positif n&rsquo;a \u00e9t\u00e9 enregistr\u00e9 parmi les enfants malades et leurs accompagnateurs\u00a0\u00bb, a-t-il affirm\u00e9, soulignant que 7 employ\u00e9s (un m\u00e9decin, 02 infirmiers, 01 ambulancier et 03 employ\u00e9s) se sont av\u00e9r\u00e9s porteurs du virus sur un total 423 malades et employ\u00e9s test\u00e9s au niveau du CAC. Alors que les cas positifs sont pris en charge au niveau du CHU d&rsquo;Oran, la direction du CAC a entam\u00e9 des op\u00e9rations de d\u00e9sinfection au niveau de ses cinq (5) unit\u00e9s de cet \u00e9tablissement d&rsquo;oncologie p\u00e9diatrique. \u00ab\u00a0Les malades qui ne n\u00e9cessitent pas des soins imm\u00e9diats sont appel\u00e9s \u00e0 rentrer chez eux, en attendant la d\u00e9sinfection totale du service\u00a0\u00bb, a not\u00e9 M.Baatouche. Une centaine de r\u00e9sultats d&rsquo;analyses est par ailleurs attendue dans les jours \u00e0 venir. Les enfants canc\u00e9reux, test\u00e9s positifs seront transf\u00e9r\u00e9s vers l&rsquo;h\u00f4pital p\u00e9diatrique de Hai El Manzah (Ex Canastel), qui dispose d&rsquo;une unit\u00e9 pour la prise en charge des cas d&rsquo;enfants porteurs de Covid-19, a-t-il fait savoir.<\/div>\n<\/div>\n<p>Auteur: Medjadji H.<br \/>\n<a href=\"https:\/\/www.reflexiondz.net\/PROPAGATION-DU-COVID19-A-ORAN-Mise-en-place-d-un-dispositif-pour-proteger-le-centre-anti-cancer_a63271.html\">Cliquez ici pour lire l&rsquo;article depuis sa source.<\/a><\/p>\n","protected":false},"excerpt":{"rendered":"<p>Des cas de covid-19 ont \u00e9t\u00e9 confirm\u00e9s parmi le personnel m\u00e9dical et administratif du CAC d&rsquo;Oran, notamment au sein du service d&rsquo;oncologie p\u00e9diatrique, ce qui a pouss\u00e9 sa Direction \u00e0 effectuer des analyses \u00e0 ses travailleurs, aux malades et aux garde-malades, a pr\u00e9cis\u00e9 M. Kada Baatouche lors d&rsquo;une conf\u00e9rence de presse organis\u00e9e au niveau de [&hellip;]<\/p>\n","protected":false},"author":1740,"featured_media":0,"comment_status":"closed","ping_status":"closed","sticky":false,"template":"","format":"standard","meta":{"fifu_image_url":"","fifu_image_alt":"","footnotes":""},"categories":[53,76],"tags":[],"class_list":["post-88552","post","type-post","status-publish","format-standard","hentry","category-algerie","category-regions"],"_links":{"self":[{"href":"https:\/\/linitiative.ca\/International\/wp-json\/wp\/v2\/posts\/88552","targetHints":{"allow":["GET"]}}],"collection":[{"href":"https:\/\/linitiative.ca\/International\/wp-json\/wp\/v2\/posts"}],"about":[{"href":"https:\/\/linitiative.ca\/International\/wp-json\/wp\/v2\/types\/post"}],"author":[{"embeddable":true,"href":"https:\/\/linitiative.ca\/International\/wp-json\/wp\/v2\/users\/1740"}],"replies":[{"embeddable":true,"href":"https:\/\/linitiative.ca\/International\/wp-json\/wp\/v2\/comments?post=88552"}],"version-history":[{"count":0,"href":"https:\/\/linitiative.ca\/International\/wp-json\/wp\/v2\/posts\/88552\/revisions"}],"wp:attachment":[{"href":"https:\/\/linitiative.ca\/International\/wp-json\/wp\/v2\/media?parent=88552"}],"wp:term":[{"taxonomy":"category","embeddable":true,"href":"https:\/\/linitiative.ca\/International\/wp-json\/wp\/v2\/categories?post=88552"},{"taxonomy":"post_tag","embeddable":true,"href":"https:\/\/linitiative.ca\/International\/wp-json\/wp\/v2\/tags?post=88552"}],"curies":[{"name":"wp","href":"https:\/\/api.w.org\/{rel}","templated":true}]}}