{"id":88553,"date":"2020-06-10T13:11:00","date_gmt":"2020-06-10T17:11:00","guid":{"rendered":"https:\/\/linitiative.ca\/International\/detournement-dun-bien-forestier-a-tiaret-le-directeur-de-la-conservation-fonciere-place-sous-controle-judiciaire\/"},"modified":"2020-06-10T13:11:00","modified_gmt":"2020-06-10T17:11:00","slug":"detournement-dun-bien-forestier-a-tiaret-le-directeur-de-la-conservation-fonciere-place-sous-controle-judiciaire","status":"publish","type":"post","link":"https:\/\/linitiative.ca\/International\/detournement-dun-bien-forestier-a-tiaret-le-directeur-de-la-conservation-fonciere-place-sous-controle-judiciaire\/","title":{"rendered":"DETOURNEMENT D&rsquo;UN BIEN FORESTIER A TIARET : Le directeur de la Conservation fonci\u00e8re plac\u00e9 sous contr\u00f4le judiciaire"},"content":{"rendered":"<p><br id=\"sep_para_1\" class=\"sep_para access\"\/><\/p>\n<div id=\"para_1\" class=\"para_37386687 resize\">\n<div class=\"photo shadow left\"><a href=\"javascript:void(0)\" rel=\"https:\/\/www.reflexiondz.net\/photo\/art\/grande\/47093815-37386687.jpg?v=1591815017&amp;ibox\" title=\"DETOURNEMENT D'UN BIEN FORESTIER A TIARET : Le directeur de la Conservation fonci\u00e8re plac\u00e9 sous contr\u00f4le judiciaire\"><img decoding=\"async\" class=\"responsive c9\" src=\"https:\/\/www.reflexiondz.net\/photo\/art\/grande\/47093815-37386687.jpg?v=1591815017\" alt=\"DETOURNEMENT D'UN BIEN FORESTIER A TIARET : Le directeur de la Conservation fonci\u00e8re plac\u00e9 sous contr\u00f4le judiciaire\" title=\"DETOURNEMENT D'UN BIEN FORESTIER A TIARET : Le directeur de la Conservation fonci\u00e8re plac\u00e9 sous contr\u00f4le judiciaire\"\/><img decoding=\"async\" class=\"not-responsive\" src=\"https:\/\/www.reflexiondz.net\/photo\/art\/default\/47093815-37386687.jpg?v=1591815018\" alt=\"DETOURNEMENT D'UN BIEN FORESTIER A TIARET : Le directeur de la Conservation fonci\u00e8re plac\u00e9 sous contr\u00f4le judiciaire\" title=\"DETOURNEMENT D'UN BIEN FORESTIER A TIARET : Le directeur de la Conservation fonci\u00e8re plac\u00e9 sous contr\u00f4le judiciaire\"\/><\/a><\/div>\n<div class=\"texte access firstletter\">Nos sources ajoutent que le directeur des Domaines, le directeur du Cadastre, le directeur de la Conservation fonci\u00e8re, ainsi que plusieurs fonctionnaires relevant des directions cit\u00e9es ont \u00e9t\u00e9 pr\u00e9sent\u00e9s devant la justice dans une affaire li\u00e9e \u00e0 la falsification d&rsquo;un livret foncier en faveur d&rsquo;une personne ayant pignon sur rue et les griefs retenus contre eux\u00a0 sont le faux et usage de faux ainsi que la falsification de documents authentiques, pr\u00e9cisent nos sources. Rappelons que cette affaire a \u00e9t\u00e9 relat\u00e9e par le journal \u00ab\u00a0Reflexion\u00a0\u00bb qui a \u00e9t\u00e9 saisi par un groupe de plaignants, victimes du d\u00e9tournement d&rsquo;une superficie agricole situ\u00e9e au c\u0153ur de la for\u00eat dense d&rsquo;El-Gaada \u00e0 Frenda. Cette superficie de 60 hectares a \u00e9t\u00e9 lou\u00e9e \u00e0 un groupe d&rsquo;autochtones, li\u00e9s par une convention avec la conservation des for\u00eats. Cependant, une autre personne s&rsquo;est rapproch\u00e9e de la Conservation fonci\u00e8re avec de faux documents et s&rsquo;est fait d\u00e9livrer un livret foncier pour l&rsquo;exploitation de la superficie cit\u00e9e, soit 60 hectares \u00e0 des fins d&rsquo;agriculture.\u00a0 Les profondes investigations men\u00e9es par les services de police judiciaire de la suret\u00e9 de Frenda, avec l&rsquo;appui de l&rsquo;autorisation d&rsquo;\u00e9largissement de comp\u00e9tence territoriale, ont abouti aux tenants et aboutissants d&rsquo;un v\u00e9ritable scandale au niveau de la Conservation fonci\u00e8re de Frenda. Pour simple rappel, une commission d&rsquo;enqu\u00eate d\u00e9p\u00each\u00e9e par les services de la Pr\u00e9sidence de la R\u00e9publique serait \u00e0 pied d&rsquo;\u0153uvre dans la wilaya de Tiaret, en notant que la direction des Domaines est dans le viseur de cette commission, suite aux dossiers explosifs remis aux services de la Pr\u00e9sidence de la R\u00e9publique. Ces\u00a0 dossiers font \u00e9tat de d\u00e9passements, de dysfonctionnements, d&rsquo;abus de pouvoir et plus sp\u00e9cifiquement de ventes des biens de l&rsquo;Etat au dinar symbolique. L\u2019audition du directeur des Domaines par les membres de la commission \u00e9tait pr\u00e9vue ce mercredi 10 juin.\u00a0<\/div>\n<\/div>\n<p>Auteur: Abdelkader Benrebiha<br \/>\n<a href=\"https:\/\/www.reflexiondz.net\/DETOURNEMENT-D-UN-BIEN-FORESTIER-A-TIARET-Le-directeur-de-la-Conservation-fonciere-place-sous-controle-judiciaire_a63267.html\">Cliquez ici pour lire l&rsquo;article depuis sa source.<\/a><\/p>\n","protected":false},"excerpt":{"rendered":"<p>Nos sources ajoutent que le directeur des Domaines, le directeur du Cadastre, le directeur de la Conservation fonci\u00e8re, ainsi que plusieurs fonctionnaires relevant des directions cit\u00e9es ont \u00e9t\u00e9 pr\u00e9sent\u00e9s devant la justice dans une affaire li\u00e9e \u00e0 la falsification d&rsquo;un livret foncier en faveur d&rsquo;une personne ayant pignon sur rue et les griefs retenus contre [&hellip;]<\/p>\n","protected":false},"author":1740,"featured_media":0,"comment_status":"closed","ping_status":"closed","sticky":false,"template":"","format":"standard","meta":{"fifu_image_url":"","fifu_image_alt":"","footnotes":""},"categories":[53,76],"tags":[],"class_list":["post-88553","post","type-post","status-publish","format-standard","hentry","category-algerie","category-regions"],"_links":{"self":[{"href":"https:\/\/linitiative.ca\/International\/wp-json\/wp\/v2\/posts\/88553","targetHints":{"allow":["GET"]}}],"collection":[{"href":"https:\/\/linitiative.ca\/International\/wp-json\/wp\/v2\/posts"}],"about":[{"href":"https:\/\/linitiative.ca\/International\/wp-json\/wp\/v2\/types\/post"}],"author":[{"embeddable":true,"href":"https:\/\/linitiative.ca\/International\/wp-json\/wp\/v2\/users\/1740"}],"replies":[{"embeddable":true,"href":"https:\/\/linitiative.ca\/International\/wp-json\/wp\/v2\/comments?post=88553"}],"version-history":[{"count":0,"href":"https:\/\/linitiative.ca\/International\/wp-json\/wp\/v2\/posts\/88553\/revisions"}],"wp:attachment":[{"href":"https:\/\/linitiative.ca\/International\/wp-json\/wp\/v2\/media?parent=88553"}],"wp:term":[{"taxonomy":"category","embeddable":true,"href":"https:\/\/linitiative.ca\/International\/wp-json\/wp\/v2\/categories?post=88553"},{"taxonomy":"post_tag","embeddable":true,"href":"https:\/\/linitiative.ca\/International\/wp-json\/wp\/v2\/tags?post=88553"}],"curies":[{"name":"wp","href":"https:\/\/api.w.org\/{rel}","templated":true}]}}