{"id":88557,"date":"2020-06-09T19:25:15","date_gmt":"2020-06-09T23:25:15","guid":{"rendered":"https:\/\/linitiative.ca\/International\/constantine-sept-individus-dont-deux-filles-arretes-pour-vol-sous-la-menace\/"},"modified":"2020-06-09T19:25:15","modified_gmt":"2020-06-09T23:25:15","slug":"constantine-sept-individus-dont-deux-filles-arretes-pour-vol-sous-la-menace","status":"publish","type":"post","link":"https:\/\/linitiative.ca\/International\/constantine-sept-individus-dont-deux-filles-arretes-pour-vol-sous-la-menace\/","title":{"rendered":"Constantine : Sept individus dont deux filles arr\u00eat\u00e9s pour vol sous la menace"},"content":{"rendered":"<p><br class=\"autobr\"\/><br \/>\nLes \u00e9l\u00e9ments de la police judiciaire de la suret\u00e9 externe de la localit\u00e9 de Massinissa relevant de la suret\u00e9 de da\u00efra d\u2019l Khroub ont mis hors d\u2019\u00e9tat de nuire une bande de malfaiteurs compos\u00e9e de sept individus dont deux filles \u00e2g\u00e9s entre 20 et 43 ans.<br \/>Les malfaiteurs se sont sp\u00e9cialis\u00e9s dans les agressions et les vols de v\u00e9hicules sous la menace d\u2019armes blanches.<\/p>\n<p>L\u2019affaire a \u00e9t\u00e9 d\u00e9nou\u00e9e en d\u00e9but de semaine suite \u00e0 un signalement d\u2019un citoyen faisant \u00e9tat de la pr\u00e9sence d\u2019un groupe d\u2019individus suspects \u00e0 bord de deux v\u00e9hicules de marques fran\u00e7aise et d\u2019un motocycle stationn\u00e9s au niveau de la zone dite N \u00e0 l\u2019un des quartiers du nouveau p\u00f4le urbain \u00e0 Massinissa-Mausol\u00e9e.<\/p>\n<p>Sit\u00f4t une patrouille sera d\u00e9tach\u00e9e pour une op\u00e9ration de reconnaissance qui s\u2019av\u00e9ra fructueuse.<br \/>Un homme originaire d\u2019une wilaya limitrophe, propri\u00e9taire d\u2019un v\u00e9hicule haut de gamme venait juste d\u2019\u00eatre agress\u00e9 par les membres de la bande et d\u00e9lest\u00e9 sous la menace d\u2019armes blanches, \u00e9p\u00e9es traditionnelles et poignards, d\u2019une somme de 84 millions de centimes et de deux portables apr\u00e8s avoir \u00e9t\u00e9 entrain\u00e9 dans une sourici\u00e8re par une des deux filles.<\/p>\n<p>Les investigations aussit\u00f4t d\u00e9clench\u00e9es ont permis aux enqu\u00eateurs d\u2019identifier en moins d\u2019une heure, apprend-on de source polici\u00e8re, l\u2019un des malfaiteurs, gardien de son \u00e9tat au niveau d\u2019un chantier de construction au niveau de la m\u00eame agglom\u00e9ration.<br \/>Une descente sur les lieux permettra l\u2019arrestation du mis en cause en compagnie de quatre de ses acolyte dont les deux filles.<br \/>L\u2019op\u00e9ration a permis de r\u00e9cup\u00e9rer une bonne partie de la somme subtilis\u00e9s, une arme blanche et plusieurs portables.<br \/>Les interrogatoires auxquels ont \u00e9t\u00e9 soumis les agresseurs permettront aux policiers d\u2019identifier puis d\u2019arr\u00eater les deux autres membres dont le propri\u00e9taire d\u2019un des v\u00e9hicules utilis\u00e9s pour les d\u00e9placements des membres de la bande apr\u00e8s leurs forfaits.<\/p>\n<p>Les sept personnes ont \u00e9t\u00e9 pr\u00e9sent\u00e9es ce mardi devant le procureur du tribunal d\u2019EL-Khroub, ils devront r\u00e9pondre des chefs d\u2019accusation de constitution de groupe de malfaiteurs \u00e0 l\u2019effet de commettre des crimes et d\u00e9lits contre les personnes et les biens, tentative de vol de v\u00e9hicule, vol sous la menace d\u2019armes blanches de cat\u00e9gorie 6, utilisation de v\u00e9hicule pour faciliter la fuite apr\u00e8s forfait, et usurpation d\u2019identit\u00e9 d\u2019autrui, entre autre.\u00a0<br \/>\u00a0<\/p>\n<p>Auteur: Kamel Mansari<br \/>\n<a href=\"http:\/\/www.jeune-independant.net\/Constantine-Sept-individus-dont.html\">Cliquez ici pour lire l&rsquo;article depuis sa source.<\/a><\/p>\n","protected":false},"excerpt":{"rendered":"<p>Les \u00e9l\u00e9ments de la police judiciaire de la suret\u00e9 externe de la localit\u00e9 de Massinissa relevant de la suret\u00e9 de da\u00efra d\u2019l Khroub ont mis hors d\u2019\u00e9tat de nuire une bande de malfaiteurs compos\u00e9e de sept individus dont deux filles \u00e2g\u00e9s entre 20 et 43 ans.Les malfaiteurs se sont sp\u00e9cialis\u00e9s dans les agressions et les [&hellip;]<\/p>\n","protected":false},"author":1737,"featured_media":0,"comment_status":"closed","ping_status":"closed","sticky":false,"template":"","format":"standard","meta":{"fifu_image_url":"","fifu_image_alt":"","footnotes":""},"categories":[73,53],"tags":[],"class_list":["post-88557","post","type-post","status-publish","format-standard","hentry","category-actualite","category-algerie"],"_links":{"self":[{"href":"https:\/\/linitiative.ca\/International\/wp-json\/wp\/v2\/posts\/88557","targetHints":{"allow":["GET"]}}],"collection":[{"href":"https:\/\/linitiative.ca\/International\/wp-json\/wp\/v2\/posts"}],"about":[{"href":"https:\/\/linitiative.ca\/International\/wp-json\/wp\/v2\/types\/post"}],"author":[{"embeddable":true,"href":"https:\/\/linitiative.ca\/International\/wp-json\/wp\/v2\/users\/1737"}],"replies":[{"embeddable":true,"href":"https:\/\/linitiative.ca\/International\/wp-json\/wp\/v2\/comments?post=88557"}],"version-history":[{"count":0,"href":"https:\/\/linitiative.ca\/International\/wp-json\/wp\/v2\/posts\/88557\/revisions"}],"wp:attachment":[{"href":"https:\/\/linitiative.ca\/International\/wp-json\/wp\/v2\/media?parent=88557"}],"wp:term":[{"taxonomy":"category","embeddable":true,"href":"https:\/\/linitiative.ca\/International\/wp-json\/wp\/v2\/categories?post=88557"},{"taxonomy":"post_tag","embeddable":true,"href":"https:\/\/linitiative.ca\/International\/wp-json\/wp\/v2\/tags?post=88557"}],"curies":[{"name":"wp","href":"https:\/\/api.w.org\/{rel}","templated":true}]}}