{"id":88577,"date":"2020-06-10T15:21:05","date_gmt":"2020-06-10T19:21:05","guid":{"rendered":"https:\/\/linitiative.ca\/International\/esperance-de-tunis-raed-fedaa-pourrait-partir-gratuitement\/"},"modified":"2020-06-10T15:21:05","modified_gmt":"2020-06-10T19:21:05","slug":"esperance-de-tunis-raed-fedaa-pourrait-partir-gratuitement","status":"publish","type":"post","link":"https:\/\/linitiative.ca\/International\/esperance-de-tunis-raed-fedaa-pourrait-partir-gratuitement\/","title":{"rendered":"Esp\u00e9rance de Tunis : Raed Fedaa pourrait partir gratuitement"},"content":{"rendered":"<div class=\"post-cont-in left relative\">\n<div class=\"heateor_sss_sharing_container heateor_sss_horizontal_sharing\" heateor-sss-data-href=\"https:\/\/sport.tunisienumerique.com\/esperance-de-tunis-raed-fedaa-pourrait-partir-gratuitement\/\">\n<div class=\"heateor_sss_sharing_title c3\">Cet article vous a \u00e9t\u00e9 utile? Partagez le, il int\u00e9ressera d\u2019autres personnes. Merci!<\/div>\n<ul class=\"heateor_sss_sharing_ul\">\n<li class=\"heateorSssSharingRound\"><em alt=\"Facebook\" title=\"Facebook\" class=\"heateorSssSharing heateorSssFacebookBackground c4\" onclick=\"heateorSssPopup(&quot;https:\/\/www.facebook.com\/sharer\/sharer.php?u=https%3A%2F%2Fsport.tunisienumerique.com%2Fesperance-de-tunis-raed-fedaa-pourrait-partir-gratuitement%2F&quot;)\">\u00a0<\/em><\/li>\n<li class=\"heateorSssSharingRound\"><em alt=\"Twitter\" title=\"Twitter\" class=\"heateorSssSharing heateorSssTwitterBackground c4\" onclick=\"heateorSssPopup(&quot;http:\/\/twitter.com\/intent\/tweet?text=Esp%C3%A9rance%20de%20Tunis%20%3A%20Raed%20Fedaa%20pourrait%20partir%20gratuitement&amp;url=https%3A%2F%2Fsport.tunisienumerique.com%2Fesperance-de-tunis-raed-fedaa-pourrait-partir-gratuitement%2F&quot;)\">\u00a0<\/em><\/li>\n<li class=\"heateorSssSharingRound\"><em alt=\"Linkedin\" title=\"Linkedin\" class=\"heateorSssSharing heateorSssLinkedinBackground c4\" onclick=\"heateorSssPopup(&quot;http:\/\/www.linkedin.com\/shareArticle?mini=true&amp;url=https%3A%2F%2Fsport.tunisienumerique.com%2Fesperance-de-tunis-raed-fedaa-pourrait-partir-gratuitement%2F&amp;title=Esp%C3%A9rance%20de%20Tunis%20%3A%20Raed%20Fedaa%20pourrait%20partir%20gratuitement&quot;)\">\u00a0<\/em><\/li>\n<li class=\"heateorSssSharingRound\"><em alt=\"Google Gmail\" title=\"Google Gmail\" class=\"heateorSssSharing heateorSssGoogleGmailBackground c4\" onclick=\"heateorSssPopup(&quot;https:\/\/mail.google.com\/mail\/?ui=2&amp;view=cm&amp;fs=1&amp;tf=1&amp;su=Esp%C3%A9rance%20de%20Tunis%20%3A%20Raed%20Fedaa%20pourrait%20partir%20gratuitement&amp;body=Link:https%3A%2F%2Fsport.tunisienumerique.com%2Fesperance-de-tunis-raed-fedaa-pourrait-partir-gratuitement%2F&quot;)\">\u00a0<\/em><\/li>\n<li class=\"heateorSssSharingRound\"><em alt=\"Whatsapp\" title=\"Whatsapp\" class=\"heateorSssSharing heateorSssWhatsappBackground c4\"><a href=\"https:\/\/web.whatsapp.com\/send?text=Esp%C3%A9rance%20de%20Tunis%20%3A%20Raed%20Fedaa%20pourrait%20partir%20gratuitement%20https%3A%2F%2Fsport.tunisienumerique.com%2Fesperance-de-tunis-raed-fedaa-pourrait-partir-gratuitement%2F\" rel=\"nofollow noopener noreferrer\" target=\"_blank\">\u00a0<\/a><\/em><\/li>\n<li class=\"heateorSssSharingRound\">\u00a0<\/li>\n<\/ul>\n<\/div>\n<p dir=\"ltr\">L\u2019Esp\u00e9rance Sportive de Tunis pourrait c\u00e9der son joueur Raed Fedaa, gratuitement, cet \u00e9t\u00e9.<\/p>\n<p dir=\"ltr\">Alors que le contrat de l\u2019ailier droit arrive \u00e0 son terme \u00e0 la fin de cette saison, la direction Esp\u00e9rantiste n\u2019a pas encore engag\u00e9 les n\u00e9gociations avec lui.<\/p>\n<div class=\"code-block code-block-1 c6\"><ins class=\"adsbygoogle c5\" data-ad-layout=\"in-article\" data-ad-format=\"fluid\" data-ad-client=\"ca-pub-2102118777505746\" data-ad-slot=\"7301775417\"\/> <\/div>\n<p dir=\"ltr\">Selon les derni\u00e8res informations, Fedaa poss\u00e8de une offre pour rejoindre la formation croate de Lokomotiva Zagreb.<\/p>\n<p><\/p>\n<div class=\"heateor_sss_sharing_container heateor_sss_horizontal_sharing\" heateor-sss-data-href=\"https:\/\/sport.tunisienumerique.com\/esperance-de-tunis-raed-fedaa-pourrait-partir-gratuitement\/\">\n<div class=\"heateor_sss_sharing_title c3\">Cet article vous a \u00e9t\u00e9 utile? Partagez le, il int\u00e9ressera d\u2019autres personnes. Merci!<\/div>\n<ul class=\"heateor_sss_sharing_ul\">\n<li class=\"heateorSssSharingRound\"><em alt=\"Facebook\" title=\"Facebook\" class=\"heateorSssSharing heateorSssFacebookBackground c4\" onclick=\"heateorSssPopup(&quot;https:\/\/www.facebook.com\/sharer\/sharer.php?u=https%3A%2F%2Fsport.tunisienumerique.com%2Fesperance-de-tunis-raed-fedaa-pourrait-partir-gratuitement%2F&quot;)\">\u00a0<\/em><\/li>\n<li class=\"heateorSssSharingRound\"><em alt=\"Twitter\" title=\"Twitter\" class=\"heateorSssSharing heateorSssTwitterBackground c4\" onclick=\"heateorSssPopup(&quot;http:\/\/twitter.com\/intent\/tweet?text=Esp%C3%A9rance%20de%20Tunis%20%3A%20Raed%20Fedaa%20pourrait%20partir%20gratuitement&amp;url=https%3A%2F%2Fsport.tunisienumerique.com%2Fesperance-de-tunis-raed-fedaa-pourrait-partir-gratuitement%2F&quot;)\">\u00a0<\/em><\/li>\n<li class=\"heateorSssSharingRound\"><em alt=\"Linkedin\" title=\"Linkedin\" class=\"heateorSssSharing heateorSssLinkedinBackground c4\" onclick=\"heateorSssPopup(&quot;http:\/\/www.linkedin.com\/shareArticle?mini=true&amp;url=https%3A%2F%2Fsport.tunisienumerique.com%2Fesperance-de-tunis-raed-fedaa-pourrait-partir-gratuitement%2F&amp;title=Esp%C3%A9rance%20de%20Tunis%20%3A%20Raed%20Fedaa%20pourrait%20partir%20gratuitement&quot;)\">\u00a0<\/em><\/li>\n<li class=\"heateorSssSharingRound\"><em alt=\"Google Gmail\" title=\"Google Gmail\" class=\"heateorSssSharing heateorSssGoogleGmailBackground c4\" onclick=\"heateorSssPopup(&quot;https:\/\/mail.google.com\/mail\/?ui=2&amp;view=cm&amp;fs=1&amp;tf=1&amp;su=Esp%C3%A9rance%20de%20Tunis%20%3A%20Raed%20Fedaa%20pourrait%20partir%20gratuitement&amp;body=Link:https%3A%2F%2Fsport.tunisienumerique.com%2Fesperance-de-tunis-raed-fedaa-pourrait-partir-gratuitement%2F&quot;)\">\u00a0<\/em><\/li>\n<li class=\"heateorSssSharingRound\"><em alt=\"Whatsapp\" title=\"Whatsapp\" class=\"heateorSssSharing heateorSssWhatsappBackground c4\"><a href=\"https:\/\/web.whatsapp.com\/send?text=Esp%C3%A9rance%20de%20Tunis%20%3A%20Raed%20Fedaa%20pourrait%20partir%20gratuitement%20https%3A%2F%2Fsport.tunisienumerique.com%2Fesperance-de-tunis-raed-fedaa-pourrait-partir-gratuitement%2F\" rel=\"nofollow noopener noreferrer\" target=\"_blank\">\u00a0<\/a><\/em><\/li>\n<li class=\"heateorSssSharingRound\">\u00a0<\/li>\n<\/ul>\n<\/div>\n<div class=\"mvp-org-wrap mvp-org-logo\" itemprop=\"publisher\" itemscope=\"\" itemtype=\"https:\/\/schema.org\/Organization\"><img decoding=\"async\" src=\"https:\/\/sport.tunisienumerique.com\/wp-content\/uploads\/2017\/05\/logo_tunisie_numerique.png\"\/><\/div>\n<div class=\"mvp-related-posts left relative\">\n<h4 class=\"post-header\"><span class=\"post-header\">Lire aussi<\/span><\/h4>\n<\/div>\n<div id=\"article-ad\"><ins class=\"adsbygoogle c7\" data-ad-client=\"ca-pub-2102118777505746\" data-ad-slot=\"6513972734\" data-ad-format=\"auto\" data-full-width-responsive=\"true\"\/> <\/div>\n<\/div>\n<div id=\"post-sidebar-wrap\"><ins class=\"adsbygoogle c7\" data-ad-client=\"ca-pub-2102118777505746\" data-ad-slot=\"6513972734\" data-ad-format=\"auto\" data-full-width-responsive=\"true\"\/> <\/div>\n<p>Auteur: a.<br \/>\n<a href=\"https:\/\/sport.tunisienumerique.com\/esperance-de-tunis-raed-fedaa-pourrait-partir-gratuitement\/\">Cliquez ici pour lire l&rsquo;article depuis sa source.<\/a><\/p>\n","protected":false},"excerpt":{"rendered":"<p>Cet article vous a \u00e9t\u00e9 utile? Partagez le, il int\u00e9ressera d\u2019autres personnes. Merci! \u00a0 \u00a0 \u00a0 \u00a0 \u00a0 \u00a0 L\u2019Esp\u00e9rance Sportive de Tunis pourrait c\u00e9der son joueur Raed Fedaa, gratuitement, cet \u00e9t\u00e9. Alors que le contrat de l\u2019ailier droit arrive \u00e0 son terme \u00e0 la fin de cette saison, la direction Esp\u00e9rantiste n\u2019a pas encore [&hellip;]<\/p>\n","protected":false},"author":1789,"featured_media":88578,"comment_status":"closed","ping_status":"closed","sticky":false,"template":"","format":"standard","meta":{"fifu_image_url":"","fifu_image_alt":"","footnotes":""},"categories":[73,55],"tags":[],"class_list":["post-88577","post","type-post","status-publish","format-standard","has-post-thumbnail","hentry","category-actualite","category-tunisie"],"_links":{"self":[{"href":"https:\/\/linitiative.ca\/International\/wp-json\/wp\/v2\/posts\/88577","targetHints":{"allow":["GET"]}}],"collection":[{"href":"https:\/\/linitiative.ca\/International\/wp-json\/wp\/v2\/posts"}],"about":[{"href":"https:\/\/linitiative.ca\/International\/wp-json\/wp\/v2\/types\/post"}],"author":[{"embeddable":true,"href":"https:\/\/linitiative.ca\/International\/wp-json\/wp\/v2\/users\/1789"}],"replies":[{"embeddable":true,"href":"https:\/\/linitiative.ca\/International\/wp-json\/wp\/v2\/comments?post=88577"}],"version-history":[{"count":0,"href":"https:\/\/linitiative.ca\/International\/wp-json\/wp\/v2\/posts\/88577\/revisions"}],"wp:featuredmedia":[{"embeddable":true,"href":"https:\/\/linitiative.ca\/International\/wp-json\/"}],"wp:attachment":[{"href":"https:\/\/linitiative.ca\/International\/wp-json\/wp\/v2\/media?parent=88577"}],"wp:term":[{"taxonomy":"category","embeddable":true,"href":"https:\/\/linitiative.ca\/International\/wp-json\/wp\/v2\/categories?post=88577"},{"taxonomy":"post_tag","embeddable":true,"href":"https:\/\/linitiative.ca\/International\/wp-json\/wp\/v2\/tags?post=88577"}],"curies":[{"name":"wp","href":"https:\/\/api.w.org\/{rel}","templated":true}]}}