{"id":88585,"date":"2020-06-10T17:20:52","date_gmt":"2020-06-10T21:20:52","guid":{"rendered":"https:\/\/linitiative.ca\/International\/ligue-1-le-cs-sfaxien-affronte-letoile-du-sahel-en-amical\/"},"modified":"2020-06-10T17:20:52","modified_gmt":"2020-06-10T21:20:52","slug":"ligue-1-le-cs-sfaxien-affronte-letoile-du-sahel-en-amical","status":"publish","type":"post","link":"https:\/\/linitiative.ca\/International\/ligue-1-le-cs-sfaxien-affronte-letoile-du-sahel-en-amical\/","title":{"rendered":"Ligue 1 : Le CS Sfaxien affronte l\u2019Etoile du Sahel en amical"},"content":{"rendered":"<div class=\"post-cont-in left relative\">\n<p>Le Club Sportif Sfaxien a poursuivi ses pr\u00e9paratifs en pr\u00e9vision de la reprise de la Ligue 1 en mettant en place un programme de r\u00e9cup\u00e9ration physique.<\/p>\n<div class=\"code-block code-block-1 c3\"><ins class=\"adsbygoogle c2\" data-ad-layout=\"in-article\" data-ad-format=\"fluid\" data-ad-client=\"ca-pub-2102118777505746\" data-ad-slot=\"7301775417\"\/> <\/div>\n<p>Selon des sources bien inform\u00e9es, la direction Sfaxienne a trouv\u00e9 un accord avec son homologue \u00c9toil\u00e9e pour programmer un match amical entre le CS Sfaxien et l\u2019Etoile du Sahel. Ce duel devrait \u00eatre disput\u00e9 le 21 juin prochain sur la pelouse de Taieb Mehiri \u00e0 Sfax.<\/p>\n<p>Les Sudistes ont d\u00e9j\u00e0 programm\u00e9 une double confrontation amicale face \u00e0 la Jeunesse Sportive Kairouanaise le 27 juin et le 19 juillet.<\/p>\n<div class=\"swp_social_panel swp_horizontal_panel swp_flat_fresh swp_default_full_color swp_individual_full_color swp_other_full_color scale-100 scale-\" data-min-width=\"1100\" data-float-color=\"#ffffff\" data-float=\"bottom\" data-float-mobile=\"bottom\" data-transition=\"slide\">\n<div class=\"nc_tweetContainer swp_share_button total_shares total_sharesalt\"><span class=\"swp_count\">0 <span class=\"swp_label\">Partages<\/span><\/span><\/div>\n<\/div>\n<p><strong>Que se passe-t-il en Tunisie?<\/strong><br \/>Nous expliquons sur notre <a href=\"https:\/\/www.youtube.com\/channel\/UCRzypVq0B_yBad5eGrwBx0Q?sub_confirmation=1\" target=\"_blank\" rel=\"noopener noreferrer\">cha\u00eene YouTube<\/a> . <a href=\"https:\/\/www.youtube.com\/channel\/UCRzypVq0B_yBad5eGrwBx0Q?sub_confirmation=1\" target=\"_blank\" rel=\"noopener noreferrer\">Abonnez-vous!<\/a><\/p>\n<div class=\"mvp-org-wrap mvp-org-logo\" itemprop=\"publisher\" itemscope=\"\" itemtype=\"https:\/\/schema.org\/Organization\"><img decoding=\"async\" src=\"https:\/\/www.tunisienumerique.com\/wp-content\/uploads\/2017\/02\/logo_tunisie_numerique.png\"\/><\/div>\n<div class=\"mvp-related-posts left relative\">\n<h4 class=\"post-header\"><span class=\"post-header\">Lire aussi<\/span><\/h4>\n<\/div>\n<div id=\"article-ad\"><ins class=\"adsbygoogle c4\" data-ad-client=\"ca-pub-2102118777505746\" data-ad-slot=\"6513972734\" data-ad-format=\"auto\" data-full-width-responsive=\"true\"\/> <\/div>\n<\/div>\n<div id=\"post-sidebar-wrap\"><ins class=\"adsbygoogle c4\" data-ad-client=\"ca-pub-2102118777505746\" data-ad-slot=\"6168283410\" data-ad-format=\"auto\" data-full-width-responsive=\"true\"\/> <\/div>\n<p>Auteur:<br \/>\n<a href=\"https:\/\/www.tunisienumerique.com\/ligue-1-le-cs-sfaxien-affronte-letoile-du-sahel-en-amical\/\">Cliquez ici pour lire l&rsquo;article depuis sa source.<\/a><\/p>\n","protected":false},"excerpt":{"rendered":"<p>Le Club Sportif Sfaxien a poursuivi ses pr\u00e9paratifs en pr\u00e9vision de la reprise de la Ligue 1 en mettant en place un programme de r\u00e9cup\u00e9ration physique. Selon des sources bien inform\u00e9es, la direction Sfaxienne a trouv\u00e9 un accord avec son homologue \u00c9toil\u00e9e pour programmer un match amical entre le CS Sfaxien et l\u2019Etoile du Sahel. [&hellip;]<\/p>\n","protected":false},"author":1789,"featured_media":88586,"comment_status":"closed","ping_status":"closed","sticky":false,"template":"","format":"standard","meta":{"fifu_image_url":"","fifu_image_alt":"","footnotes":""},"categories":[73,55],"tags":[],"class_list":["post-88585","post","type-post","status-publish","format-standard","has-post-thumbnail","hentry","category-actualite","category-tunisie"],"_links":{"self":[{"href":"https:\/\/linitiative.ca\/International\/wp-json\/wp\/v2\/posts\/88585","targetHints":{"allow":["GET"]}}],"collection":[{"href":"https:\/\/linitiative.ca\/International\/wp-json\/wp\/v2\/posts"}],"about":[{"href":"https:\/\/linitiative.ca\/International\/wp-json\/wp\/v2\/types\/post"}],"author":[{"embeddable":true,"href":"https:\/\/linitiative.ca\/International\/wp-json\/wp\/v2\/users\/1789"}],"replies":[{"embeddable":true,"href":"https:\/\/linitiative.ca\/International\/wp-json\/wp\/v2\/comments?post=88585"}],"version-history":[{"count":0,"href":"https:\/\/linitiative.ca\/International\/wp-json\/wp\/v2\/posts\/88585\/revisions"}],"wp:featuredmedia":[{"embeddable":true,"href":"https:\/\/linitiative.ca\/International\/wp-json\/"}],"wp:attachment":[{"href":"https:\/\/linitiative.ca\/International\/wp-json\/wp\/v2\/media?parent=88585"}],"wp:term":[{"taxonomy":"category","embeddable":true,"href":"https:\/\/linitiative.ca\/International\/wp-json\/wp\/v2\/categories?post=88585"},{"taxonomy":"post_tag","embeddable":true,"href":"https:\/\/linitiative.ca\/International\/wp-json\/wp\/v2\/tags?post=88585"}],"curies":[{"name":"wp","href":"https:\/\/api.w.org\/{rel}","templated":true}]}}