{"id":88588,"date":"2020-06-10T07:47:12","date_gmt":"2020-06-10T11:47:12","guid":{"rendered":"https:\/\/linitiative.ca\/International\/extension-de-la-gratuite-de-la-pf-la-mesure-contribuera-a-ameliorer-substantiellement-les-indicateurs-de-sante-etienne-koula\/"},"modified":"2020-06-10T07:47:12","modified_gmt":"2020-06-10T11:47:12","slug":"extension-de-la-gratuite-de-la-pf-la-mesure-contribuera-a-ameliorer-substantiellement-les-indicateurs-de-sante-etienne-koula","status":"publish","type":"post","link":"https:\/\/linitiative.ca\/International\/extension-de-la-gratuite-de-la-pf-la-mesure-contribuera-a-ameliorer-substantiellement-les-indicateurs-de-sante-etienne-koula\/","title":{"rendered":"Extension de la gratuit\u00e9 de la PF : \u00abLa mesure contribuera \u00e0 am\u00e9liorer substantiellement les indicateurs de sant\u00e9\u00a0\u00bb, Etienne Koula"},"content":{"rendered":"<div class=\"td-post-featured-image\"><a href=\"https:\/\/www.sidwaya.info\/wp-content\/uploads\/2020\/06\/Koula.jpg\" data-caption=\"\"><img loading=\"lazy\" decoding=\"async\" width=\"696\" height=\"508\" class=\"entry-thumb td-modal-image\" src=\"https:\/\/www.sidwaya.info\/wp-content\/uploads\/2020\/06\/Koula-696x508.jpg\" srcset=\"https:\/\/www.sidwaya.info\/wp-content\/uploads\/2020\/06\/Koula-696x508.jpg 696w, https:\/\/www.sidwaya.info\/wp-content\/uploads\/2020\/06\/Koula-300x219.jpg 300w, https:\/\/www.sidwaya.info\/wp-content\/uploads\/2020\/06\/Koula-575x420.jpg 575w, https:\/\/www.sidwaya.info\/wp-content\/uploads\/2020\/06\/Koula-324x235.jpg 324w, https:\/\/www.sidwaya.info\/wp-content\/uploads\/2020\/06\/Koula.jpg 757w\" sizes=\"auto, (max-width: 696px) 100vw, 696px\" alt=\"\" title=\"Koula\"\/><\/a><\/div>\n<p><strong>Le gouvernement a d\u00e9cid\u00e9, mercredi 3 juin 2020, en Conseil des ministres, d\u2019\u00e9tendre la gratuit\u00e9 de la planification familiale (PF) au plan national, apr\u00e8s une phase pilote dont il a jug\u00e9 les \u00ab\u00a0r\u00e9sultats satisfaisants\u00a0\u00bb. La d\u00e9cision de l\u2019ex\u00e9cutif est bien accueillie par les acteurs de la soci\u00e9t\u00e9 civile qui ont lutt\u00e9 \u00e0 cet effet. Le charg\u00e9 de Plaidoyer et Communication \u00e0 SOS\/Jeunesse et D\u00e9fis, Etienne Koula salue une d\u00e9cision, dans les lignes qui suivent, \u00ab\u00a0tr\u00e8s attendue\u00a0\u00bb qui va soulager la population.<\/strong><\/p>\n<p><strong>Sidwaya (S.)\u00a0: En Conseil des ministres, le gouvernement \u00e9tend la gratuit\u00e9 de la PF \u00e0 l\u2019\u00e9chelle nationale. En tant qu\u2019acteur de la soci\u00e9t\u00e9 civile, quelle a \u00e9t\u00e9 votre r\u00e9action quand vous l\u2019avez appris\u00a0?<\/strong><\/p>\n<p><strong>Etienne Koula (E.K.)<\/strong>\u00a0: J\u2019\u00e9tais vraiment soulag\u00e9, car cet acte vient renforcer notre message sur la gratuit\u00e9 de la PF \u00e0 l\u2019endroit de la population et surtout des cibles privil\u00e9gi\u00e9es de la PF. C\u2019est une d\u00e9cision qui \u00e9tait tr\u00e8s attendue.<\/p>\n<div class=\"td-a-rec td-a-rec-id-content_inline tdi_30_465 td_block_template_1\"><img loading=\"lazy\" decoding=\"async\" class=\"aligncenter size-full wp-image-21314\" src=\"https:\/\/www.sidwaya.info\/wp-content\/uploads\/2020\/04\/Bandeau-Covid-19-Sidwaya-1.jpg\" alt=\"\" width=\"790\" height=\"98\"\/><\/div>\n<p><strong>S.: Que faut-il entendre par extension \u00e0 l\u2019\u00e9chelle nationale ?<\/strong><\/p>\n<p>E.K. : Cette id\u00e9e vient \u00e9galement du fait que la gratuit\u00e9 de la PF avait \u00e9t\u00e9 exp\u00e9riment\u00e9e dans deux r\u00e9gions (centre-Ouest et les Cascades) avant la mise en \u00e9chelle. Cela veut dire que la PF est gratuite sur l\u2019ensemble du territoire du Burkina<\/p>\n<p><strong>S.: Qu\u2019est-ce qui a milit\u00e9 en faveur de cette extension ? Est-ce qu\u2019il y avait n\u00e9cessit\u00e9 ?<\/strong><\/p>\n<p>E.K.: Cette extension est synonyme de respect de l\u2019engagement du gouvernement \u00e0 rendre disponibles les services de la PF aux populations annonc\u00e9 en fin de l\u2019ann\u00e9e pass\u00e9e. Cette extension tire sa source des engagements pris par le minist\u00e8re de la Sant\u00e9 du Burkina au sommet de Londres en juillet 2017 o\u00f9 le gouvernement Burkinab\u00e9 s\u2019\u00e9tait engag\u00e9 \u00e0 augmenter d\u2019au moins 10% chaque ann\u00e9e la ligne budg\u00e9taire allou\u00e9e par l\u2019Etat \u00e0 l\u2019achat des produits contraceptifs de 2017 \u00e0 2020. Il a aussi promis d\u2019amener d\u2019ici 2020, 50% des collectivit\u00e9s territoriales \u00e0 inscrire une ligne dans les budgets communaux pour le financement des activit\u00e9s de PF \u00e0 partir de 2018. L\u2019un des engagements forts \u00e9tait d\u2019assurer la gratuit\u00e9 de la planification familiale.<\/p>\n<p><strong>\u00a0S.<\/strong><strong>: Quelles sont les prestations concern\u00e9es\u00a0?<\/strong><\/p>\n<p><strong>E.K.<\/strong>\u00a0: Les prestations \u00e9ligibles concernent cinq biens et services disponibles dans le centre de sant\u00e9. Il s\u2019agit de l\u2019ensemble des actes des professionnels de sant\u00e9 ( notamment les consultations, le counseling, les interventions chirurgicales, l\u2019insertion et le retrait des implants et du DIU, etc.), des m\u00e9dicaments essentiels g\u00e9n\u00e9riques prioritairement, des m\u00e9dicaments de sp\u00e9cialit\u00e9s n\u00e9cessaires n\u2019existant pas sous forme g\u00e9n\u00e9rique arr\u00eat\u00e9s selon une liste pr\u00e9alablement \u00e9tablie par le comit\u00e9 th\u00e9rapeutique, des produits contraceptifs, des consommables m\u00e9dicaux et d\u2019imagerie m\u00e9dicale. Il y a \u00e9galement les examens compl\u00e9mentaires n\u00e9cessaires \u00e0 la prise en charge, la mise en observation et l\u2019hospitalisation. Enfin, on a la dotation en carburant pour les \u00e9vacuations sanitaires \u00e0 l\u2019int\u00e9rieur du pays y compris les \u00e9vacuations des cas de complication li\u00e9e aux prestations de PF.<\/p>\n<p><strong>S.: La mesure sera-t-elle mise en \u0153uvre que par les formations sanitaires du\u00a0 public?<\/strong><\/p>\n<p>E.K.\u00a0: La mesure est mise en \u0153uvre par le Minist\u00e8re de la sant\u00e9 avec l\u2019appui de ses collaborateurs et partenaires au profit des populations.<\/p>\n<p><strong>S.: Comment votre structure compte-t-elle mettre en pratique cette mesure ?<\/strong><\/p>\n<p>E.K.: Notre structure contribue en tant que partenaire du Minist\u00e8re de la sant\u00e9 \u00e0 la mise en \u0153uvre de la gratuit\u00e9 des soins et services de la planification familiale.<\/p>\n<p><strong>S.: Quel peut \u00eatre son impact sur les indicateurs de sant\u00e9 et de d\u00e9mographie\u2026 ?<\/strong><\/p>\n<p>E.K.\u00a0: Cette mesure de gratuit\u00e9 contribuera substantiellement \u00e0 am\u00e9liorer les indicateurs de sant\u00e9 comme la r\u00e9duction de la mortalit\u00e9 maternelle d\u2019une part et la ma\u00eetrise de la d\u00e9mographie d\u2019autre part afin de booster le d\u00e9veloppement<\/p>\n<p><strong>S.: Il y a eu une phase pilote ex\u00e9cut\u00e9e dans les Cascades et le Centre-ouest. Quel bilan peut-on en tirer ?<\/strong><\/p>\n<p>E.K.\u00a0: Cette phase pilote mise en \u0153uvre dans les deux r\u00e9gions a donn\u00e9 des r\u00e9sultats probants. Elle a contribu\u00e9 \u00e0 am\u00e9liorer les indicateurs de sant\u00e9 plus particuli\u00e8rement dans ces zone si notamment deux des grands indicateurs : la r\u00e9duction de la mortalit\u00e9 maternelle et la ma\u00eetrise de la d\u00e9mographie.<\/p>\n<p><strong>S.: Quelles sont les difficult\u00e9s rencontr\u00e9es durant cette phase pilote ?<\/strong><\/p>\n<p>E.K.: Selon les r\u00e9sultats de la phase pilote, une des difficult\u00e9s majeures est l\u2019insuffisance des ressources financi\u00e8res pour faciliter la coordination des actions.<\/p>\n<p><strong>S.: Etendre l\u2019acc\u00e8s \u00e0 la PF au plan national est une chose, la disponibilit\u00e9 des services de PF et la fr\u00e9quentation des centres de sant\u00e9 en est une autre\u2026 Qu\u2019est-ce qui sera fait \u00e0 ce niveau ?<\/strong><\/p>\n<p>E.K.: La mise \u00e0 l\u2019\u00e9chelle de la gratuit\u00e9 de la PF pr\u00e9sente assez de d\u00e9fis en termes de coordination, pr\u00e9paration, formation des prestataires et la mobilisation des ressources pour son effectivit\u00e9. Pour garantir la disponibilit\u00e9 des services de PF et la fr\u00e9quentation des centres de sant\u00e9, une strat\u00e9gie a \u00e9t\u00e9 d\u00e9velopp\u00e9e associant et impliquant toutes les composantes, acteurs \u00e9tatiques, secteur priv\u00e9, soci\u00e9t\u00e9 civile, pour leur contribution \u00e0 sa r\u00e9ussite.<\/p>\n<p><strong>S\u00a0: Avec cette d\u00e9cision qui sonne comme une victoire, est-ce la fin du combat\u00a0?<\/strong><\/p>\n<p>E.K.: Cette d\u00e9cision n\u2019est que le d\u00e9but des choses car la mobilisation locale des ressources s\u2019av\u00e8re n\u00e9cessaire pour \u00e9viter de compter sur les partenaires techniques et financiers pour le financement de la gratuit\u00e9. Cette action reste permanente et d\u00e9terminante pour assurer avec dignit\u00e9 la gratuit\u00e9 surtout quand on sait que les PTF contribuent en grande proportion au financement de la PF dans nos pays.<\/p>\n<p class=\"c1\"><strong>Entretien r\u00e9alis\u00e9 par Djakaridia SIRIBIE<\/strong><\/p>\n<div class=\"td-a-rec td-a-rec-id-content_bottom tdi_31_5f2 td_block_template_1\"><img loading=\"lazy\" decoding=\"async\" class=\"aligncenter size-full wp-image-22415\" src=\"https:\/\/www.sidwaya.info\/wp-content\/uploads\/2020\/05\/Bandeau-paiement-mobile-site.png\" alt=\"\" width=\"728\" height=\"90\"\/><\/div>\n<p>Auteur: BS. Sidwaya<br \/>\n<a href=\"https:\/\/www.sidwaya.info\/blog\/2020\/06\/10\/extension-de-la-gratuite-de-la-planification-familiale-la-mesure-contribuera-a-ameliorer-substantiellement-les-indicateurs-de-sante-etienne-koula\/\">Cliquez ici pour lire l&rsquo;article depuis sa source.<\/a><\/p>\n","protected":false},"excerpt":{"rendered":"<p>Le gouvernement a d\u00e9cid\u00e9, mercredi 3 juin 2020, en Conseil des ministres, d\u2019\u00e9tendre la gratuit\u00e9 de la planification familiale (PF) au plan national, apr\u00e8s une phase pilote dont il a jug\u00e9 les \u00ab\u00a0r\u00e9sultats satisfaisants\u00a0\u00bb. La d\u00e9cision de l\u2019ex\u00e9cutif est bien accueillie par les acteurs de la soci\u00e9t\u00e9 civile qui ont lutt\u00e9 \u00e0 cet effet. Le [&hellip;]<\/p>\n","protected":false},"author":1816,"featured_media":88589,"comment_status":"closed","ping_status":"closed","sticky":false,"template":"","format":"standard","meta":{"fifu_image_url":"","fifu_image_alt":"","footnotes":""},"categories":[73,81],"tags":[],"class_list":["post-88588","post","type-post","status-publish","format-standard","has-post-thumbnail","hentry","category-actualite","category-burkina-faso"],"_links":{"self":[{"href":"https:\/\/linitiative.ca\/International\/wp-json\/wp\/v2\/posts\/88588","targetHints":{"allow":["GET"]}}],"collection":[{"href":"https:\/\/linitiative.ca\/International\/wp-json\/wp\/v2\/posts"}],"about":[{"href":"https:\/\/linitiative.ca\/International\/wp-json\/wp\/v2\/types\/post"}],"author":[{"embeddable":true,"href":"https:\/\/linitiative.ca\/International\/wp-json\/wp\/v2\/users\/1816"}],"replies":[{"embeddable":true,"href":"https:\/\/linitiative.ca\/International\/wp-json\/wp\/v2\/comments?post=88588"}],"version-history":[{"count":0,"href":"https:\/\/linitiative.ca\/International\/wp-json\/wp\/v2\/posts\/88588\/revisions"}],"wp:featuredmedia":[{"embeddable":true,"href":"https:\/\/linitiative.ca\/International\/wp-json\/"}],"wp:attachment":[{"href":"https:\/\/linitiative.ca\/International\/wp-json\/wp\/v2\/media?parent=88588"}],"wp:term":[{"taxonomy":"category","embeddable":true,"href":"https:\/\/linitiative.ca\/International\/wp-json\/wp\/v2\/categories?post=88588"},{"taxonomy":"post_tag","embeddable":true,"href":"https:\/\/linitiative.ca\/International\/wp-json\/wp\/v2\/tags?post=88588"}],"curies":[{"name":"wp","href":"https:\/\/api.w.org\/{rel}","templated":true}]}}