{"id":88590,"date":"2020-06-10T14:28:20","date_gmt":"2020-06-10T18:28:20","guid":{"rendered":"https:\/\/linitiative.ca\/International\/covid-19-au-burkina-faso-12-nouvelles-guerisons-et-00-cas-confirme\/"},"modified":"2020-06-10T14:28:20","modified_gmt":"2020-06-10T18:28:20","slug":"covid-19-au-burkina-faso-12-nouvelles-guerisons-et-00-cas-confirme","status":"publish","type":"post","link":"https:\/\/linitiative.ca\/International\/covid-19-au-burkina-faso-12-nouvelles-guerisons-et-00-cas-confirme\/","title":{"rendered":"COVID-19 au Burkina Faso: 12 nouvelles gu\u00e9risons et 00 cas confirm\u00e9\u00a0"},"content":{"rendered":"<div class=\"td-post-sharing-top td-post-sharing td-ps-bg td-ps-padding td-ps-bar td-post-sharing-style6\">\n<div class=\"td-post-sharing-visible\"><a class=\"td-social-sharing-button td-social-sharing-button-js td-social-network td-social-facebook\" href=\"https:\/\/www.facebook.com\/sharer.php?u=https%3A%2F%2Fwww.sidwaya.info%2Fblog%2F2020%2F06%2F10%2Fcovid-19-au-burkina-faso-12-nouvelles-guerisons-et-00-cas-confirme%2F\"\/><\/p>\n<p>Facebook<\/p>\n<p><a class=\"td-social-sharing-button td-social-sharing-button-js td-social-network td-social-twitter\" href=\"https:\/\/twitter.com\/intent\/tweet?text=COVID-19+au+Burkina+Faso%3A+12+nouvelles+gu%C3%A9risons+et+00+cas+confirm%C3%A9%C2%A0&amp;url=https%3A%2F%2Fwww.sidwaya.info%2Fblog%2F2020%2F06%2F10%2Fcovid-19-au-burkina-faso-12-nouvelles-guerisons-et-00-cas-confirme%2F&amp;via=Quotidien+Sidwaya\"\/><\/p>\n<p>Twitter<\/p>\n<p><a class=\"td-social-sharing-button td-social-sharing-button-js td-social-network td-social-pinterest\" href=\"https:\/\/pinterest.com\/pin\/create\/button\/?url=https:\/\/www.sidwaya.info\/blog\/2020\/06\/10\/covid-19-au-burkina-faso-12-nouvelles-guerisons-et-00-cas-confirme\/&amp;media=https:\/\/www.sidwaya.info\/wp-content\/uploads\/2020\/06\/t\u00e9l\u00e9chargement-2.jpg&amp;description=COVID-19+au+Burkina+Faso%3A+12+nouvelles+gu%C3%A9risons+et+00+cas+confirm%C3%A9%C2%A0\"\/><\/p>\n<p>Pinterest<\/p>\n<p><a class=\"td-social-sharing-button td-social-sharing-button-js td-social-network td-social-whatsapp\" href=\"whatsapp:\/\/send?text=COVID-19+au+Burkina+Faso%3A+12+nouvelles+gu%C3%A9risons+et+00+cas+confirm%C3%A9%C2%A0%20%0A%0A%20https:\/\/www.sidwaya.info\/blog\/2020\/06\/10\/covid-19-au-burkina-faso-12-nouvelles-guerisons-et-00-cas-confirme\/\"\/><\/p>\n<p>WhatsApp<\/p>\n<p><a class=\"td-social-sharing-button td-social-sharing-button-js td-social-network td-social-linkedin\" href=\"https:\/\/www.linkedin.com\/shareArticle?mini=true&amp;url=https:\/\/www.sidwaya.info\/blog\/2020\/06\/10\/covid-19-au-burkina-faso-12-nouvelles-guerisons-et-00-cas-confirme\/&amp;title=COVID-19+au+Burkina+Faso%3A+12+nouvelles+gu%C3%A9risons+et+00+cas+confirm%C3%A9%C2%A0\"\/><\/p>\n<p>Linkedin<\/p>\n<p><a class=\"td-social-sharing-button td-social-sharing-button-js td-social-network td-social-mail\" href=\"mailto:?subject=COVID-19%20au%20Burkina%20Faso:%2012%20nouvelles%20gu%C3%A9risons%20et%2000%20cas%20confirm%C3%A9%C2%A0&amp;body=https:\/\/www.sidwaya.info\/blog\/2020\/06\/10\/covid-19-au-burkina-faso-12-nouvelles-guerisons-et-00-cas-confirme\/\"\/><\/p>\n<p>Email<\/p>\n<p><a class=\"td-social-sharing-button td-social-sharing-button-js td-social-network td-social-print\" href=\"#\"\/><\/p>\n<p>Print<\/p>\n<p><a class=\"td-social-sharing-button td-social-sharing-button-js td-social-network td-social-tumblr\" href=\"https:\/\/www.tumblr.com\/share\/link?url=https:\/\/www.sidwaya.info\/blog\/2020\/06\/10\/covid-19-au-burkina-faso-12-nouvelles-guerisons-et-00-cas-confirme\/&amp;name=COVID-19%20au%20Burkina%20Faso:%2012%20nouvelles%20gu%C3%A9risons%20et%2000%20cas%20confirm%C3%A9%C2%A0\"\/><\/p>\n<p>Tumblr<\/p>\n<p><a class=\"td-social-sharing-button td-social-sharing-button-js td-social-network td-social-telegram\" href=\"https:\/\/telegram.me\/share\/url?url=https:\/\/www.sidwaya.info\/blog\/2020\/06\/10\/covid-19-au-burkina-faso-12-nouvelles-guerisons-et-00-cas-confirme\/&amp;text=COVID-19+au+Burkina+Faso%3A+12+nouvelles+gu%C3%A9risons+et+00+cas+confirm%C3%A9%C2%A0\"\/><\/p>\n<p>Telegram<\/p>\n<p><a class=\"td-social-sharing-button td-social-sharing-button-js td-social-network td-social-viber\" href=\"viber:\/\/forward?text=COVID-19+au+Burkina+Faso%3A+12+nouvelles+gu%C3%A9risons+et+00+cas+confirm%C3%A9%C2%A0%20https:\/\/www.sidwaya.info\/blog\/2020\/06\/10\/covid-19-au-burkina-faso-12-nouvelles-guerisons-et-00-cas-confirme\/\"\/><\/p>\n<p>Viber<\/p>\n<p><a class=\"td-social-sharing-button td-social-sharing-button-js td-social-network td-social-naver\" href=\"https:\/\/share.naver.com\/web\/shareView.nhn?url=https:\/\/www.sidwaya.info\/blog\/2020\/06\/10\/covid-19-au-burkina-faso-12-nouvelles-guerisons-et-00-cas-confirme\/&amp;title=COVID-19+au+Burkina+Faso%3A+12+nouvelles+gu%C3%A9risons+et+00+cas+confirm%C3%A9%C2%A0\"\/><\/p>\n<p>Naver<\/p>\n<\/div>\n<\/div>\n<div class=\"td-post-content tagdiv-type\" readability=\"40\">\n<div class=\"td-post-featured-image\"><a href=\"https:\/\/www.sidwaya.info\/wp-content\/uploads\/2020\/06\/t\u00e9l\u00e9chargement-2.jpg\" data-caption=\"\"><img loading=\"lazy\" decoding=\"async\" width=\"317\" height=\"129\" class=\"entry-thumb td-modal-image\" src=\"https:\/\/www.sidwaya.info\/wp-content\/uploads\/2020\/06\/t\u00e9l\u00e9chargement-2.jpg\" srcset=\"https:\/\/www.sidwaya.info\/wp-content\/uploads\/2020\/06\/t&#xE9;l&#xE9;chargement-2.jpg 317w, https:\/\/www.sidwaya.info\/wp-content\/uploads\/2020\/06\/t&#xE9;l&#xE9;chargement-2-300x122.jpg 300w\" sizes=\"auto, (max-width: 317px) 100vw, 317px\" alt=\"\" title=\"t&#xE9;l&#xE9;chargement\"\/><\/a><\/div>\n<p>A la date du 08 juin 2020, la situation de la maladie \u00e0 Coronavirus au Burkina Faso se pr\u00e9sente comme suit :<br \/>133 \u00e9chantillons analys\u00e9s, r\u00e9partis en :<br \/>\u2013 22 tests d\u2019h\u00e9modialys\u00e9s ;<br \/>\u2013 29 tests de cas contacts;<br \/>\u2013 42 tests d\u2019agents de sant\u00e9 ;<br \/>\u2013 26 tests de voyageurs ;<br \/>\u2013 11 tests de cas suspects ;<br \/>\u2013 32 tests de contr\u00f4les ;<br \/>Nombre de nouveaux cas confirm\u00e9s : 00 ;<br \/>Nombre de gu\u00e9risons : 12, portant \u00e0 790, le total des gu\u00e9risons ;<br \/>Nombre de d\u00e9c\u00e8s : 00, total des d\u00e9c\u00e8s 53 ;<br \/>Nombre de cas actifs : 48 ;<br \/>Nombre de cas confirm\u00e9s depuis le 09 mars 2020 : 891 dont 323 femmes et 568 hommes.<br \/>Le gouvernement remercie tous les acteurs pour leur engagement et leur d\u00e9termination dans la lutte contre la COVID-19.<\/p>\n<p>communiqu\u00e9 du SIG<\/p>\n<p><img loading=\"lazy\" decoding=\"async\" class=\"alignleft size-full wp-image-23128\" src=\"https:\/\/www.sidwaya.info\/wp-content\/uploads\/2020\/06\/102411432_1212066335803074_3602842503765320926_n.jpg\" alt=\"\" width=\"621\" height=\"877\" srcset=\"https:\/\/www.sidwaya.info\/wp-content\/uploads\/2020\/06\/102411432_1212066335803074_3602842503765320926_n.jpg 621w, https:\/\/www.sidwaya.info\/wp-content\/uploads\/2020\/06\/102411432_1212066335803074_3602842503765320926_n-212x300.jpg 212w, https:\/\/www.sidwaya.info\/wp-content\/uploads\/2020\/06\/102411432_1212066335803074_3602842503765320926_n-297x420.jpg 297w\" sizes=\"auto, (max-width: 621px) 100vw, 621px\"\/><\/p>\n<div class=\"td-a-rec td-a-rec-id-content_inline tdi_30_25f td_block_template_1\"><img loading=\"lazy\" decoding=\"async\" class=\"aligncenter size-full wp-image-21314\" src=\"https:\/\/www.sidwaya.info\/wp-content\/uploads\/2020\/04\/Bandeau-Covid-19-Sidwaya-1.jpg\" alt=\"\" width=\"790\" height=\"98\"\/><\/div>\n<div class=\"td-a-rec td-a-rec-id-content_bottom tdi_31_5b3 td_block_template_1\"><img loading=\"lazy\" decoding=\"async\" class=\"aligncenter size-full wp-image-22415\" src=\"https:\/\/www.sidwaya.info\/wp-content\/uploads\/2020\/05\/Bandeau-paiement-mobile-site.png\" alt=\"\" width=\"728\" height=\"90\"\/><\/div>\n<\/div>\n<footer>\n<div class=\"td-post-sharing-bottom\">\n<p><iframe frameborder=\"0\" src=\"https:\/\/www.facebook.com\/plugins\/like.php?href=https:\/\/www.sidwaya.info\/blog\/2020\/06\/10\/covid-19-au-burkina-faso-12-nouvelles-guerisons-et-00-cas-confirme\/&amp;layout=button_count&amp;show_faces=false&amp;width=105&amp;action=like&amp;colorscheme=light&amp;height=21\" class=\"c1\">[embedded content]<\/iframe><\/p>\n<div id=\"td_social_sharing_article_bottom\" class=\"td-post-sharing td-ps-bg td-ps-padding td-post-sharing-style7\">\n<div class=\"td-post-sharing-visible\"><a class=\"td-social-sharing-button td-social-sharing-button-js td-social-network td-social-facebook\" href=\"https:\/\/www.facebook.com\/sharer.php?u=https%3A%2F%2Fwww.sidwaya.info%2Fblog%2F2020%2F06%2F10%2Fcovid-19-au-burkina-faso-12-nouvelles-guerisons-et-00-cas-confirme%2F\"\/><\/p>\n<p>Facebook<\/p>\n<p><a class=\"td-social-sharing-button td-social-sharing-button-js td-social-network td-social-twitter\" href=\"https:\/\/twitter.com\/intent\/tweet?text=COVID-19+au+Burkina+Faso%3A+12+nouvelles+gu%C3%A9risons+et+00+cas+confirm%C3%A9%C2%A0&amp;url=https%3A%2F%2Fwww.sidwaya.info%2Fblog%2F2020%2F06%2F10%2Fcovid-19-au-burkina-faso-12-nouvelles-guerisons-et-00-cas-confirme%2F&amp;via=Quotidien+Sidwaya\"\/><\/p>\n<p>Twitter<\/p>\n<p><a class=\"td-social-sharing-button td-social-sharing-button-js td-social-network td-social-pinterest\" href=\"https:\/\/pinterest.com\/pin\/create\/button\/?url=https:\/\/www.sidwaya.info\/blog\/2020\/06\/10\/covid-19-au-burkina-faso-12-nouvelles-guerisons-et-00-cas-confirme\/&amp;media=https:\/\/www.sidwaya.info\/wp-content\/uploads\/2020\/06\/t\u00e9l\u00e9chargement-2.jpg&amp;description=COVID-19+au+Burkina+Faso%3A+12+nouvelles+gu%C3%A9risons+et+00+cas+confirm%C3%A9%C2%A0\"\/><\/p>\n<p>Pinterest<\/p>\n<p><a class=\"td-social-sharing-button td-social-sharing-button-js td-social-network td-social-whatsapp\" href=\"whatsapp:\/\/send?text=COVID-19+au+Burkina+Faso%3A+12+nouvelles+gu%C3%A9risons+et+00+cas+confirm%C3%A9%C2%A0%20%0A%0A%20https:\/\/www.sidwaya.info\/blog\/2020\/06\/10\/covid-19-au-burkina-faso-12-nouvelles-guerisons-et-00-cas-confirme\/\"\/><\/p>\n<p>WhatsApp<\/p>\n<p><a class=\"td-social-sharing-button td-social-sharing-button-js td-social-network td-social-linkedin\" href=\"https:\/\/www.linkedin.com\/shareArticle?mini=true&amp;url=https:\/\/www.sidwaya.info\/blog\/2020\/06\/10\/covid-19-au-burkina-faso-12-nouvelles-guerisons-et-00-cas-confirme\/&amp;title=COVID-19+au+Burkina+Faso%3A+12+nouvelles+gu%C3%A9risons+et+00+cas+confirm%C3%A9%C2%A0\"\/><\/p>\n<p>Linkedin<\/p>\n<p><a class=\"td-social-sharing-button td-social-sharing-button-js td-social-network td-social-mail\" href=\"mailto:?subject=COVID-19%20au%20Burkina%20Faso:%2012%20nouvelles%20gu%C3%A9risons%20et%2000%20cas%20confirm%C3%A9%C2%A0&amp;body=https:\/\/www.sidwaya.info\/blog\/2020\/06\/10\/covid-19-au-burkina-faso-12-nouvelles-guerisons-et-00-cas-confirme\/\"\/><\/p>\n<p>Email<\/p>\n<p><a class=\"td-social-sharing-button td-social-sharing-button-js td-social-network td-social-print\" href=\"#\"\/><\/p>\n<p>Print<\/p>\n<p><a class=\"td-social-sharing-button td-social-sharing-button-js td-social-network td-social-tumblr\" href=\"https:\/\/www.tumblr.com\/share\/link?url=https:\/\/www.sidwaya.info\/blog\/2020\/06\/10\/covid-19-au-burkina-faso-12-nouvelles-guerisons-et-00-cas-confirme\/&amp;name=COVID-19%20au%20Burkina%20Faso:%2012%20nouvelles%20gu%C3%A9risons%20et%2000%20cas%20confirm%C3%A9%C2%A0\"\/><\/p>\n<p>Tumblr<\/p>\n<p><a class=\"td-social-sharing-button td-social-sharing-button-js td-social-network td-social-telegram\" href=\"https:\/\/telegram.me\/share\/url?url=https:\/\/www.sidwaya.info\/blog\/2020\/06\/10\/covid-19-au-burkina-faso-12-nouvelles-guerisons-et-00-cas-confirme\/&amp;text=COVID-19+au+Burkina+Faso%3A+12+nouvelles+gu%C3%A9risons+et+00+cas+confirm%C3%A9%C2%A0\"\/><\/p>\n<p>Telegram<\/p>\n<p><a class=\"td-social-sharing-button td-social-sharing-button-js td-social-network td-social-viber\" href=\"viber:\/\/forward?text=COVID-19+au+Burkina+Faso%3A+12+nouvelles+gu%C3%A9risons+et+00+cas+confirm%C3%A9%C2%A0%20https:\/\/www.sidwaya.info\/blog\/2020\/06\/10\/covid-19-au-burkina-faso-12-nouvelles-guerisons-et-00-cas-confirme\/\"\/><\/p>\n<p>Viber<\/p>\n<p><a class=\"td-social-sharing-button td-social-sharing-button-js td-social-network td-social-naver\" href=\"https:\/\/share.naver.com\/web\/shareView.nhn?url=https:\/\/www.sidwaya.info\/blog\/2020\/06\/10\/covid-19-au-burkina-faso-12-nouvelles-guerisons-et-00-cas-confirme\/&amp;title=COVID-19+au+Burkina+Faso%3A+12+nouvelles+gu%C3%A9risons+et+00+cas+confirm%C3%A9%C2%A0\"\/><\/p>\n<p>Naver<\/p>\n<\/div>\n<\/div>\n<\/div>\n<div class=\"td-block-row td-post-next-prev\">\n<div class=\"td-block-span6 td-post-prev-post td-post-next-prev-content\"><span>Article pr\u00e9c\u00e9dent<\/span><a href=\"https:\/\/www.sidwaya.info\/blog\/2020\/06\/10\/extension-de-la-gratuite-de-la-planification-familiale-la-mesure-contribuera-a-ameliorer-substantiellement-les-indicateurs-de-sante-etienne-koula\/\">Extension de la gratuit\u00e9 de la PF : \u00abLa mesure contribuera \u00e0 am\u00e9liorer substantiellement les indicateurs de sant\u00e9\u00a0\u00bb, Etienne Koula<\/a><\/div>\n<\/div>\n<\/footer>\n<p>Auteur: BS. Sidwaya<br \/>\n<a href=\"https:\/\/www.sidwaya.info\/blog\/2020\/06\/10\/covid-19-au-burkina-faso-12-nouvelles-guerisons-et-00-cas-confirme\/\">Cliquez ici pour lire l&rsquo;article depuis sa source.<\/a><\/p>\n","protected":false},"excerpt":{"rendered":"<p>Facebook Twitter Pinterest WhatsApp Linkedin Email Print Tumblr Telegram Viber Naver A la date du 08 juin 2020, la situation de la maladie \u00e0 Coronavirus au Burkina Faso se pr\u00e9sente comme suit :133 \u00e9chantillons analys\u00e9s, r\u00e9partis en :\u2013 22 tests d\u2019h\u00e9modialys\u00e9s ;\u2013 29 tests de cas contacts;\u2013 42 tests d\u2019agents de sant\u00e9 ;\u2013 26 tests [&hellip;]<\/p>\n","protected":false},"author":1816,"featured_media":88591,"comment_status":"closed","ping_status":"closed","sticky":false,"template":"","format":"standard","meta":{"fifu_image_url":"","fifu_image_alt":"","footnotes":""},"categories":[73,81],"tags":[],"class_list":["post-88590","post","type-post","status-publish","format-standard","has-post-thumbnail","hentry","category-actualite","category-burkina-faso"],"_links":{"self":[{"href":"https:\/\/linitiative.ca\/International\/wp-json\/wp\/v2\/posts\/88590","targetHints":{"allow":["GET"]}}],"collection":[{"href":"https:\/\/linitiative.ca\/International\/wp-json\/wp\/v2\/posts"}],"about":[{"href":"https:\/\/linitiative.ca\/International\/wp-json\/wp\/v2\/types\/post"}],"author":[{"embeddable":true,"href":"https:\/\/linitiative.ca\/International\/wp-json\/wp\/v2\/users\/1816"}],"replies":[{"embeddable":true,"href":"https:\/\/linitiative.ca\/International\/wp-json\/wp\/v2\/comments?post=88590"}],"version-history":[{"count":0,"href":"https:\/\/linitiative.ca\/International\/wp-json\/wp\/v2\/posts\/88590\/revisions"}],"wp:featuredmedia":[{"embeddable":true,"href":"https:\/\/linitiative.ca\/International\/wp-json\/"}],"wp:attachment":[{"href":"https:\/\/linitiative.ca\/International\/wp-json\/wp\/v2\/media?parent=88590"}],"wp:term":[{"taxonomy":"category","embeddable":true,"href":"https:\/\/linitiative.ca\/International\/wp-json\/wp\/v2\/categories?post=88590"},{"taxonomy":"post_tag","embeddable":true,"href":"https:\/\/linitiative.ca\/International\/wp-json\/wp\/v2\/tags?post=88590"}],"curies":[{"name":"wp","href":"https:\/\/api.w.org\/{rel}","templated":true}]}}