{"id":88595,"date":"2020-06-10T13:33:39","date_gmt":"2020-06-10T17:33:39","guid":{"rendered":"https:\/\/linitiative.ca\/International\/cameroun-les-sous-prefets-autorises-a-signer-les-originaux-de-diplomes-des-candidats-aux-concours-a-la-fonction-publique\/"},"modified":"2020-06-10T13:33:39","modified_gmt":"2020-06-10T17:33:39","slug":"cameroun-les-sous-prefets-autorises-a-signer-les-originaux-de-diplomes-des-candidats-aux-concours-a-la-fonction-publique","status":"publish","type":"post","link":"https:\/\/linitiative.ca\/International\/cameroun-les-sous-prefets-autorises-a-signer-les-originaux-de-diplomes-des-candidats-aux-concours-a-la-fonction-publique\/","title":{"rendered":"Cameroun : les sous-pr\u00e9fets autoris\u00e9s \u00e0 signer les originaux de dipl\u00f4mes des candidats aux concours \u00e0 la Fonction publique"},"content":{"rendered":"<div readability=\"32\">\n<p>Publi\u00e9 le 10.06.2020 \u00e0 18h33 par Christian Djimadeu<\/p>\n<\/div>\n<div readability=\"66.058651026393\">\n<h2 class=\"c6\">C\u2019est la substance d\u2019une note d\u2019information du ministre de la Fonction publique et de la r\u00e9forme administrative (Minfopra) sign\u00e9e ce 10 juin.<\/h2>\n<p class=\"c7\"><strong>Joseph Le<\/strong>, le Minfopra annonce aux candidats aux cours d\u2019entr\u00e9e dans la Fonction publique que\u00a0: \u00ab\u00a0le minist\u00e8re de l\u2019Administration territoriale vient d\u2019autoriser les sous-pr\u00e9fets de signer les attestations de pr\u00e9sentation des originaux de dipl\u00f4mes\u00a0\u00bb.<\/p>\n<p class=\"c7\">Il communique par ailleurs aux candidats des adresses \u00e0 contacter en cas de pr\u00e9occupations ou de difficult\u00e9s. Il s\u2019agit des num\u00e9ros 8566 et 1522. Ces derniers peuvent \u00e9galement se r\u00e9f\u00e9rer en ligne sur \u00e0 la plateforme concoursonline.minfopra.gov.cm du <strong>Minfopra<\/strong>.<\/p>\n<p class=\"c7\">Ces dispositions apportent d\u2019autres facilit\u00e9s aux candidats,\u00a0 en plus de l<a href=\"https:\/\/www.journalducameroun.com\/cameroun-possibi%E2%80%A6ublique-cameroun\/%20%E2%80%8E\">a possibilit\u00e9 qui leur a \u00e9t\u00e9 offert le 7 juin dernier\u00a0 de s\u2019inscrire d\u00e9sormais\u00a0 en ligne<\/a>, via le site du minist\u00e8re.<\/p>\n<p class=\"c7\">En rappel, en mai dernier le Minfopra a annonc\u00e9 que 3 600 places sont disponibles \u00a0pour des chercheurs d\u2019emplois, notamment les jeunes. Les domaines concernent entre autres\u00a0: le journalisme, les\u00a0r\u00e9gies financi\u00e8res,\u00a0 l\u2019Informatique\u00a0et\u00a0t\u00e9l\u00e9informatique,\u00a0 le cadastre,\u00a0l\u2019a\u00e9ronautique civile,\u00a0les eaux et for\u00eats, le\u00a0g\u00e9nie civil,\u00a0la production rurale et agriculture,\u00a0 la sant\u00e9 publique,\u00a0les mines et g\u00e9ologie,\u00a0les postes et t\u00e9l\u00e9communications,\u00a0le \u00a0travail et pr\u00e9voyance sociale, assistants des\u00a0affaires sociales.<\/p>\n<p class=\"c7\">Les concours professionnels quant \u00e0 eux concernent notamment l\u2019entr\u00e9e \u00e0 l\u2019Institut national de la jeunesse et des sports\u00a0(Injs), au\u00a0Centre national de la jeunesse et des sports\u00a0(Cenajes), et \u00e0 l\u2019Ecole nationale d\u2019administration et de magistrature\u00a0(Enam).<\/p>\n<\/div>\n<p>Auteur: Christian DJIMADEU<br \/>\n<a href=\"https:\/\/www.journalducameroun.com\/cameroun-les-sous-prefets-autorises-a-signer-les-originaux-de-diplomes-des-candidats-aux-concours-a-la-fonction-publique-cameroun\/\">Cliquez ici pour lire l&rsquo;article depuis sa source.<\/a><\/p>\n","protected":false},"excerpt":{"rendered":"<p>Publi\u00e9 le 10.06.2020 \u00e0 18h33 par Christian Djimadeu C\u2019est la substance d\u2019une note d\u2019information du ministre de la Fonction publique et de la r\u00e9forme administrative (Minfopra) sign\u00e9e ce 10 juin. Joseph Le, le Minfopra annonce aux candidats aux cours d\u2019entr\u00e9e dans la Fonction publique que\u00a0: \u00ab\u00a0le minist\u00e8re de l\u2019Administration territoriale vient d\u2019autoriser les sous-pr\u00e9fets de [&hellip;]<\/p>\n","protected":false},"author":1965,"featured_media":0,"comment_status":"closed","ping_status":"closed","sticky":false,"template":"","format":"standard","meta":{"fifu_image_url":"","fifu_image_alt":"","footnotes":""},"categories":[73,82],"tags":[],"class_list":["post-88595","post","type-post","status-publish","format-standard","hentry","category-actualite","category-cameroun"],"_links":{"self":[{"href":"https:\/\/linitiative.ca\/International\/wp-json\/wp\/v2\/posts\/88595","targetHints":{"allow":["GET"]}}],"collection":[{"href":"https:\/\/linitiative.ca\/International\/wp-json\/wp\/v2\/posts"}],"about":[{"href":"https:\/\/linitiative.ca\/International\/wp-json\/wp\/v2\/types\/post"}],"author":[{"embeddable":true,"href":"https:\/\/linitiative.ca\/International\/wp-json\/wp\/v2\/users\/1965"}],"replies":[{"embeddable":true,"href":"https:\/\/linitiative.ca\/International\/wp-json\/wp\/v2\/comments?post=88595"}],"version-history":[{"count":0,"href":"https:\/\/linitiative.ca\/International\/wp-json\/wp\/v2\/posts\/88595\/revisions"}],"wp:attachment":[{"href":"https:\/\/linitiative.ca\/International\/wp-json\/wp\/v2\/media?parent=88595"}],"wp:term":[{"taxonomy":"category","embeddable":true,"href":"https:\/\/linitiative.ca\/International\/wp-json\/wp\/v2\/categories?post=88595"},{"taxonomy":"post_tag","embeddable":true,"href":"https:\/\/linitiative.ca\/International\/wp-json\/wp\/v2\/tags?post=88595"}],"curies":[{"name":"wp","href":"https:\/\/api.w.org\/{rel}","templated":true}]}}