{"id":88607,"date":"2020-06-11T09:57:42","date_gmt":"2020-06-11T13:57:42","guid":{"rendered":"https:\/\/linitiative.ca\/International\/incendie-au-niveau-dune-gare-de-peage-les-eclaircissements-dadm\/"},"modified":"2020-06-11T09:57:42","modified_gmt":"2020-06-11T13:57:42","slug":"incendie-au-niveau-dune-gare-de-peage-les-eclaircissements-dadm","status":"publish","type":"post","link":"https:\/\/linitiative.ca\/International\/incendie-au-niveau-dune-gare-de-peage-les-eclaircissements-dadm\/","title":{"rendered":"Incendie au niveau d\u2019une gare de p\u00e9age : Les \u00e9claircissements d\u2019ADM"},"content":{"rendered":"<header>\n<\/header>\n<div class=\"entry-content clearfix\" readability=\"38.917089678511\"><img decoding=\"async\" class=\"post_layout_5_img\" src=\"http:\/\/aujourdhui.ma\/wp-content\/uploads\/2020\/06\/ADM-Incendie-au-niveau-d\u2019une-gare-de-pe\u0301age-.jpg\" alt=\"Incendie au niveau d&#x2019;une gare de p&#xE9;age : Les &#xE9;claircissements d&#x2019;ADM\"\/><\/p>\n<p><span class=\"c5\"><strong>Suite \u00e0 la circulation ces derni\u00e8res 48 heures sur les r\u00e9seaux sociaux d\u2019une vid\u00e9o montrant un incendie au niveau d\u2019une gare de p\u00e9age du r\u00e9seau autoroutier marocain, la Soci\u00e9t\u00e9 nationale des autoroutes du Maroc (ADM) rassure ses clients-usagers et les informe qu\u2019il s\u2019agit d\u2019un incident datant de 2015.<\/strong><\/span> <span id=\"more-347366\"\/><\/p>\n<p>ADM tient \u00e0 rappeler \u00e0 ses clients-usagers que tout \u00e9v\u00e8nement exceptionnel sur le r\u00e9seau autoroutier est diffus\u00e9 en temps r\u00e9el sur l\u2019application mobile ADM Trafic (<span class=\"c7\"><strong><a class=\"c6\" href=\"http:\/\/www.admtrafic.ma\/\" target=\"_blank\" rel=\"noopener noreferrer\">www.admtrafic.ma<\/a><\/strong><\/span>) et les invite \u00e0 la consulter pour v\u00e9rifier toute information de cette nature.<\/p>\n<\/div>\n<p>Auteur: ALM<br \/>\n<a href=\"https:\/\/aujourdhui.ma\/societe\/incendie-au-niveau-dune-gare-de-peage-les-eclaircissements-dadm\">Cliquez ici pour lire l&rsquo;article depuis sa source.<\/a><\/p>\n","protected":false},"excerpt":{"rendered":"<p>Suite \u00e0 la circulation ces derni\u00e8res 48 heures sur les r\u00e9seaux sociaux d\u2019une vid\u00e9o montrant un incendie au niveau d\u2019une gare de p\u00e9age du r\u00e9seau autoroutier marocain, la Soci\u00e9t\u00e9 nationale des autoroutes du Maroc (ADM) rassure ses clients-usagers et les informe qu\u2019il s\u2019agit d\u2019un incident datant de 2015. ADM tient \u00e0 rappeler \u00e0 ses clients-usagers [&hellip;]<\/p>\n","protected":false},"author":1759,"featured_media":88608,"comment_status":"closed","ping_status":"closed","sticky":false,"template":"","format":"standard","meta":{"fifu_image_url":"","fifu_image_alt":"","footnotes":""},"categories":[73,54],"tags":[],"class_list":["post-88607","post","type-post","status-publish","format-standard","has-post-thumbnail","hentry","category-actualite","category-maroc"],"_links":{"self":[{"href":"https:\/\/linitiative.ca\/International\/wp-json\/wp\/v2\/posts\/88607","targetHints":{"allow":["GET"]}}],"collection":[{"href":"https:\/\/linitiative.ca\/International\/wp-json\/wp\/v2\/posts"}],"about":[{"href":"https:\/\/linitiative.ca\/International\/wp-json\/wp\/v2\/types\/post"}],"author":[{"embeddable":true,"href":"https:\/\/linitiative.ca\/International\/wp-json\/wp\/v2\/users\/1759"}],"replies":[{"embeddable":true,"href":"https:\/\/linitiative.ca\/International\/wp-json\/wp\/v2\/comments?post=88607"}],"version-history":[{"count":0,"href":"https:\/\/linitiative.ca\/International\/wp-json\/wp\/v2\/posts\/88607\/revisions"}],"wp:featuredmedia":[{"embeddable":true,"href":"https:\/\/linitiative.ca\/International\/wp-json\/"}],"wp:attachment":[{"href":"https:\/\/linitiative.ca\/International\/wp-json\/wp\/v2\/media?parent=88607"}],"wp:term":[{"taxonomy":"category","embeddable":true,"href":"https:\/\/linitiative.ca\/International\/wp-json\/wp\/v2\/categories?post=88607"},{"taxonomy":"post_tag","embeddable":true,"href":"https:\/\/linitiative.ca\/International\/wp-json\/wp\/v2\/tags?post=88607"}],"curies":[{"name":"wp","href":"https:\/\/api.w.org\/{rel}","templated":true}]}}