{"id":88615,"date":"2020-06-11T11:00:36","date_gmt":"2020-06-11T15:00:36","guid":{"rendered":"https:\/\/linitiative.ca\/International\/interconnexion-electrique-lonee-et-red-electrica-espana-retablissent-un-cable-sous-marin-avec-succes\/"},"modified":"2020-06-11T11:00:36","modified_gmt":"2020-06-11T15:00:36","slug":"interconnexion-electrique-lonee-et-red-electrica-espana-retablissent-un-cable-sous-marin-avec-succes","status":"publish","type":"post","link":"https:\/\/linitiative.ca\/International\/interconnexion-electrique-lonee-et-red-electrica-espana-retablissent-un-cable-sous-marin-avec-succes\/","title":{"rendered":"Interconnexion \u00e9lectrique : L\u2019ONEE et Red Electrica Espana r\u00e9tablissent  un c\u00e2ble sous-marin avec succ\u00e8s"},"content":{"rendered":"<p><img decoding=\"async\" class=\"post_layout_5_img\" src=\"http:\/\/aujourdhui.ma\/wp-content\/uploads\/2020\/06\/ONEE.jpg\" alt=\"Interconnexion &#xE9;lectrique : L&#x2019;ONEE et Red Electrica Espana r&#xE9;tablissent un c&#xE2;ble sous-marin avec succ&#xE8;s\"\/><\/p>\n<p><span class=\"c5\"><strong>Conjointement, l\u2019Office national de l\u2019\u00e9lectricit\u00e9 et de l\u2019eau potable (ONEE) et Red Electrica Espana (REE) ont achev\u00e9 les travaux de r\u00e9tablissement d\u2019un c\u00e2ble sous-marin de la 2e interconnexion \u00e9lectrique, apr\u00e8s plusieurs semaines de travaux.<\/strong><\/span><br \/><span class=\"c6\"><span id=\"more-347368\"\/><\/span><\/p>\n<p>L\u2019endommagement de l\u2019un des c\u00e2bles de la deuxi\u00e8me liaison de l\u2019interconnexion \u00e9lectrique Maroc-Espagne, qui est un patrimoine commun de l\u2019ONEE et REE, \u00e9tait indisponible depuis qu\u2019un navire l\u2019a ab\u00eem\u00e9 fin 2019, \u00e0 13 km des c\u00f4tes marocaines. Aussit\u00f4t d\u00e9tect\u00e9, les syst\u00e8mes de contr\u00f4le et de protection ont ordonn\u00e9 l\u2019isolement de la 2\u00e8me interconnexion et un plan d\u2019actions pour la r\u00e9paration du c\u00e2ble qui a \u00e9t\u00e9 lanc\u00e9 par le comit\u00e9 de maintenance compos\u00e9 de responsables marocains et espagnols.<br \/>L\u2019avarie \u00e9tant situ\u00e9e \u00e0 une grande profondeur (490 m), la r\u00e9paration en question a n\u00e9cessit\u00e9 une expertise hautement qualifi\u00e9e et de la logistique lourde, notamment des navires sp\u00e9ciaux d\u00e9di\u00e9s \u00e0 ce genre d\u2019op\u00e9ration.<\/p>\n<p>Apr\u00e8s plusieurs semaines de travaux et gr\u00e2ce \u00e0 la longue exp\u00e9rience des \u00e9quipes de l\u2019ONEE et REE, la 2\u00e8me interconnexion a \u00e9t\u00e9 r\u00e9tablie dans de tr\u00e8s bonnes conditions.<br \/>Abderrahim El Hafidi, directeur g\u00e9n\u00e9ral de l\u2019ONEE, accompagn\u00e9 de hauts responsables de l\u2019Office, s\u2019est enquis de l\u2019op\u00e9rationnalisation de l\u2019ensemble des installations de la station terminale des c\u00e2bles sous-marins \u00e0 Ferdioua (pr\u00e8s de Ksar Sghir) constitu\u00e9e de l\u2019appareillage tr\u00e8s haute tension 400 kV et du syst\u00e8me hydraulique de maintien sous pression de l\u2019huile di\u00e9lectrique des c\u00e2bles. Il s\u2019est rendu par la suite au grand poste \u00e9lectrique de Melloussa qui assure l\u2019interconnexion avec le r\u00e9seau national de transport 400 kV pour s\u2019enqu\u00e9rir \u00e9galement de la bonne marche de cet ouvrage strat\u00e9gique pour le syst\u00e8me \u00e9lectrique national.<\/p>\n<p>Ce poste qui constitue un n\u0153ud important pour le transport \u00e9lectrique national regroupe les lignes THT de l\u2019interconnexion \u00e9lectrique Maroc-Espagne, les lignes issues de la centrale de Tahadart ainsi que les lignes 400 kV desservant le poste de Oualili.<br \/>A cette occasion, le DG de l\u2019ONEE a f\u00e9licit\u00e9 ses \u00e9quipes qui se sont mobilis\u00e9es pour mener \u00e0 bien cette op\u00e9ration d\u00e9licate dans un contexte difficile caract\u00e9ris\u00e9 par la crise sanitaire li\u00e9e au Covid-19.<\/p>\n<p>Avec une capacit\u00e9 de transit de 2 x 700 MW, l\u2019interconnexion \u00e9lectrique Maroc-Espagne constitue un ouvrage strat\u00e9gique du syst\u00e8me \u00e9lectrique national permettant la promotion de l\u2019\u00e9change, la s\u00e9curisation de l\u2019alimentation et le renforcement du secours mutuel instantan\u00e9 entre les deux rives de M\u00e9diterran\u00e9e en mati\u00e8re d\u2019\u00e9lectricit\u00e9.<\/p>\n<p>Auteur: ALM<br \/>\n<a href=\"https:\/\/aujourdhui.ma\/economie\/interconnexion-electrique-lonee-et-red-electrica-espana-retablissent-un-cable-sous-marin-avec-succes\">Cliquez ici pour lire l&rsquo;article depuis sa source.<\/a><\/p>\n","protected":false},"excerpt":{"rendered":"<p>Conjointement, l\u2019Office national de l\u2019\u00e9lectricit\u00e9 et de l\u2019eau potable (ONEE) et Red Electrica Espana (REE) ont achev\u00e9 les travaux de r\u00e9tablissement d\u2019un c\u00e2ble sous-marin de la 2e interconnexion \u00e9lectrique, apr\u00e8s plusieurs semaines de travaux. L\u2019endommagement de l\u2019un des c\u00e2bles de la deuxi\u00e8me liaison de l\u2019interconnexion \u00e9lectrique Maroc-Espagne, qui est un patrimoine commun de l\u2019ONEE et [&hellip;]<\/p>\n","protected":false},"author":1759,"featured_media":88616,"comment_status":"closed","ping_status":"closed","sticky":false,"template":"","format":"standard","meta":{"fifu_image_url":"","fifu_image_alt":"","footnotes":""},"categories":[73,54],"tags":[],"class_list":["post-88615","post","type-post","status-publish","format-standard","has-post-thumbnail","hentry","category-actualite","category-maroc"],"_links":{"self":[{"href":"https:\/\/linitiative.ca\/International\/wp-json\/wp\/v2\/posts\/88615","targetHints":{"allow":["GET"]}}],"collection":[{"href":"https:\/\/linitiative.ca\/International\/wp-json\/wp\/v2\/posts"}],"about":[{"href":"https:\/\/linitiative.ca\/International\/wp-json\/wp\/v2\/types\/post"}],"author":[{"embeddable":true,"href":"https:\/\/linitiative.ca\/International\/wp-json\/wp\/v2\/users\/1759"}],"replies":[{"embeddable":true,"href":"https:\/\/linitiative.ca\/International\/wp-json\/wp\/v2\/comments?post=88615"}],"version-history":[{"count":0,"href":"https:\/\/linitiative.ca\/International\/wp-json\/wp\/v2\/posts\/88615\/revisions"}],"wp:featuredmedia":[{"embeddable":true,"href":"https:\/\/linitiative.ca\/International\/wp-json\/"}],"wp:attachment":[{"href":"https:\/\/linitiative.ca\/International\/wp-json\/wp\/v2\/media?parent=88615"}],"wp:term":[{"taxonomy":"category","embeddable":true,"href":"https:\/\/linitiative.ca\/International\/wp-json\/wp\/v2\/categories?post=88615"},{"taxonomy":"post_tag","embeddable":true,"href":"https:\/\/linitiative.ca\/International\/wp-json\/wp\/v2\/tags?post=88615"}],"curies":[{"name":"wp","href":"https:\/\/api.w.org\/{rel}","templated":true}]}}