{"id":88618,"date":"2020-06-10T14:13:49","date_gmt":"2020-06-10T18:13:49","guid":{"rendered":"https:\/\/linitiative.ca\/International\/el-otmani-souligne-la-determination-du-gouvernement-a-reussir-la-prochaine-etape%ef%bb%bf\/"},"modified":"2020-06-10T14:13:49","modified_gmt":"2020-06-10T18:13:49","slug":"el-otmani-souligne-la-determination-du-gouvernement-a-reussir-la-prochaine-etape%ef%bb%bf","status":"publish","type":"post","link":"https:\/\/linitiative.ca\/International\/el-otmani-souligne-la-determination-du-gouvernement-a-reussir-la-prochaine-etape%ef%bb%bf\/","title":{"rendered":"El Otmani souligne la d\u00e9termination du gouvernement \u00e0 r\u00e9ussir la prochaine \u00e9tape\ufeff"},"content":{"rendered":"<p class=\"has-text-color has-vivid-red-color c2\"><strong>Lutte contre Covid-19<\/strong><\/p>\n<p class=\"has-text-color c3\"><strong>Le Chef du gouvernement, Sa\u00e2d Dine El Otmani, a soulign\u00e9, mardi \u00e0 Rabat, que le gouvernement, apr\u00e8s avoir achev\u00e9 la premi\u00e8re phase de la lutte contre l\u2019\u00e9pid\u00e9mie li\u00e9e au nouveau coronavirus, est d\u00e9termin\u00e9 \u00e0 r\u00e9ussir la prochaine \u00e9tape.<\/strong><\/p>\n<p>Lors d\u2019une r\u00e9union du Conseil de gouvernement tenue en vid\u00e9oconf\u00e9rence, M. El Otmani a indiqu\u00e9 que le gouvernement, sous la conduite clairvoyante de SM le Roi, a oeuvr\u00e9 de mani\u00e8re coh\u00e9rente et positive, \u00e0 la faveur de la coop\u00e9ration entre les diff\u00e9rents secteurs, malgr\u00e9 la forte pression qui pr\u00e9valait lors de l\u2019\u00e9tape pr\u00e9c\u00e9dente en raison de la situation exceptionnelle et de la difficult\u00e9 d\u2019accompagnement, et qui n\u00e9cessitait un haut degr\u00e9 d\u2019entente et de compl\u00e9mentarit\u00e9 entre les membres du gouvernement, a pr\u00e9cis\u00e9 le ministre de l\u2019\u00c9ducation nationale, de la Formation professionnelle, de l\u2019Enseignement sup\u00e9rieur et de la Recherche scientifique, porte-parole du gouvernement, Saaid Amzazi, dans un communiqu\u00e9 lu \u00e0 l\u2019issue de cette r\u00e9union.<\/p>\n<p>M. El Otmani s\u2019est f\u00e9licit\u00e9, dans ce sens, de l\u2019approche adopt\u00e9e dans la gestion de cette \u00e9tape avec un degr\u00e9 \u00e9lev\u00e9 de patriotisme, de professionnalisme, de pers\u00e9v\u00e9rance et d\u2019engagement, autant de valeurs dont, a-t-il poursuivi, \u00abnous sommes fiers et gr\u00e2ce \u00e0 elles, nous avons pu faire face \u00e0 l\u2019\u00e9pid\u00e9mie, la contenir et la contr\u00f4ler\u00bb.<\/p>\n<p>Le Chef du gouvernement a mis en avant les initiatives et les d\u00e9cisions de SM le Roi, les qualifiant de courageuses, proactives, prospectives, r\u00e9pondant aux attentes des citoyens et servant les int\u00e9r\u00eats de la patrie, ajoutant que ces mesures\u00bb, source de fiert\u00e9, ont permis \u00e0 notre pays d\u2019\u00e9viter d\u2019\u00e9normes pertes en raison de l\u2019\u00e9pid\u00e9mie de coronavirus\u00bb.<\/p>\n<p>Il a salu\u00e9, en outre, les efforts accomplis par l\u2019ensemble des ministres, les appelant \u00e0 \u00abcontinuer \u00e0 se mobiliser pour r\u00e9ussir les prochaines \u00e9tapes\u00bb, et mettant en exergue \u00abl\u2019honneur de servir la patrie dans ces circonstances exceptionnelles\u00bb.<\/p>\n<p>Apr\u00e8s avoir soulign\u00e9 l\u2019engagement du gouvernement \u00e0 poursuivre ses efforts sous la conduite \u00e9clair\u00e9e de SM le Roi, il a \u00e9mis le souhait de voir notre pays r\u00e9aliser un d\u00e9collage \u00e0 tous les niveaux et que les opportunit\u00e9s offertes dans cette circonstances soient mises \u00e0 profit.<\/p>\n<p>Auteur: M&rsquo;hammed rahal<br \/>\n<a href=\"http:\/\/albayane.press.ma\/el-otmani-souligne-la-determination-du-gouvernement-a-reussir-la-prochaine-etape%EF%BB%BF.html\">Cliquez ici pour lire l&rsquo;article depuis sa source.<\/a><\/p>\n","protected":false},"excerpt":{"rendered":"<p>Lutte contre Covid-19 Le Chef du gouvernement, Sa\u00e2d Dine El Otmani, a soulign\u00e9, mardi \u00e0 Rabat, que le gouvernement, apr\u00e8s avoir achev\u00e9 la premi\u00e8re phase de la lutte contre l\u2019\u00e9pid\u00e9mie li\u00e9e au nouveau coronavirus, est d\u00e9termin\u00e9 \u00e0 r\u00e9ussir la prochaine \u00e9tape. Lors d\u2019une r\u00e9union du Conseil de gouvernement tenue en vid\u00e9oconf\u00e9rence, M. El Otmani a [&hellip;]<\/p>\n","protected":false},"author":1760,"featured_media":0,"comment_status":"closed","ping_status":"closed","sticky":false,"template":"","format":"standard","meta":{"fifu_image_url":"","fifu_image_alt":"","footnotes":""},"categories":[73,54],"tags":[],"class_list":["post-88618","post","type-post","status-publish","format-standard","hentry","category-actualite","category-maroc"],"_links":{"self":[{"href":"https:\/\/linitiative.ca\/International\/wp-json\/wp\/v2\/posts\/88618","targetHints":{"allow":["GET"]}}],"collection":[{"href":"https:\/\/linitiative.ca\/International\/wp-json\/wp\/v2\/posts"}],"about":[{"href":"https:\/\/linitiative.ca\/International\/wp-json\/wp\/v2\/types\/post"}],"author":[{"embeddable":true,"href":"https:\/\/linitiative.ca\/International\/wp-json\/wp\/v2\/users\/1760"}],"replies":[{"embeddable":true,"href":"https:\/\/linitiative.ca\/International\/wp-json\/wp\/v2\/comments?post=88618"}],"version-history":[{"count":0,"href":"https:\/\/linitiative.ca\/International\/wp-json\/wp\/v2\/posts\/88618\/revisions"}],"wp:attachment":[{"href":"https:\/\/linitiative.ca\/International\/wp-json\/wp\/v2\/media?parent=88618"}],"wp:term":[{"taxonomy":"category","embeddable":true,"href":"https:\/\/linitiative.ca\/International\/wp-json\/wp\/v2\/categories?post=88618"},{"taxonomy":"post_tag","embeddable":true,"href":"https:\/\/linitiative.ca\/International\/wp-json\/wp\/v2\/tags?post=88618"}],"curies":[{"name":"wp","href":"https:\/\/api.w.org\/{rel}","templated":true}]}}