{"id":88622,"date":"2020-06-11T08:16:27","date_gmt":"2020-06-11T12:16:27","guid":{"rendered":"https:\/\/linitiative.ca\/International\/mecontentement-des-blouses-blanches-sit-in-du-personnel-a-lhopital-charles-nicolle\/"},"modified":"2020-06-11T08:16:27","modified_gmt":"2020-06-11T12:16:27","slug":"mecontentement-des-blouses-blanches-sit-in-du-personnel-a-lhopital-charles-nicolle","status":"publish","type":"post","link":"https:\/\/linitiative.ca\/International\/mecontentement-des-blouses-blanches-sit-in-du-personnel-a-lhopital-charles-nicolle\/","title":{"rendered":"M\u00e9contentement des blouses blanches : Sit-in du personnel \u00e0 l\u2019h\u00f4pital Charles Nicolle"},"content":{"rendered":"<p>En coordination avec la f\u00e9d\u00e9ration g\u00e9n\u00e9rale de la sant\u00e9, relevant de l\u2019union g\u00e9n\u00e9rale tunisienne du travail (UGTT), les adh\u00e9rents au syndicat de base de l\u2019h\u00f4pital Charles Nicolle ont observ\u00e9 jeudi un sit-in pour protester contre la non-application des conventions conclues pr\u00e9c\u00e9demment et appeler au retrait de l\u2019article 2 de la loi de la fonction publique afin de pouvoir publier un statut organisant le corps de la sant\u00e9 publique.<\/p>\n<p>Le secr\u00e9taire g\u00e9n\u00e9ral du syndicat de base Mohi\u00e9dine Ouni a appel\u00e9 au retrait de l\u2019article 2 de la Loi n\u00b0 83-112 portant statut g\u00e9n\u00e9ral des personnels de l\u2019Etat, des collectivit\u00e9s publiques locales et des \u00e9tablissements publics \u00e0 caract\u00e8re administratif, afin de pouvoir publier un statut de base organisant le corps de la sant\u00e9 publique tout en prenant en consid\u00e9ration la sp\u00e9cificit\u00e9 du secteur.<\/p>\n<p>Selon Arbi Balti, membre du syndicat de base, il est imp\u00e9ratif d\u2019appliquer les conventions conclues, signalant que ce mouvement de protestation est une poursuite d\u2019autres mouvements d\u00e9j\u00e0 observ\u00e9s.<\/p>\n<p>La f\u00e9d\u00e9ration g\u00e9n\u00e9rale de la sant\u00e9 avait publi\u00e9 le 09 juin un communiqu\u00e9 annon\u00e7ant que des mouvements de protestation seront men\u00e9s dans les \u00e9tablissements hospitaliers et les directions r\u00e9gionales de la sant\u00e9. La f\u00e9d\u00e9ration avait appel\u00e9 \u00e0 une reconnaissance de la part du gouvernement des sacrifices des professionnels de la sant\u00e9, une am\u00e9lioration de l\u2019infrastructure de base dans les structures hospitali\u00e8res, ainsi qu\u2019une promotion des conditions de travail dont la protection contre les actes de violence perp\u00e9tr\u00e9s contre le personnel de la sant\u00e9.<\/p>\n<div class=\"wp-post-author-wrap wp-post-author-shortcode left\">\n<h3 class=\"awpa-title\"\/>\n<div class=\"wp-post-author\">\n<div class=\"awpa-img awpa-author-block square\"><a href=\"http:\/\/lexpertjournal.net\/fr\/?author=5\"><img loading=\"lazy\" decoding=\"async\" alt=\"\" src=\"http:\/\/0.gravatar.com\/avatar\/97f8e10a1c1125ba104a76514ee07b16?s=150&amp;d=mm&amp;r=g\" srcset=\"http:\/\/0.gravatar.com\/avatar\/97f8e10a1c1125ba104a76514ee07b16?s=300&amp;d=mm&amp;r=g 2x\" class=\"avatar avatar-150 photo\" height=\"150\" width=\"150\"\/><\/a><\/div>\n<\/div>\n<\/div>\n<aside class=\"mashsb-container mashsb-main mashsb-stretched\">\n<\/aside>\n<p>Auteur: L&rsquo;expert<br \/>\n<a href=\"http:\/\/lexpertjournal.net\/fr\/?p=15176\">Cliquez ici pour lire l&rsquo;article depuis sa source.<\/a><\/p>\n","protected":false},"excerpt":{"rendered":"<p>En coordination avec la f\u00e9d\u00e9ration g\u00e9n\u00e9rale de la sant\u00e9, relevant de l\u2019union g\u00e9n\u00e9rale tunisienne du travail (UGTT), les adh\u00e9rents au syndicat de base de l\u2019h\u00f4pital Charles Nicolle ont observ\u00e9 jeudi un sit-in pour protester contre la non-application des conventions conclues pr\u00e9c\u00e9demment et appeler au retrait de l\u2019article 2 de la loi de la fonction publique [&hellip;]<\/p>\n","protected":false},"author":1775,"featured_media":0,"comment_status":"closed","ping_status":"closed","sticky":false,"template":"","format":"standard","meta":{"fifu_image_url":"","fifu_image_alt":"","footnotes":""},"categories":[78,55],"tags":[],"class_list":["post-88622","post","type-post","status-publish","format-standard","hentry","category-economie","category-tunisie"],"_links":{"self":[{"href":"https:\/\/linitiative.ca\/International\/wp-json\/wp\/v2\/posts\/88622","targetHints":{"allow":["GET"]}}],"collection":[{"href":"https:\/\/linitiative.ca\/International\/wp-json\/wp\/v2\/posts"}],"about":[{"href":"https:\/\/linitiative.ca\/International\/wp-json\/wp\/v2\/types\/post"}],"author":[{"embeddable":true,"href":"https:\/\/linitiative.ca\/International\/wp-json\/wp\/v2\/users\/1775"}],"replies":[{"embeddable":true,"href":"https:\/\/linitiative.ca\/International\/wp-json\/wp\/v2\/comments?post=88622"}],"version-history":[{"count":0,"href":"https:\/\/linitiative.ca\/International\/wp-json\/wp\/v2\/posts\/88622\/revisions"}],"wp:attachment":[{"href":"https:\/\/linitiative.ca\/International\/wp-json\/wp\/v2\/media?parent=88622"}],"wp:term":[{"taxonomy":"category","embeddable":true,"href":"https:\/\/linitiative.ca\/International\/wp-json\/wp\/v2\/categories?post=88622"},{"taxonomy":"post_tag","embeddable":true,"href":"https:\/\/linitiative.ca\/International\/wp-json\/wp\/v2\/tags?post=88622"}],"curies":[{"name":"wp","href":"https:\/\/api.w.org\/{rel}","templated":true}]}}