{"id":88624,"date":"2020-06-11T08:23:02","date_gmt":"2020-06-11T12:23:02","guid":{"rendered":"https:\/\/linitiative.ca\/International\/foot-classement-fifa-la-tunisie-reste-27e-mondiale-et-2e-africaine\/"},"modified":"2020-06-11T08:23:02","modified_gmt":"2020-06-11T12:23:02","slug":"foot-classement-fifa-la-tunisie-reste-27e-mondiale-et-2e-africaine","status":"publish","type":"post","link":"https:\/\/linitiative.ca\/International\/foot-classement-fifa-la-tunisie-reste-27e-mondiale-et-2e-africaine\/","title":{"rendered":"Foot \u2013 Classement FIFA :  La Tunisie reste 27e mondiale et 2e africaine"},"content":{"rendered":"<p>Aucun match international n\u2019a pu \u00eatre disput\u00e9 en raison de la pand\u00e9mie du Covid-19, la Tunisie a ainsi conserv\u00e9 sa 27e place mondiale et la deuxi\u00e8me africaine derri\u00e8re le S\u00e9n\u00e9gal, dans le classement mondial de la Fifa du mois de juin, publi\u00e9 jeudi.<\/p>\n<p>Si le football a doucement repris ses droits dans divers championnats du monde, la propagation du coronavirus reste toutefois un obstacle \u00e0 la tenue des matches internationaux et cela s\u2019est \u00e0 nouveau r\u00e9percut\u00e9 sur le dernier classement mondial qui ne conna\u00eet \u2013 logiquement \u2013 aucun changement. indique la Fifa.<\/p>\n<p>Dans le Top-10, la Belgique reste sur son tr\u00f4ne devant la France et le Br\u00e9sil, qui compl\u00e8tent le podium. Suivent l\u2019Angleterre et l\u2019Uruguay, toujours positionn\u00e9s au 4<sup>\u00e8me<\/sup> et 5<sup>\u00e8me<\/sup> rangs respectivement. Derri\u00e8re, dans l\u2019ordre, la Croatie, le Portugal, l\u2019Espagne, l\u2019Argentine et la Colombie sont en embuscade.<\/p>\n<p>Au-del\u00e0 de ce Top 10, ce sont 200 f\u00e9d\u00e9rations qui n\u2019attendent plus que se retrouver sur des terrains de football et bouleverser la hi\u00e9rarchie mondiale.<\/p>\n<p>La reprise ou le d\u00e9but des qualifications pour la Coupe du Monde Qatar 2022 dans chaque conf\u00e9d\u00e9ration sont notamment attendues avec impatience et animeront les positions dans les mois \u00e0 venir. Le prochain classement sera publi\u00e9 le 16 juillet.<\/p>\n<div class=\"wp-post-author-wrap wp-post-author-shortcode left\">\n<h3 class=\"awpa-title\"\/>\n<div class=\"wp-post-author\">\n<div class=\"awpa-img awpa-author-block square\"><a href=\"http:\/\/lexpertjournal.net\/fr\/?author=5\"><img loading=\"lazy\" decoding=\"async\" alt=\"\" src=\"http:\/\/0.gravatar.com\/avatar\/97f8e10a1c1125ba104a76514ee07b16?s=150&amp;d=mm&amp;r=g\" srcset=\"http:\/\/0.gravatar.com\/avatar\/97f8e10a1c1125ba104a76514ee07b16?s=300&amp;d=mm&amp;r=g 2x\" class=\"avatar avatar-150 photo\" height=\"150\" width=\"150\"\/><\/a><\/div>\n<\/div>\n<\/div>\n<aside class=\"mashsb-container mashsb-main mashsb-stretched\">\n<\/aside>\n<p>Auteur: L&rsquo;expert<br \/>\n<a href=\"http:\/\/lexpertjournal.net\/fr\/?p=15182\">Cliquez ici pour lire l&rsquo;article depuis sa source.<\/a><\/p>\n","protected":false},"excerpt":{"rendered":"<p>Aucun match international n\u2019a pu \u00eatre disput\u00e9 en raison de la pand\u00e9mie du Covid-19, la Tunisie a ainsi conserv\u00e9 sa 27e place mondiale et la deuxi\u00e8me africaine derri\u00e8re le S\u00e9n\u00e9gal, dans le classement mondial de la Fifa du mois de juin, publi\u00e9 jeudi. Si le football a doucement repris ses droits dans divers championnats du [&hellip;]<\/p>\n","protected":false},"author":1775,"featured_media":0,"comment_status":"closed","ping_status":"closed","sticky":false,"template":"","format":"standard","meta":{"fifu_image_url":"","fifu_image_alt":"","footnotes":""},"categories":[78,55],"tags":[],"class_list":["post-88624","post","type-post","status-publish","format-standard","hentry","category-economie","category-tunisie"],"_links":{"self":[{"href":"https:\/\/linitiative.ca\/International\/wp-json\/wp\/v2\/posts\/88624","targetHints":{"allow":["GET"]}}],"collection":[{"href":"https:\/\/linitiative.ca\/International\/wp-json\/wp\/v2\/posts"}],"about":[{"href":"https:\/\/linitiative.ca\/International\/wp-json\/wp\/v2\/types\/post"}],"author":[{"embeddable":true,"href":"https:\/\/linitiative.ca\/International\/wp-json\/wp\/v2\/users\/1775"}],"replies":[{"embeddable":true,"href":"https:\/\/linitiative.ca\/International\/wp-json\/wp\/v2\/comments?post=88624"}],"version-history":[{"count":0,"href":"https:\/\/linitiative.ca\/International\/wp-json\/wp\/v2\/posts\/88624\/revisions"}],"wp:attachment":[{"href":"https:\/\/linitiative.ca\/International\/wp-json\/wp\/v2\/media?parent=88624"}],"wp:term":[{"taxonomy":"category","embeddable":true,"href":"https:\/\/linitiative.ca\/International\/wp-json\/wp\/v2\/categories?post=88624"},{"taxonomy":"post_tag","embeddable":true,"href":"https:\/\/linitiative.ca\/International\/wp-json\/wp\/v2\/tags?post=88624"}],"curies":[{"name":"wp","href":"https:\/\/api.w.org\/{rel}","templated":true}]}}