{"id":88625,"date":"2020-06-11T08:27:49","date_gmt":"2020-06-11T12:27:49","guid":{"rendered":"https:\/\/linitiative.ca\/International\/approuvees-en-conseil-des-ministres-deux-unites-denquete-sur-les-delits-financiers-complexes\/"},"modified":"2020-06-11T08:27:49","modified_gmt":"2020-06-11T12:27:49","slug":"approuvees-en-conseil-des-ministres-deux-unites-denquete-sur-les-delits-financiers-complexes","status":"publish","type":"post","link":"https:\/\/linitiative.ca\/International\/approuvees-en-conseil-des-ministres-deux-unites-denquete-sur-les-delits-financiers-complexes\/","title":{"rendered":"Approuv\u00e9es en conseil des ministres : Deux unit\u00e9s d\u2019enqu\u00eate sur les d\u00e9lits financiers \u00ab complexes \u00bb"},"content":{"rendered":"<p>Le conseil des ministres tenu, mardi, a approuv\u00e9 la cr\u00e9ation de deux unit\u00e9s d\u2019enqu\u00eate sur les d\u00e9lits financiers \u00ab complexes \u00bb, au niveau de la Direction g\u00e9n\u00e9rale de la S\u00fbret\u00e9 nationale et de la Direction g\u00e9n\u00e9rale de la Garde nationale. Ces deux unit\u00e9s op\u00e9reront sur demande du P\u00f4le judiciaire \u00e9conomique et financier.<\/p>\n<p>Ce projet a \u00e9t\u00e9 \u00e9labor\u00e9 de concert entre les minist\u00e8res de l\u2019Int\u00e9rieur et de la Justice et vise \u00e0 soutenir la sp\u00e9cialisation des cadres s\u00e9curitaires dans le domaine de la lutte contre la corruption, de mani\u00e8re \u00e0 garantir la rapidit\u00e9 et l\u2019efficacit\u00e9 des enqu\u00eates relatives \u00e0 ces d\u00e9lits sp\u00e9cifiques et complexes, indique un communiqu\u00e9 du minist\u00e8re de l\u2019Int\u00e9rieur publi\u00e9 mercredi.<\/p>\n<p>La cr\u00e9ation de ces deux unit\u00e9s s\u2019inscrit dans le cadre de l\u2019effort national de lutte contre la corruption.<\/p>\n<div class=\"wp-post-author-wrap wp-post-author-shortcode left\">\n<h3 class=\"awpa-title\"\/>\n<div class=\"wp-post-author\">\n<div class=\"awpa-img awpa-author-block square\"><a href=\"http:\/\/lexpertjournal.net\/fr\/?author=5\"><img loading=\"lazy\" decoding=\"async\" alt=\"\" src=\"http:\/\/0.gravatar.com\/avatar\/97f8e10a1c1125ba104a76514ee07b16?s=150&amp;d=mm&amp;r=g\" srcset=\"http:\/\/0.gravatar.com\/avatar\/97f8e10a1c1125ba104a76514ee07b16?s=300&amp;d=mm&amp;r=g 2x\" class=\"avatar avatar-150 photo\" height=\"150\" width=\"150\"\/><\/a><\/div>\n<\/div>\n<\/div>\n<aside class=\"mashsb-container mashsb-main mashsb-stretched\">\n<\/aside>\n<p>Auteur: L&rsquo;expert<br \/>\n<a href=\"http:\/\/lexpertjournal.net\/fr\/?p=15185\">Cliquez ici pour lire l&rsquo;article depuis sa source.<\/a><\/p>\n","protected":false},"excerpt":{"rendered":"<p>Le conseil des ministres tenu, mardi, a approuv\u00e9 la cr\u00e9ation de deux unit\u00e9s d\u2019enqu\u00eate sur les d\u00e9lits financiers \u00ab complexes \u00bb, au niveau de la Direction g\u00e9n\u00e9rale de la S\u00fbret\u00e9 nationale et de la Direction g\u00e9n\u00e9rale de la Garde nationale. Ces deux unit\u00e9s op\u00e9reront sur demande du P\u00f4le judiciaire \u00e9conomique et financier. Ce projet a [&hellip;]<\/p>\n","protected":false},"author":1775,"featured_media":0,"comment_status":"closed","ping_status":"closed","sticky":false,"template":"","format":"standard","meta":{"fifu_image_url":"","fifu_image_alt":"","footnotes":""},"categories":[78,55],"tags":[],"class_list":["post-88625","post","type-post","status-publish","format-standard","hentry","category-economie","category-tunisie"],"_links":{"self":[{"href":"https:\/\/linitiative.ca\/International\/wp-json\/wp\/v2\/posts\/88625","targetHints":{"allow":["GET"]}}],"collection":[{"href":"https:\/\/linitiative.ca\/International\/wp-json\/wp\/v2\/posts"}],"about":[{"href":"https:\/\/linitiative.ca\/International\/wp-json\/wp\/v2\/types\/post"}],"author":[{"embeddable":true,"href":"https:\/\/linitiative.ca\/International\/wp-json\/wp\/v2\/users\/1775"}],"replies":[{"embeddable":true,"href":"https:\/\/linitiative.ca\/International\/wp-json\/wp\/v2\/comments?post=88625"}],"version-history":[{"count":0,"href":"https:\/\/linitiative.ca\/International\/wp-json\/wp\/v2\/posts\/88625\/revisions"}],"wp:attachment":[{"href":"https:\/\/linitiative.ca\/International\/wp-json\/wp\/v2\/media?parent=88625"}],"wp:term":[{"taxonomy":"category","embeddable":true,"href":"https:\/\/linitiative.ca\/International\/wp-json\/wp\/v2\/categories?post=88625"},{"taxonomy":"post_tag","embeddable":true,"href":"https:\/\/linitiative.ca\/International\/wp-json\/wp\/v2\/tags?post=88625"}],"curies":[{"name":"wp","href":"https:\/\/api.w.org\/{rel}","templated":true}]}}