{"id":88626,"date":"2020-06-11T08:41:36","date_gmt":"2020-06-11T12:41:36","guid":{"rendered":"https:\/\/linitiative.ca\/International\/zarzis-smart-center-demarrage-en-septembre-avec-un-potentiel-de-400-postes-demploi\/"},"modified":"2020-06-11T08:41:36","modified_gmt":"2020-06-11T12:41:36","slug":"zarzis-smart-center-demarrage-en-septembre-avec-un-potentiel-de-400-postes-demploi","status":"publish","type":"post","link":"https:\/\/linitiative.ca\/International\/zarzis-smart-center-demarrage-en-septembre-avec-un-potentiel-de-400-postes-demploi\/","title":{"rendered":"\u00bb Zarzis Smart Center  \u00bb  D\u00e9marrage en septembre avec un potentiel de 400 postes d\u2019emploi"},"content":{"rendered":"<p>Le Parc d\u2019Activit\u00e9s Economiques de Zarzis sera bient\u00f4t renforc\u00e9 par l\u2019entr\u00e9e en activit\u00e9 du nouveau centre technologique sp\u00e9cialis\u00e9 dans les nouvelles technologies de l\u2019information et de la communication, \u00ab Zarzis Smart Center \u00bb, pr\u00e9vue pour le mois de septembre 2020. Ce centre offrira pr\u00e8s de 400 postes d\u2019emploi.<\/p>\n<p>Le co\u00fbt global de ce projet dont l\u2019avancement des travaux est \u00e9valu\u00e9 \u00e0 pr\u00e9s de 90%, s\u2019\u00e9l\u00e8ve \u00e0 4 millions de dinars, indique un communiqu\u00e9 du minist\u00e8re de l\u2019Industrie et des PME, publi\u00e9 \u00e0 l\u2019issue d\u2019une rencontre entre le ministre Salah Ben Youssef et le premier responsable du Parc d\u2019Activit\u00e9s Economiques de Zarzis , Chawki Friaa.<\/p>\n<p>Le Parc d\u2019Activit\u00e9s Economiques de Zarzis abrite \u00e9galement un projet de valorisation de produits de la mer qui est aussi en cours de r\u00e9alisation d\u2019une valeur d\u2019investissement globale de 1,6 million de dollars et dont la capacit\u00e9 d\u2019emploi est estim\u00e9e \u00e0 500 postes d\u2019emploi.<\/p>\n<p>Un projet de fabrication des \u00e9quipements des restaurants est aussi en cours de r\u00e9alisation au sein du Parc moyennant une enveloppe de 1,8 million de dinars. Ce projet permettra d\u2019employer 60 cadres.<\/p>\n<p>Une \u00e9tude strat\u00e9gique visant \u00e0 cr\u00e9er 2000 postes d\u2019emplois et \u00e0 installer 80 entreprises industrielles et 40 startups est en cours d\u2019\u00e9laboration par le Parc.<\/p>\n<p>Il est \u00e0 noter que ce parc abrite 39 entreprises industrielles op\u00e9rant dans divers secteurs (m\u00e9caniques, technologie, textile et habillement, agroalimentaire) et employant environ 320 personnes.<\/p>\n<div class=\"wp-post-author-wrap wp-post-author-shortcode left\">\n<h3 class=\"awpa-title\"\/>\n<div class=\"wp-post-author\">\n<div class=\"awpa-img awpa-author-block square\"><a href=\"http:\/\/lexpertjournal.net\/fr\/?author=5\"><img loading=\"lazy\" decoding=\"async\" alt=\"\" src=\"http:\/\/0.gravatar.com\/avatar\/97f8e10a1c1125ba104a76514ee07b16?s=150&amp;d=mm&amp;r=g\" srcset=\"http:\/\/0.gravatar.com\/avatar\/97f8e10a1c1125ba104a76514ee07b16?s=300&amp;d=mm&amp;r=g 2x\" class=\"avatar avatar-150 photo\" height=\"150\" width=\"150\"\/><\/a><\/div>\n<\/div>\n<\/div>\n<aside class=\"mashsb-container mashsb-main mashsb-stretched\">\n<\/aside>\n<p>Auteur: L&rsquo;expert<br \/>\n<a href=\"http:\/\/lexpertjournal.net\/fr\/?p=15188\">Cliquez ici pour lire l&rsquo;article depuis sa source.<\/a><\/p>\n","protected":false},"excerpt":{"rendered":"<p>Le Parc d\u2019Activit\u00e9s Economiques de Zarzis sera bient\u00f4t renforc\u00e9 par l\u2019entr\u00e9e en activit\u00e9 du nouveau centre technologique sp\u00e9cialis\u00e9 dans les nouvelles technologies de l\u2019information et de la communication, \u00ab Zarzis Smart Center \u00bb, pr\u00e9vue pour le mois de septembre 2020. Ce centre offrira pr\u00e8s de 400 postes d\u2019emploi. Le co\u00fbt global de ce projet dont [&hellip;]<\/p>\n","protected":false},"author":1775,"featured_media":0,"comment_status":"closed","ping_status":"closed","sticky":false,"template":"","format":"standard","meta":{"fifu_image_url":"","fifu_image_alt":"","footnotes":""},"categories":[78,55],"tags":[],"class_list":["post-88626","post","type-post","status-publish","format-standard","hentry","category-economie","category-tunisie"],"_links":{"self":[{"href":"https:\/\/linitiative.ca\/International\/wp-json\/wp\/v2\/posts\/88626","targetHints":{"allow":["GET"]}}],"collection":[{"href":"https:\/\/linitiative.ca\/International\/wp-json\/wp\/v2\/posts"}],"about":[{"href":"https:\/\/linitiative.ca\/International\/wp-json\/wp\/v2\/types\/post"}],"author":[{"embeddable":true,"href":"https:\/\/linitiative.ca\/International\/wp-json\/wp\/v2\/users\/1775"}],"replies":[{"embeddable":true,"href":"https:\/\/linitiative.ca\/International\/wp-json\/wp\/v2\/comments?post=88626"}],"version-history":[{"count":0,"href":"https:\/\/linitiative.ca\/International\/wp-json\/wp\/v2\/posts\/88626\/revisions"}],"wp:attachment":[{"href":"https:\/\/linitiative.ca\/International\/wp-json\/wp\/v2\/media?parent=88626"}],"wp:term":[{"taxonomy":"category","embeddable":true,"href":"https:\/\/linitiative.ca\/International\/wp-json\/wp\/v2\/categories?post=88626"},{"taxonomy":"post_tag","embeddable":true,"href":"https:\/\/linitiative.ca\/International\/wp-json\/wp\/v2\/tags?post=88626"}],"curies":[{"name":"wp","href":"https:\/\/api.w.org\/{rel}","templated":true}]}}