{"id":88635,"date":"2020-06-11T13:31:16","date_gmt":"2020-06-11T17:31:16","guid":{"rendered":"https:\/\/linitiative.ca\/International\/medea-coup-denvoi-de-la-campagne-moisson-battage-des-wilayas-dans-le-nord-du-pays\/"},"modified":"2020-06-11T13:31:16","modified_gmt":"2020-06-11T17:31:16","slug":"medea-coup-denvoi-de-la-campagne-moisson-battage-des-wilayas-dans-le-nord-du-pays","status":"publish","type":"post","link":"https:\/\/linitiative.ca\/International\/medea-coup-denvoi-de-la-campagne-moisson-battage-des-wilayas-dans-le-nord-du-pays\/","title":{"rendered":"M\u00e9d\u00e9a: coup d\u2019envoi de la campagne moisson-battage des wilayas dans le Nord du pays"},"content":{"rendered":"<div readability=\"38\">\n<p><strong>MEDEA &#8211; Le ministre de l\u2019Agriculture, du D\u00e9veloppement rurale et de la P\u00eache, Cherif Omari, a donn\u00e9 jeudi \u00e0 M\u00e9d\u00e9a le coup d\u2019envoi officiel de la campagne moisson-battage pour les wilayas du nord du pays et proc\u00e9d\u00e9 au lancement de la campagne nationale de lutte contre les incendies de for\u00eats pour la saison 2020.<\/strong><\/p>\n<\/div>\n<div readability=\"71.697590870668\">\n<p>M. Omari a saisi cette occasion pour rappeler le caract\u00e8re \u00ab\u00a0strat\u00e9gique\u00a0\u00bb de la fili\u00e8re c\u00e9r\u00e9aliculture et la \u00ab\u00a0nouvelle dynamique\u00a0\u00bb enclench\u00e9e par son d\u00e9partement, avec le concours des diff\u00e9rents intervenants en vue \u00ab\u00a0d\u2019augmenter le potentiel existant dans le pays.\u00a0\u00bb<\/p>\n<blockquote readability=\"13\">\n<p><em><strong>\u00ab\u00a0Nous sommes en train de travailler sur la productivit\u00e9 des c\u00e9r\u00e9ales afin de faire augmenter et de fructifier les gisements de production, \u00e9parpill\u00e9s \u00e0 travers tout le territoire national\u00a0\u00bb, a indiqu\u00e9 \u00e0 l\u2019APS le ministre, en marge du lancement de la campagne moisson-battage qui s\u2019est d\u00e9roul\u00e9e au niveau de l\u2019exploitation agricole \u00ab\u00a0Amar Bouarif\u00a0\u00bb, dans la commune de Seghouane, \u00e0 43 km \u00e0 l\u2019est de M\u00e9d\u00e9a.<\/strong><\/em><\/p>\n<\/blockquote>\n<p class=\"c30\"><img loading=\"lazy\" decoding=\"async\" src=\"\/images\/actualite-photos\/regions\/agriculture1.jpg\" alt=\"\" width=\"400\" height=\"267\"\/>\u00a0<\/p>\n<p>La nouvelle dynamique repose, selon le ministre, sur \u00ab\u00a0l\u2019optimisation de l\u2019ensemble des outils (output) susceptible d\u2019\u00eatre mis \u00e0 profit pour atteindre cet objectif, ainsi que sur le recours \u00e0 la recherche scientifique pour d\u00e9velopper encore davantage les techniques et moyens de production de c\u00e9r\u00e9ales\u00a0\u00bb.<\/p>\n<p>Cherif Omari a pr\u00e9cis\u00e9 que son d\u00e9partement \u00e0 mis en \u0153uvre, dans cette optique, des unit\u00e9s de recherche au niveau des grands instituts d\u2019agronomie avec comme mission, l\u2019exploitation de toutes les innovations agricoles et techniques \u00e0 m\u00eame de garantir une hausse substantielle de la production de c\u00e9r\u00e9ales, en particulier les fili\u00e8res bl\u00e9 dur et orge\u00a0\u00bb.<\/p>\n<hr\/>\n<h3>Lire aussi:\u00a0<a href=\"http:\/\/www.aps.dz\/economie\/105947-agriculture-organiser-la-filiere-caroube-et-soutenir-l-investissement-dans-ce-domaine\" target=\"_blank\" rel=\"noopener noreferrer\">Agriculture: organiser la fili\u00e8re Caroube et soutenir l\u2019investissement dans ce domaine<\/a><\/h3>\n<hr\/>\n<blockquote readability=\"14\">\n<p><em><strong>La fili\u00e8re c\u00e9r\u00e9aliculture a r\u00e9alis\u00e9 un \u00ab\u00a0grand acquis\u00a0\u00bb en mati\u00e8re d\u2019autosuffisance en semence, a relev\u00e9 le ministre, assurant que l\u2019Alg\u00e9rie \u00ab\u00a0n\u2019importe plus, depuis 1995, de semences de bl\u00e9, dont les achats \u00e0 l\u2019\u00e9tranger avoisinait les trois (3) millions de quintaux, ce qui repr\u00e9sente pour la tr\u00e9sorerie du pays l\u2019\u00e9quivalent de 400 millions de dollars\u00a0\u00bb.<\/strong><\/em><\/p>\n<\/blockquote>\n<p>Fort de cet acquis, le d\u00e9partement de l\u2019Agriculture \u00ab\u00a0concentre ses efforts pour une exploitation efficace et efficiente de tous les espaces r\u00e9serv\u00e9s \u00e0 la c\u00e9r\u00e9aliculture ou pouvant le devenir, y compris dans le sud du pays, en adoptant un syst\u00e8me d\u2019irrigation permettant d&rsquo;\u00e9conomiser l&rsquo;eau et en associant tous les organismes et structures en relation avec la fili\u00e8re, de sorte \u00e0 parvenir, dans un proche avenir, \u00e0 renforcer notre production de c\u00e9r\u00e9ales\u00a0\u00bb, a indiqu\u00e9 Cherif Omari.<\/p>\n<\/div>\n<p>Auteur:<br \/>\n<a href=\"http:\/\/www.aps.dz\/regions\/106072-medea-coup-d-envoi-de-la-campagne-moisson-battage-des-wilayas-dans-le-nord-du-pays\">Cliquez ici pour lire l&rsquo;article depuis sa source.<\/a><\/p>\n","protected":false},"excerpt":{"rendered":"<p>MEDEA &#8211; Le ministre de l\u2019Agriculture, du D\u00e9veloppement rurale et de la P\u00eache, Cherif Omari, a donn\u00e9 jeudi \u00e0 M\u00e9d\u00e9a le coup d\u2019envoi officiel de la campagne moisson-battage pour les wilayas du nord du pays et proc\u00e9d\u00e9 au lancement de la campagne nationale de lutte contre les incendies de for\u00eats pour la saison 2020. M. [&hellip;]<\/p>\n","protected":false},"author":1790,"featured_media":88636,"comment_status":"closed","ping_status":"closed","sticky":false,"template":"","format":"standard","meta":{"fifu_image_url":"","fifu_image_alt":"","footnotes":""},"categories":[53,76],"tags":[],"class_list":["post-88635","post","type-post","status-publish","format-standard","has-post-thumbnail","hentry","category-algerie","category-regions"],"_links":{"self":[{"href":"https:\/\/linitiative.ca\/International\/wp-json\/wp\/v2\/posts\/88635","targetHints":{"allow":["GET"]}}],"collection":[{"href":"https:\/\/linitiative.ca\/International\/wp-json\/wp\/v2\/posts"}],"about":[{"href":"https:\/\/linitiative.ca\/International\/wp-json\/wp\/v2\/types\/post"}],"author":[{"embeddable":true,"href":"https:\/\/linitiative.ca\/International\/wp-json\/wp\/v2\/users\/1790"}],"replies":[{"embeddable":true,"href":"https:\/\/linitiative.ca\/International\/wp-json\/wp\/v2\/comments?post=88635"}],"version-history":[{"count":0,"href":"https:\/\/linitiative.ca\/International\/wp-json\/wp\/v2\/posts\/88635\/revisions"}],"wp:featuredmedia":[{"embeddable":true,"href":"https:\/\/linitiative.ca\/International\/wp-json\/"}],"wp:attachment":[{"href":"https:\/\/linitiative.ca\/International\/wp-json\/wp\/v2\/media?parent=88635"}],"wp:term":[{"taxonomy":"category","embeddable":true,"href":"https:\/\/linitiative.ca\/International\/wp-json\/wp\/v2\/categories?post=88635"},{"taxonomy":"post_tag","embeddable":true,"href":"https:\/\/linitiative.ca\/International\/wp-json\/wp\/v2\/tags?post=88635"}],"curies":[{"name":"wp","href":"https:\/\/api.w.org\/{rel}","templated":true}]}}