{"id":88646,"date":"2020-06-11T10:30:00","date_gmt":"2020-06-11T14:30:00","guid":{"rendered":"https:\/\/linitiative.ca\/International\/le-siege-de-la-caf-au-caire-approuve-par-le-parlement-egyptien\/"},"modified":"2020-06-11T10:30:00","modified_gmt":"2020-06-11T14:30:00","slug":"le-siege-de-la-caf-au-caire-approuve-par-le-parlement-egyptien","status":"publish","type":"post","link":"https:\/\/linitiative.ca\/International\/le-siege-de-la-caf-au-caire-approuve-par-le-parlement-egyptien\/","title":{"rendered":"Le si\u00e8ge de la CAF au Caire, approuv\u00e9 par le parlement \u00e9gyptien"},"content":{"rendered":"<p class=\"p1 c3\"><span class=\"c2\">R\u00e9unie lundi dernier, la chambre des repr\u00e9sentants du parlement \u00e9gyptien a approuv\u00e9 la mesure consistant \u00e0 faire du Caire le si\u00e8ge de la Conf\u00e9d\u00e9ration africaine de football. Il ne reste plus que le parach\u00e8vement de la proc\u00e9dure l\u00e9gislative pr\u00e9c\u00e9dant son entr\u00e9e en vigueur. Un accord qui ne manquera pas de faciliter les actions de l\u2019instance africaine dans ses missions de d\u00e9veloppement et de promotion du football \u00e0 travers le continent africain.<\/span><\/p>\n<p class=\"p1 c3\"><span class=\"c2\">Lequel accord reconna\u00eet la personnalit\u00e9 juridique internationale de la CAF sur une p\u00e9riode de 10 ans renouvelable. En vertu de cet accord, l\u2019instance du football africain va pouvoir b\u00e9n\u00e9ficier de nombreux avantages et privil\u00e8ges accord\u00e9s aux organisations internationales pour la r\u00e9ussite de leurs missions diplomatiques. Accord qui ne manquera pas de faciliter l\u2019action de l\u2019instance du football africain dans ses missions de d\u00e9veloppement et de promotion du football sur le continent africain.<span class=\"Apple-converted-space\">\u00a0 \u00a0 \u00a0 \u00a0 \u00a0 \u00a0 \u00a0 \u00a0 \u00a0 \u00a0 \u00a0 \u00a0 \u00a0 \u00a0 \u00a0 \u00a0 \u00a0 \u00a0<\/span><\/span><\/p>\n<p class=\"p2 c4\"><span class=\"c2\"><strong>R.B.A<\/strong><\/span><\/p>\n<p>Auteur: letemps1<br \/>\n<a href=\"http:\/\/www.letemps.com.tn\/article\/114706\/le-si%C3%A8ge-de-la-caf-au-caire-approuv%C3%A9-par-le-parlement-%C3%A9gyptien\">Cliquez ici pour lire l&rsquo;article depuis sa source.<\/a><\/p>\n","protected":false},"excerpt":{"rendered":"<p>R\u00e9unie lundi dernier, la chambre des repr\u00e9sentants du parlement \u00e9gyptien a approuv\u00e9 la mesure consistant \u00e0 faire du Caire le si\u00e8ge de la Conf\u00e9d\u00e9ration africaine de football. Il ne reste plus que le parach\u00e8vement de la proc\u00e9dure l\u00e9gislative pr\u00e9c\u00e9dant son entr\u00e9e en vigueur. Un accord qui ne manquera pas de faciliter les actions de l\u2019instance [&hellip;]<\/p>\n","protected":false},"author":1773,"featured_media":0,"comment_status":"closed","ping_status":"closed","sticky":false,"template":"","format":"standard","meta":{"fifu_image_url":"","fifu_image_alt":"","footnotes":""},"categories":[73,55],"tags":[],"class_list":["post-88646","post","type-post","status-publish","format-standard","hentry","category-actualite","category-tunisie"],"_links":{"self":[{"href":"https:\/\/linitiative.ca\/International\/wp-json\/wp\/v2\/posts\/88646","targetHints":{"allow":["GET"]}}],"collection":[{"href":"https:\/\/linitiative.ca\/International\/wp-json\/wp\/v2\/posts"}],"about":[{"href":"https:\/\/linitiative.ca\/International\/wp-json\/wp\/v2\/types\/post"}],"author":[{"embeddable":true,"href":"https:\/\/linitiative.ca\/International\/wp-json\/wp\/v2\/users\/1773"}],"replies":[{"embeddable":true,"href":"https:\/\/linitiative.ca\/International\/wp-json\/wp\/v2\/comments?post=88646"}],"version-history":[{"count":0,"href":"https:\/\/linitiative.ca\/International\/wp-json\/wp\/v2\/posts\/88646\/revisions"}],"wp:attachment":[{"href":"https:\/\/linitiative.ca\/International\/wp-json\/wp\/v2\/media?parent=88646"}],"wp:term":[{"taxonomy":"category","embeddable":true,"href":"https:\/\/linitiative.ca\/International\/wp-json\/wp\/v2\/categories?post=88646"},{"taxonomy":"post_tag","embeddable":true,"href":"https:\/\/linitiative.ca\/International\/wp-json\/wp\/v2\/tags?post=88646"}],"curies":[{"name":"wp","href":"https:\/\/api.w.org\/{rel}","templated":true}]}}