{"id":88647,"date":"2020-06-11T10:30:00","date_gmt":"2020-06-11T14:30:00","guid":{"rendered":"https:\/\/linitiative.ca\/International\/dici-et-dailleurs\/"},"modified":"2020-06-11T10:30:00","modified_gmt":"2020-06-11T14:30:00","slug":"dici-et-dailleurs","status":"publish","type":"post","link":"https:\/\/linitiative.ca\/International\/dici-et-dailleurs\/","title":{"rendered":"D\u2019Ici et d\u2019Ailleurs"},"content":{"rendered":"<p class=\"p1 c3\"><span class=\"c2\"><strong>CA: <span class=\"Apple-converted-space\">\u00a0<\/span><\/strong><\/span><\/p>\n<p class=\"p1 c3\"><span class=\"c2\"><strong>Confiance totale en Lass\u00e2ad Dridi <span class=\"Apple-converted-space\">\u00a0<\/span><\/strong><\/span><\/p>\n<p class=\"p2 c4\">\u00a0<\/p>\n<p class=\"p3 c5\"><span class=\"c2\">Le Club Africain aura un nouveau bureau directeur la saison prochaine mais le staff technique devrait \u00eatre reconduit. Le coach, Lass\u00e2ad Dridi, prolongera son contrat m\u00eame si Abdessalam Younsi quitte son poste puisque toutes les personnes influentes au Parc A sont convaincues par son travail.<\/span><\/p>\n<p class=\"p2 c4\">\u00a0<\/p>\n<p class=\"p1 c3\"><span class=\"c2\"><strong>Haykel Chikhaoui <span class=\"Apple-converted-space\">\u00a0<\/span><\/strong><\/span><\/p>\n<p class=\"p1 c3\"><span class=\"c2\"><strong>\u00e0<span class=\"Apple-converted-space\">\u00a0<\/span> l\u2019Etoile\u00a0?<\/strong><\/span><\/p>\n<p class=\"p3 c5\"><span class=\"c2\">La<span class=\"Apple-converted-space\">\u00a0<\/span> direction du l\u2019Etoile Sportive de Sahel\u00a0souhaite recruter le milieu de terrain du\u00a0Stade Tunisien\u00a0Haykel Chikhaoui. Les n\u00e9gociations ont d\u00e9marr\u00e9 effectivement entre toutes les parties.<\/span><\/p>\n<p class=\"p3 c5\"><span class=\"c2\">Le\u00a0recrutement\u00a0de Lass\u00e2ad Mess\u00e2adi au Stade Tunisien pourrait acc\u00e9l\u00e9rer le d\u00e9part de Chikhaoui, dont le\u00a0contrat\u00a0s\u2019ach\u00e8ve en juin 2021.<\/span><\/p>\n<p class=\"p2 c4\">\u00a0<\/p>\n<p class=\"p1 c3\"><span class=\"c2\"><strong>L\u2019ESS int\u00e9ress\u00e9e<span class=\"Apple-converted-space\">\u00a0<\/span><\/strong><\/span><\/p>\n<p class=\"p1 c3\"><span class=\"c2\"><strong>par Carteron<span class=\"Apple-converted-space\">\u00a0<\/span><\/strong><\/span><\/p>\n<p class=\"p2 c4\"><span class=\"c2\"><span class=\"Apple-converted-space\">\u00a0<\/span><\/span><\/p>\n<p class=\"p3 c5\"><span class=\"c2\"><span class=\"Apple-converted-space\">\u00a0<\/span>Ce n\u2019est plus un secret. L\u2019Etoile Sportive du Sahel est fortement int\u00e9ress\u00e9e par le technicien fran\u00e7ais Patrice Carteron. Le bureau directeur conduit par Ridha Charfeddine voudrait saisir cette occasion, d\u2019autant plus que le technicien fran\u00e7ais n\u2019a toujours pas prolong\u00e9 son contrat avec le Zamalek.<\/span><\/p>\n<p class=\"p3 c5\"><span class=\"c2\">Mardi soir, le club cairote a annonc\u00e9 que le pr\u00e9sident Mortada Mansour aura une r\u00e9union avec son entraineur samedi. D\u2019apr\u00e8s la chaine ON Time Sports, les deux hommes devraient trouver un accord pour plier d\u00e9finitivement le dossier.\u00a0<\/span><\/p>\n<p class=\"p4 c6\">\u00a0<\/p>\n<p class=\"p5 c7\"><span class=\"c2\"><strong>Ben Mime porte plainte contre Mansour<\/strong><\/span><\/p>\n<p class=\"p2 c4\">\u00a0<\/p>\n<p class=\"p3 c5\"><span class=\"c2\">Me Anis Ben Mime a d\u00e9cid\u00e9 officiellement de porter plainte contre Mortadha Mansour, pr\u00e9sident du Zamalek d\u2019Egypte. La plainte a \u00e9t\u00e9 d\u00e9pos\u00e9e aupr\u00e8s de la commission d\u2019\u00e9thique de la FIFA.\u00a0<\/span><\/p>\n<p class=\"p3 c5\"><span class=\"c2\">L\u2019avocat a pr\u00e9cis\u00e9 que le pr\u00e9sident du club \u00e9gyptien a fait plusieurs d\u00e9clarations qui touchent le joueur Hamdi Nagguez et lui-m\u00eame.<\/span><\/p>\n<p class=\"p3 c5\"><span class=\"c2\">\u00abEn effet, Mansour\u00a0s\u2019est attaqu\u00e9\u00a0\u00e0\u00a0la FIFA et par la suite, il m\u2019a accus\u00e9 de d\u00e9rober des documents de la FIFA.\u00a0Pourtant,\u00a0il sait bien qu\u2019il n\u2019y a pas de documents et que la FIFA applique la politique de z\u00e9ro papier. Il m\u2019a accus\u00e9 de complot en complicit\u00e9\u00a0avec la FIFA et par la suite il a accus\u00e9 son propre avocat en charge de cette affaire. Toutes les d\u00e9clarations ont \u00e9t\u00e9 traduites et remises \u00e0 la commission\u00bb.<\/span><\/p>\n<p class=\"p3 c5\"><span class=\"c2\">Ben Mime a assur\u00e9 que la commission peut \u00e9carter le responsable pour une dur\u00e9e d\u00e9termin\u00e9e ou sa suppression d\u00e9finitive des listes de la FIFA.<\/span><\/p>\n<p class=\"p3 c5\"><span class=\"c2\">L\u2019avocat a indiqu\u00e9 qu\u2019il ne demandera pas r\u00e9paration car il ne cherche pas des indemnisations. L\u2019objectif est de mettre un terme \u00e0 ce genre d\u2019accusations, a ajout\u00e9 l\u2019avocat.\u00a0<\/span><\/p>\n<p class=\"p4 c6\">\u00a0<\/p>\n<p class=\"p5 c7\"><span class=\"c2\"><strong>Le torchon br\u00fble entre<span class=\"Apple-converted-space\">\u00a0<\/span><\/strong><\/span><\/p>\n<p class=\"p5 c7\"><span class=\"c2\"><strong>Al Ahly et Zamalek\u00a0!<\/strong><\/span><\/p>\n<p class=\"p2 c4\">\u00a0<\/p>\n<p class=\"p3 c5\"><span class=\"c2\">Invit\u00e9 de la chaine Al Ahly TV, le directeur de la section football du club cairote a encore une fois provoqu\u00e9 le Zamalek dans la pol\u00e9mique provoqu\u00e9 par le titre du \u00abclub du si\u00e8cle\u00bb. Saied Abdelhafidh a d\u00e9clar\u00e9\u00a0: \u00ab\u00a0Si Al Ahly, l\u2019Esp\u00e9rance Sportive de Tunis et le TP Mazembe sont \u00e9cart\u00e9s, alors \u00e7a doit \u00eatre le WAC\u00a0\u00bb.\u00a0<\/span><\/p>\n<p class=\"p3 c5\"><span class=\"c2\">Cette d\u00e9claration du dirigeant ahlawi a d\u00e9clench\u00e9 la r\u00e9action de Khaled Al Ghandour sur Zamalek TV\u00a0: \u00ab\u00a0Ce n\u2019est pas \u00e0 Abdelhafidh de nommer les clubs favoris pour ce titre honorifique. C\u2019est inadmissible que de telles d\u00e9clarations soient faites par un responsable\u00a0\u00bb.<\/span><\/p>\n<p class=\"p6 c8\"><span class=\"c2\"><strong>Ameur KERKENNI<\/strong><\/span><\/p>\n<p>Auteur: letemps1<br \/>\n<a href=\"http:\/\/www.letemps.com.tn\/article\/114707\/d%E2%80%99ici-et-d%E2%80%99ailleurs\">Cliquez ici pour lire l&rsquo;article depuis sa source.<\/a><\/p>\n","protected":false},"excerpt":{"rendered":"<p>CA: \u00a0 Confiance totale en Lass\u00e2ad Dridi \u00a0 \u00a0 Le Club Africain aura un nouveau bureau directeur la saison prochaine mais le staff technique devrait \u00eatre reconduit. Le coach, Lass\u00e2ad Dridi, prolongera son contrat m\u00eame si Abdessalam Younsi quitte son poste puisque toutes les personnes influentes au Parc A sont convaincues par son travail. \u00a0 [&hellip;]<\/p>\n","protected":false},"author":1773,"featured_media":0,"comment_status":"closed","ping_status":"closed","sticky":false,"template":"","format":"standard","meta":{"fifu_image_url":"","fifu_image_alt":"","footnotes":""},"categories":[73,55],"tags":[],"class_list":["post-88647","post","type-post","status-publish","format-standard","hentry","category-actualite","category-tunisie"],"_links":{"self":[{"href":"https:\/\/linitiative.ca\/International\/wp-json\/wp\/v2\/posts\/88647","targetHints":{"allow":["GET"]}}],"collection":[{"href":"https:\/\/linitiative.ca\/International\/wp-json\/wp\/v2\/posts"}],"about":[{"href":"https:\/\/linitiative.ca\/International\/wp-json\/wp\/v2\/types\/post"}],"author":[{"embeddable":true,"href":"https:\/\/linitiative.ca\/International\/wp-json\/wp\/v2\/users\/1773"}],"replies":[{"embeddable":true,"href":"https:\/\/linitiative.ca\/International\/wp-json\/wp\/v2\/comments?post=88647"}],"version-history":[{"count":0,"href":"https:\/\/linitiative.ca\/International\/wp-json\/wp\/v2\/posts\/88647\/revisions"}],"wp:attachment":[{"href":"https:\/\/linitiative.ca\/International\/wp-json\/wp\/v2\/media?parent=88647"}],"wp:term":[{"taxonomy":"category","embeddable":true,"href":"https:\/\/linitiative.ca\/International\/wp-json\/wp\/v2\/categories?post=88647"},{"taxonomy":"post_tag","embeddable":true,"href":"https:\/\/linitiative.ca\/International\/wp-json\/wp\/v2\/tags?post=88647"}],"curies":[{"name":"wp","href":"https:\/\/api.w.org\/{rel}","templated":true}]}}