{"id":88648,"date":"2020-06-11T15:13:14","date_gmt":"2020-06-11T19:13:14","guid":{"rendered":"https:\/\/linitiative.ca\/International\/equipe-dalgerie-maxime-lopez-repond-a-linteret-de-lalgerie\/"},"modified":"2020-06-11T15:13:14","modified_gmt":"2020-06-11T19:13:14","slug":"equipe-dalgerie-maxime-lopez-repond-a-linteret-de-lalgerie","status":"publish","type":"post","link":"https:\/\/linitiative.ca\/International\/equipe-dalgerie-maxime-lopez-repond-a-linteret-de-lalgerie\/","title":{"rendered":"Equipe d&rsquo;Alg\u00e9rie : Maxime Lopez r\u00e9pond \u00e0 l&rsquo;int\u00e9r\u00eat de l&rsquo;Alg\u00e9rie"},"content":{"rendered":"<div readability=\"32\">\n<p>Auteur : <span class=\"time\">jeudi 11 juin 2020 12:11<\/span><\/p>\n<\/div>\n<div id=\"post_core\" readability=\"50\">\n<p>Pur produit du centre de formation de l&rsquo;OM, Maxime Lopez a eu du mal \u00e0 s&rsquo;imposer au milieu de terrain cette saison sous les ordres d&rsquo;Andr\u00e9 Villas-Boas. Cantonn\u00e9 \u00e0 un r\u00f4le de supersub, l&rsquo;international espoirs fran\u00e7ais fait cependant partie des plans du coach la saison prochaine, pour la Ligue des Champions notamment. Concernant la s\u00e9lection, le joueur a avou\u00e9 dans un live sur Twitch avec le steamer Warkik, qu&rsquo;il voulait continuer \u00e0 arborer le maillot des Bleus et n&rsquo;a pas pens\u00e9 pour le moment \u00e0 rejoindre l&rsquo;Alg\u00e9rie, pays de sa m\u00e8re. Cependant, il ne ferme aucune porte:\u00a0\u00abEst-ce que j\u2019ai d\u00e9j\u00e0 pens\u00e9 \u00e0 jouer avec l\u2019Alg\u00e9rie ? Honn\u00eatement, non. On m\u2019a pos\u00e9 500 000 fois la question : mon fr\u00e8re (Julien Lopez) a jou\u00e9 en \u00e9quipes de jeunes (Alg\u00e9rie), ma m\u00e8re est alg\u00e9rienne, donc c\u2019est vrai que j\u2019ai la possibilit\u00e9 de jouer. Apr\u00e8s, depuis que je suis en jeunes, je suis en \u00e9quipe de France, donc je vais continuer l\u00e0-dessus et on verra mais ce n\u2019est pas pour autant que je mets de c\u00f4t\u00e9 l\u2019Alg\u00e9rie.\u00bb a avou\u00e9 le jeune joueur de l&rsquo;OM comme rapport\u00e9 par OnzeMondial.com.<\/p>\n<p><strong>Publi\u00e9 dans :<\/strong> <span>Maxime Lopez<\/span><\/p>\n<\/div>\n<p>Auteur:<br \/>\n<a href=\"http:\/\/www.lebuteur.com\/article\/detail?titre=maxime-lopez-repond-a-linteret-de-lalgerie&#038;id=96213&#038;utm_source=feedburner&#038;utm_medium=feed&#038;utm_campaign=Feed%3A+GalerieFArtciles+%28Les+derniers+articles++-+lebuteur.com%29\">Cliquez ici pour lire l&rsquo;article depuis sa source.<\/a><\/p>\n","protected":false},"excerpt":{"rendered":"<p>Auteur : jeudi 11 juin 2020 12:11 Pur produit du centre de formation de l&rsquo;OM, Maxime Lopez a eu du mal \u00e0 s&rsquo;imposer au milieu de terrain cette saison sous les ordres d&rsquo;Andr\u00e9 Villas-Boas. Cantonn\u00e9 \u00e0 un r\u00f4le de supersub, l&rsquo;international espoirs fran\u00e7ais fait cependant partie des plans du coach la saison prochaine, pour la [&hellip;]<\/p>\n","protected":false},"author":1738,"featured_media":88649,"comment_status":"closed","ping_status":"closed","sticky":false,"template":"","format":"standard","meta":{"fifu_image_url":"","fifu_image_alt":"","footnotes":""},"categories":[53,75],"tags":[],"class_list":["post-88648","post","type-post","status-publish","format-standard","has-post-thumbnail","hentry","category-algerie","category-sport"],"_links":{"self":[{"href":"https:\/\/linitiative.ca\/International\/wp-json\/wp\/v2\/posts\/88648","targetHints":{"allow":["GET"]}}],"collection":[{"href":"https:\/\/linitiative.ca\/International\/wp-json\/wp\/v2\/posts"}],"about":[{"href":"https:\/\/linitiative.ca\/International\/wp-json\/wp\/v2\/types\/post"}],"author":[{"embeddable":true,"href":"https:\/\/linitiative.ca\/International\/wp-json\/wp\/v2\/users\/1738"}],"replies":[{"embeddable":true,"href":"https:\/\/linitiative.ca\/International\/wp-json\/wp\/v2\/comments?post=88648"}],"version-history":[{"count":0,"href":"https:\/\/linitiative.ca\/International\/wp-json\/wp\/v2\/posts\/88648\/revisions"}],"wp:featuredmedia":[{"embeddable":true,"href":"https:\/\/linitiative.ca\/International\/wp-json\/"}],"wp:attachment":[{"href":"https:\/\/linitiative.ca\/International\/wp-json\/wp\/v2\/media?parent=88648"}],"wp:term":[{"taxonomy":"category","embeddable":true,"href":"https:\/\/linitiative.ca\/International\/wp-json\/wp\/v2\/categories?post=88648"},{"taxonomy":"post_tag","embeddable":true,"href":"https:\/\/linitiative.ca\/International\/wp-json\/wp\/v2\/tags?post=88648"}],"curies":[{"name":"wp","href":"https:\/\/api.w.org\/{rel}","templated":true}]}}