{"id":88650,"date":"2020-06-11T15:13:16","date_gmt":"2020-06-11T19:13:16","guid":{"rendered":"https:\/\/linitiative.ca\/International\/equipe-dalgerie-classement-fifa-pas-de-changement-pour-les-verts\/"},"modified":"2020-06-11T15:13:16","modified_gmt":"2020-06-11T19:13:16","slug":"equipe-dalgerie-classement-fifa-pas-de-changement-pour-les-verts","status":"publish","type":"post","link":"https:\/\/linitiative.ca\/International\/equipe-dalgerie-classement-fifa-pas-de-changement-pour-les-verts\/","title":{"rendered":"Equipe d&rsquo;Alg\u00e9rie : Classement FIFA: Pas de changement pour les Verts"},"content":{"rendered":"<div readability=\"32\">\n<p>Auteur : <span class=\"time\">jeudi 11 juin 2020 13:48<\/span><\/p>\n<\/div>\n<div id=\"post_core\" readability=\"46\">\n<p>Malgr\u00e9 la pand\u00e9mie du coronavirus, qui a emp\u00each\u00e9 de disputer le moindre match international depuis plusieurs mois, la FIFA a maintenu sa publication, pr\u00e9vue ce jeudi, de son classement des nations. Et comme il fallait s\u2019y attendre, presque aucun changement n\u2019a \u00e9t\u00e9 enregistr\u00e9 dans ce nouveau classement. Les Verts ont donc conserv\u00e9 leur 35\u00e8me place mondiale. Au niveau arabe, les hommes de Belmadi arrivent \u00e0 la deuxi\u00e8me place, derri\u00e8re la Tunisie, tandis qu\u2019ils sont toujours \u00e0 la quatri\u00e8me place au niveau africain derri\u00e8re le S\u00e9n\u00e9gal, la Tunisie et le Nig\u00e9ria.<\/p>\n<p><strong>Publi\u00e9 dans :<\/strong> <span>classement fifa<\/span><\/p>\n<\/div>\n<p>Auteur:<br \/>\n<a href=\"http:\/\/www.lebuteur.com\/article\/detail?titre=classement-fifa-pas-de-changement-pour-les-verts&#038;id=96214&#038;utm_source=feedburner&#038;utm_medium=feed&#038;utm_campaign=Feed%3A+GalerieFArtciles+%28Les+derniers+articles++-+lebuteur.com%29\">Cliquez ici pour lire l&rsquo;article depuis sa source.<\/a><\/p>\n","protected":false},"excerpt":{"rendered":"<p>Auteur : jeudi 11 juin 2020 13:48 Malgr\u00e9 la pand\u00e9mie du coronavirus, qui a emp\u00each\u00e9 de disputer le moindre match international depuis plusieurs mois, la FIFA a maintenu sa publication, pr\u00e9vue ce jeudi, de son classement des nations. Et comme il fallait s\u2019y attendre, presque aucun changement n\u2019a \u00e9t\u00e9 enregistr\u00e9 dans ce nouveau classement. Les [&hellip;]<\/p>\n","protected":false},"author":1738,"featured_media":88651,"comment_status":"closed","ping_status":"closed","sticky":false,"template":"","format":"standard","meta":{"fifu_image_url":"","fifu_image_alt":"","footnotes":""},"categories":[53,75],"tags":[],"class_list":["post-88650","post","type-post","status-publish","format-standard","has-post-thumbnail","hentry","category-algerie","category-sport"],"_links":{"self":[{"href":"https:\/\/linitiative.ca\/International\/wp-json\/wp\/v2\/posts\/88650","targetHints":{"allow":["GET"]}}],"collection":[{"href":"https:\/\/linitiative.ca\/International\/wp-json\/wp\/v2\/posts"}],"about":[{"href":"https:\/\/linitiative.ca\/International\/wp-json\/wp\/v2\/types\/post"}],"author":[{"embeddable":true,"href":"https:\/\/linitiative.ca\/International\/wp-json\/wp\/v2\/users\/1738"}],"replies":[{"embeddable":true,"href":"https:\/\/linitiative.ca\/International\/wp-json\/wp\/v2\/comments?post=88650"}],"version-history":[{"count":0,"href":"https:\/\/linitiative.ca\/International\/wp-json\/wp\/v2\/posts\/88650\/revisions"}],"wp:featuredmedia":[{"embeddable":true,"href":"https:\/\/linitiative.ca\/International\/wp-json\/"}],"wp:attachment":[{"href":"https:\/\/linitiative.ca\/International\/wp-json\/wp\/v2\/media?parent=88650"}],"wp:term":[{"taxonomy":"category","embeddable":true,"href":"https:\/\/linitiative.ca\/International\/wp-json\/wp\/v2\/categories?post=88650"},{"taxonomy":"post_tag","embeddable":true,"href":"https:\/\/linitiative.ca\/International\/wp-json\/wp\/v2\/tags?post=88650"}],"curies":[{"name":"wp","href":"https:\/\/api.w.org\/{rel}","templated":true}]}}