{"id":88652,"date":"2020-06-11T15:13:18","date_gmt":"2020-06-11T19:13:18","guid":{"rendered":"https:\/\/linitiative.ca\/International\/pros-le-real-betis-attend-la-reponse-de-mandi\/"},"modified":"2020-06-11T15:13:18","modified_gmt":"2020-06-11T19:13:18","slug":"pros-le-real-betis-attend-la-reponse-de-mandi","status":"publish","type":"post","link":"https:\/\/linitiative.ca\/International\/pros-le-real-betis-attend-la-reponse-de-mandi\/","title":{"rendered":"Pros : Le Real B\u00e9tis attend la r\u00e9ponse de Mandi"},"content":{"rendered":"<div readability=\"32\">\n<p>Auteur : <span>Riad Ouenzar<\/span> <span class=\"time\">jeudi 11 juin 2020 13:56<\/span><\/p>\n<\/div>\n<div id=\"post_core\" readability=\"39\">\n<p>A en croire le m\u00e9dia espagnol, Estadio Deportivo, la direction du Real B\u00e9tis s\u2019est pench\u00e9e sur le cas Aissa Mandi et ce apr\u00e8s avoir r\u00e9ussi \u00e0 prolonger plusieurs de ses joueurs. La m\u00eame source a expliqu\u00e9 que les responsables du club andalou attendent d\u00e9sormais la r\u00e9ponse du joueur Alg\u00e9rien concernant la prolongation de son contrat. Le m\u00e9dia espagnol a r\u00e9v\u00e9l\u00e9 que les responsables du Real B\u00e9tis esp\u00e8rent prolonger le contrat de Mandi de deux ou trois saisons suppl\u00e9mentaires, tout en augmentant le montant de sa clause lib\u00e9ratoire de 30 \u00e0 50 millions d\u2019euros. Rappelons que plusieurs clubs europ\u00e9ens sont sur les traces de Mandi tels que l\u2019Atl\u00e9tico Madrid, l\u2019OL et Newcatsle.<\/p>\n<p><strong>Publi\u00e9 dans :<\/strong> <span>Mandi<\/span><\/p>\n<\/div>\n<p>Auteur:<br \/>\n<a href=\"http:\/\/www.lebuteur.com\/article\/detail?titre=le-real-betis-attend-la-reponse-de-mandi&#038;id=96215&#038;utm_source=feedburner&#038;utm_medium=feed&#038;utm_campaign=Feed%3A+GalerieFArtciles+%28Les+derniers+articles++-+lebuteur.com%29\">Cliquez ici pour lire l&rsquo;article depuis sa source.<\/a><\/p>\n","protected":false},"excerpt":{"rendered":"<p>Auteur : Riad Ouenzar jeudi 11 juin 2020 13:56 A en croire le m\u00e9dia espagnol, Estadio Deportivo, la direction du Real B\u00e9tis s\u2019est pench\u00e9e sur le cas Aissa Mandi et ce apr\u00e8s avoir r\u00e9ussi \u00e0 prolonger plusieurs de ses joueurs. La m\u00eame source a expliqu\u00e9 que les responsables du club andalou attendent d\u00e9sormais la r\u00e9ponse [&hellip;]<\/p>\n","protected":false},"author":1738,"featured_media":88653,"comment_status":"closed","ping_status":"closed","sticky":false,"template":"","format":"standard","meta":{"fifu_image_url":"","fifu_image_alt":"","footnotes":""},"categories":[53,75],"tags":[],"class_list":["post-88652","post","type-post","status-publish","format-standard","has-post-thumbnail","hentry","category-algerie","category-sport"],"_links":{"self":[{"href":"https:\/\/linitiative.ca\/International\/wp-json\/wp\/v2\/posts\/88652","targetHints":{"allow":["GET"]}}],"collection":[{"href":"https:\/\/linitiative.ca\/International\/wp-json\/wp\/v2\/posts"}],"about":[{"href":"https:\/\/linitiative.ca\/International\/wp-json\/wp\/v2\/types\/post"}],"author":[{"embeddable":true,"href":"https:\/\/linitiative.ca\/International\/wp-json\/wp\/v2\/users\/1738"}],"replies":[{"embeddable":true,"href":"https:\/\/linitiative.ca\/International\/wp-json\/wp\/v2\/comments?post=88652"}],"version-history":[{"count":0,"href":"https:\/\/linitiative.ca\/International\/wp-json\/wp\/v2\/posts\/88652\/revisions"}],"wp:featuredmedia":[{"embeddable":true,"href":"https:\/\/linitiative.ca\/International\/wp-json\/"}],"wp:attachment":[{"href":"https:\/\/linitiative.ca\/International\/wp-json\/wp\/v2\/media?parent=88652"}],"wp:term":[{"taxonomy":"category","embeddable":true,"href":"https:\/\/linitiative.ca\/International\/wp-json\/wp\/v2\/categories?post=88652"},{"taxonomy":"post_tag","embeddable":true,"href":"https:\/\/linitiative.ca\/International\/wp-json\/wp\/v2\/tags?post=88652"}],"curies":[{"name":"wp","href":"https:\/\/api.w.org\/{rel}","templated":true}]}}