{"id":88654,"date":"2020-06-11T15:13:19","date_gmt":"2020-06-11T19:13:19","guid":{"rendered":"https:\/\/linitiative.ca\/International\/international-nice-rivere-annonce-la-couleur-pour-atal\/"},"modified":"2020-06-11T15:13:19","modified_gmt":"2020-06-11T19:13:19","slug":"international-nice-rivere-annonce-la-couleur-pour-atal","status":"publish","type":"post","link":"https:\/\/linitiative.ca\/International\/international-nice-rivere-annonce-la-couleur-pour-atal\/","title":{"rendered":"International : Nice: Riv\u00e8re annonce la couleur pour Atal"},"content":{"rendered":"<div readability=\"32\">\n<p>Auteur : <span class=\"time\">jeudi 11 juin 2020 17:27<\/span><\/p>\n<\/div>\n<div id=\"post_core\" readability=\"44\">\n<p>Le pr\u00e9sident de l&rsquo;OGC Nice, Jean-Pierre Riv\u00e8re, a confirm\u00e9 la tendance pour Youcef Atal. Dans un entretien accord\u00e9 \u00e0 Nice-Matin, le dirigeant azur\u00e9en affirme que son lat\u00e9ral droit ne sera pas vendu lors du mercato estival: \u00ab\u00a0On souhaite conserver Youcef Atal, et on va le conserver\u00a0\u00bb, annonce le patron des Aiglons au quotidien r\u00e9gional. Victime d\u2019une grave blessure \u00e0 un genou d\u00e9but d\u00e9cembre, l&rsquo;international alg\u00e9rien a \u00e9t\u00e9 associ\u00e9 \u00e0 de nombreux clubs ces derniers mois. Le PSG, Tottenham, Chelsea, l\u2019Atletico Madrid ou encore le Milan AC ont tous manifest\u00e9 un int\u00e9r\u00eat rapporte Maxifoot.fr.<\/p>\n<p><strong>Publi\u00e9 dans :<\/strong> <span>Atal<\/span><\/p>\n<\/div>\n<p>Auteur:<br \/>\n<a href=\"http:\/\/www.lebuteur.com\/article\/detail?titre=nice-rivere-annonce-la-couleur-pour-atal&#038;id=96216&#038;utm_source=feedburner&#038;utm_medium=feed&#038;utm_campaign=Feed%3A+GalerieFArtciles+%28Les+derniers+articles++-+lebuteur.com%29\">Cliquez ici pour lire l&rsquo;article depuis sa source.<\/a><\/p>\n","protected":false},"excerpt":{"rendered":"<p>Auteur : jeudi 11 juin 2020 17:27 Le pr\u00e9sident de l&rsquo;OGC Nice, Jean-Pierre Riv\u00e8re, a confirm\u00e9 la tendance pour Youcef Atal. Dans un entretien accord\u00e9 \u00e0 Nice-Matin, le dirigeant azur\u00e9en affirme que son lat\u00e9ral droit ne sera pas vendu lors du mercato estival: \u00ab\u00a0On souhaite conserver Youcef Atal, et on va le conserver\u00a0\u00bb, annonce le [&hellip;]<\/p>\n","protected":false},"author":1738,"featured_media":88655,"comment_status":"closed","ping_status":"closed","sticky":false,"template":"","format":"standard","meta":{"fifu_image_url":"","fifu_image_alt":"","footnotes":""},"categories":[53,75],"tags":[],"class_list":["post-88654","post","type-post","status-publish","format-standard","has-post-thumbnail","hentry","category-algerie","category-sport"],"_links":{"self":[{"href":"https:\/\/linitiative.ca\/International\/wp-json\/wp\/v2\/posts\/88654","targetHints":{"allow":["GET"]}}],"collection":[{"href":"https:\/\/linitiative.ca\/International\/wp-json\/wp\/v2\/posts"}],"about":[{"href":"https:\/\/linitiative.ca\/International\/wp-json\/wp\/v2\/types\/post"}],"author":[{"embeddable":true,"href":"https:\/\/linitiative.ca\/International\/wp-json\/wp\/v2\/users\/1738"}],"replies":[{"embeddable":true,"href":"https:\/\/linitiative.ca\/International\/wp-json\/wp\/v2\/comments?post=88654"}],"version-history":[{"count":0,"href":"https:\/\/linitiative.ca\/International\/wp-json\/wp\/v2\/posts\/88654\/revisions"}],"wp:featuredmedia":[{"embeddable":true,"href":"https:\/\/linitiative.ca\/International\/wp-json\/"}],"wp:attachment":[{"href":"https:\/\/linitiative.ca\/International\/wp-json\/wp\/v2\/media?parent=88654"}],"wp:term":[{"taxonomy":"category","embeddable":true,"href":"https:\/\/linitiative.ca\/International\/wp-json\/wp\/v2\/categories?post=88654"},{"taxonomy":"post_tag","embeddable":true,"href":"https:\/\/linitiative.ca\/International\/wp-json\/wp\/v2\/tags?post=88654"}],"curies":[{"name":"wp","href":"https:\/\/api.w.org\/{rel}","templated":true}]}}