{"id":88658,"date":"2020-06-10T19:00:00","date_gmt":"2020-06-10T23:00:00","guid":{"rendered":"https:\/\/linitiative.ca\/International\/le-pr-belhocine-installe-a-la-tete-de-la-cellule-dinvestigation-et-de-suivi-des-enquetes-epidemiologiques\/"},"modified":"2020-06-10T19:00:00","modified_gmt":"2020-06-10T23:00:00","slug":"le-pr-belhocine-installe-a-la-tete-de-la-cellule-dinvestigation-et-de-suivi-des-enquetes-epidemiologiques","status":"publish","type":"post","link":"https:\/\/linitiative.ca\/International\/le-pr-belhocine-installe-a-la-tete-de-la-cellule-dinvestigation-et-de-suivi-des-enquetes-epidemiologiques\/","title":{"rendered":"Le Pr. Belhocine install\u00e9 \u00e0 la t\u00eate de la Cellule d\u2019investigation et de suivi des enqu\u00eates \u00e9pid\u00e9miologiques"},"content":{"rendered":"<p><strong>M. Djerad met en avant le r\u00f4le de la Cellule : \u00abConsolider les strat\u00e9gies de lutte contre les \u00e9pid\u00e9mies\u00bb<\/strong><\/p>\n<div readability=\"100\">\n<p>Le Premier ministre, Abdelaziz Djerad, a mis en avant, hier \u00e0 Alger, l&rsquo;importance de la Cellule d&rsquo;investigation et de suivi des enqu\u00eates \u00e9pid\u00e9miologiques, au regard de son r\u00f4le dans la consolidation, l&rsquo;\u00e9valuation et le d\u00e9veloppement de strat\u00e9gies de lutte contre la propagation d&rsquo;\u00e9pid\u00e9mies en Alg\u00e9rie.<\/p>\n<p>\u00abLa Cellule op\u00e9rationnelle d&rsquo;investigation et de suivi des enqu\u00eates \u00e9pid\u00e9miologiques contribuera \u00e0 l\u2019avenir \u00e0 consolider, \u00e9valuer et d\u00e9velopper des strat\u00e9gies de lutte contre la propagation d&rsquo;\u00e9pid\u00e9mies dans notre pays\u00bb, a indiqu\u00e9 M. Djerad dans son allocution \u00e0 l\u2019occasion de l\u2019installation du Pr. Mohamed Belhocine \u00e0 la t\u00eate de cette Cellule.<\/p>\n<p>La mise en place de cette cellule \u00abparticipe de la strat\u00e9gie adopt\u00e9e par les pouvoirs publics pour lutter contre la propagation de la Covid-19, dans cette \u00e9tape sensible de sortie progressive et organis\u00e9e du confinement\u00bb, a-t-il ajout\u00e9, pr\u00e9cisant que \u00abla feuille de route adopt\u00e9e par le Gouvernement pour sortir progressivement et prudemment du confinement, est ax\u00e9e essentiellement sur la n\u00e9cessit\u00e9 d&rsquo;accompagner les \u00e9tapes du d\u00e9confinement et la reprise progressive des activit\u00e9s \u00e9conomiques, commerciales et sociales, ainsi que sur le renforcement du syst\u00e8me de recherche et d&rsquo;investigation des \u00e9pid\u00e9mies, fer de lance de notre bataille contre la Covid-19\u00bb.<\/p>\n<p>Pour la Premier ministre, les missions d\u00e9volues \u00e0 la Cellule d&rsquo;investigation et de suivi des enqu\u00eates \u00e9pid\u00e9miologiques consistent en \u00able renforcement des moyens et\u00a0 m\u00e9canismes des \u00e9quipes d&rsquo;enqu\u00eates \u00e9pid\u00e9miologiques et la garantie d&rsquo;une riposte rapide des \u00e9quipes d&rsquo;investigation et d&rsquo;enqu\u00eates \u00e9pid\u00e9miologiques, tout en s&rsquo;assurant que les enqu\u00eates \u00e9pid\u00e9miologiques soient minutieusement men\u00e9es pour chaque cas et sujets contacts, dans chaque r\u00e9gion, m\u00eame si le nombre d&rsquo;infections augmente, car il est absolument n\u00e9cessaire d&rsquo;enrayer la propagation de la pand\u00e9mie, de collecter et mettre \u00e0 jour les informations \u00e9pid\u00e9miologiques obtenues gr\u00e2ce aux enqu\u00eates \u00e9pid\u00e9miologiques et de les exploiter en temps r\u00e9el \u00e0 travers la cr\u00e9ation d&rsquo;un syst\u00e8me informatis\u00e9 garantissant l&rsquo;acc\u00e8s quotidien aux donn\u00e9es, ce qui permet de mettre \u00e0 jour quotidiennement la carte \u00e9pid\u00e9miologique au niveau national\u00bb.<\/p>\n<p>La Cellule est, \u00e9galement, charg\u00e9e d&rsquo;\u00aborganiser le diagnostic et les tests des cas suspects et des sujets contacts, \u00e9largir l&rsquo;enqu\u00eate \u00e9pid\u00e9miologique pour inclure tous les sujets en contact avec les cas confirm\u00e9s, multiplier les efforts de suivi des cha\u00eenes de transmission du virus et \u00e9largir la recherche sur les personnes infect\u00e9es en menant des enqu\u00eates approfondies et proactives et organiser un dispositif bien ficel\u00e9 pour soumettre tous les sujets contacts avec les cas confirm\u00e9s \u00e0 l&rsquo;isolement\u00bb, a poursuivi le Premier ministre.<\/p>\n<p>Plus explicite, M. Djerad a indiqu\u00e9 que la cellule op\u00e9rationnelle dont l&rsquo;organisation sera confi\u00e9e \u00e0 \u00abla cellule centrale qui si\u00e8ge \u00e0 l\u2019Institut national de sant\u00e9 publique (INSP)- et \u00e0 quatre centres r\u00e9gionaux, en sus des services d\u2019\u00e9pid\u00e9miologie et de m\u00e9decine pr\u00e9ventive (SEMEP), b\u00e9n\u00e9ficiera du soutien absolu des services centraux et locaux du minist\u00e8re de la Sant\u00e9 qui assureront aux \u00e9quipes d\u2019investigation \u00e9pid\u00e9miologique les moyens humains et logistiques n\u00e9cessaires \u00e0 l&rsquo;exercice de leur mission\u00bb.<\/p>\n<p>L&rsquo;occasion \u00e9tait pour le Premier ministre d&rsquo;inviter le ministre de la Sant\u00e9, de la Population et de la R\u00e9forme hospitali\u00e8re \u00e0 \u00absaisir cette occasion pour adapter et mettre \u00e0 jour les protocoles et m\u00e9thodes d&rsquo;enqu\u00eates \u00e9pid\u00e9miologiques \u00e0 la lumi\u00e8re des caract\u00e9ristiques de la pand\u00e9mie de la Covid-19, de mani\u00e8re \u00e0 permettre la collecte rapide et syst\u00e9matique de donn\u00e9es selon un format facile \u00e0 analyser et \u00e0 exploiter, pour mieux appr\u00e9hender la propagation, la gravit\u00e9, la progression et l&rsquo;impact de la maladie et adopter les orientations, les recommandations et les contre-mesures\u00bb.<\/p>\n<p>\u00abLe renforcement des op\u00e9rations d\u2019enqu\u00eate et d\u2019investigation contribuera certainement \u00e0 r\u00e9duire le nombre de cas de contamination, \u00e0 travers l&rsquo;identification des sources de contamination et la prise de mesures anticip\u00e9es en se basant sur les r\u00e9sultats de l\u2019enqu\u00eate\u00bb, a-t-il ajout\u00e9 pr\u00e9cisant qu&rsquo;\u00abil sera question de garantir des ressources financi\u00e8res suppl\u00e9mentaires que l\u2019Etat se chargera de garantir \u00e0 partir d\u2019un budget sp\u00e9cial consacr\u00e9 \u00e0 cet effet pour l\u2019acquisition des quantit\u00e9s n\u00e9cessaires de tests et l\u2019\u00e9largissement du r\u00e9seau national des laboratoires d\u2019analyses \u00e0 toutes le wilayas\u00bb.<\/p>\n<p>S&rsquo;exprimant sur l&rsquo;installation de M. Belhocine, \u00e9galement membre du Comit\u00e9 scientifique de suivi de l&rsquo;\u00e9volution de la pand\u00e9mie du Coronavirus, \u00e0 la t\u00eate de la Cellule d&rsquo;investigation et de suivi des enqu\u00eates \u00e9pid\u00e9miologiques, conform\u00e9ment aux instructions du pr\u00e9sident de la R\u00e9publique, M. Djerad a affirm\u00e9 \u00eatre convaincu que \u00abla grande exp\u00e9rience acquise par le professeur Mohamed Belhocine dans le domaine des enqu\u00eates \u00e9pid\u00e9miologiques et la lutte contre les \u00e9pid\u00e9mies \u00e0 travers les nombreuses responsabilit\u00e9s qu&rsquo;il a eu \u00e0 assumer dans le pays et au sein d&rsquo;instances internationales sp\u00e9cialis\u00e9es, permettra \u00e0 cette Cellule d&rsquo;atteindre les objectifs fix\u00e9s\u00bb.<\/p>\n<p>Enfin, M. Djerad a tenu \u00e0 saluer les efforts consentis pour endiguer cette pand\u00e9mie, r\u00e9affirmant \u00able soutien des autorit\u00e9s publiques \u00e0 tous les travailleurs du secteur de la Sant\u00e9 et aux cadres de l\u2019Etat mobilis\u00e9s pour g\u00e9rer la crise sanitaire que connait le pays\u00bb.\u00a0<\/p>\n<div readability=\"44.5\">\n<hr \/>\n<p><strong>Le Dr Bekkat Berkani :<\/strong><\/p>\n<p><strong>\u00abLes enqu\u00eates \u00e9pid\u00e9miologiques doivent \u00eatre affin\u00e9es\u00bb<\/strong><\/p>\n<div readability=\"80\">\n<p>Pas moins de 30.000 tests de d\u00e9tection de signes de la Covid-19 ont \u00e9t\u00e9 effectu\u00e9s depuis le d\u00e9but de l\u2019\u00e9pid\u00e9mie, r\u00e9v\u00e8le le Dr Mohamed Bekkat Berkani.<\/p>\n<p>La cr\u00e9ation, sur d\u00e9cision du pr\u00e9sident de la R\u00e9publique, d\u2019une cellule d\u2019investigation et de suivi des enqu\u00eates \u00e9pid\u00e9miologiques, nouveau support pour renforcer la lutte contre la pand\u00e9mie de la Covid-19, atteste de la volont\u00e9 de faire face \u00abaux insuffisances constat\u00e9es pour mieux cerner les nouveaux cas de contamination, plus particuli\u00e8rement autour des ceux d\u00e9j\u00e0 confirm\u00e9s\u00bb.\u00a0<\/p>\n<p>C\u2019est ce que fait savoir le docteur Mohamed Bekkat Berkani, membre de la commission nationale scientifique du suivi de l\u2019\u00e9volution de l\u2019\u00e9pid\u00e9mie du coronavirus. La cellule, qui a essentiellement pour mission de dynamiser davantage le processus de d\u00e9pistage afin d\u2019endiguer la transmission du virus, \u00abest compl\u00e9mentaire \u00e0 la commission scientifique\u00bb, a-t-il dit.\u00a0<\/p>\n<p>Il rel\u00e8ve que \u00abmalgr\u00e9 les progr\u00e8s enregistr\u00e9s et l\u2019engagement des autorit\u00e9s dans le cadre de la lutte contre l\u2019\u00e9pid\u00e9mie, le pr\u00e9sident de la R\u00e9publique a jug\u00e9 utile de recourir \u00e0 une cellule d\u2019investigations \u00e9pid\u00e9miologiques qui a son importance en termes de d\u00e9tection en temps opportun des autres infections annexes aux cas confirm\u00e9s, et \u00e9largir ainsi le traitement des \u00e9ventuels porteurs de la maladie, qu\u2019ils soient symptomatiques ou non\u00bb.<\/p>\n<p>Cette cellule, charg\u00e9e exclusivement d\u2019approfondir les enqu\u00eates \u00e9pid\u00e9miologiques, est d\u2019autant plus importante que le niveau des cas confirm\u00e9s, stationnaire \u00e0 la dur\u00e9e, qui n\u2019a pas tendance \u00e0 diminuer sensiblement.\u00a0<\/p>\n<p>Il est donc imp\u00e9ratif de s\u2019occuper de cet aspect pr\u00e9ventif que sont \u00ables enqu\u00eates \u00e9pid\u00e9miologiques accomplies d\u00e9j\u00e0 au pr\u00e9alable dans les wilayas o\u00f9 il y a beaucoup de cas\u00bb, dit-il.<\/p>\n<p>M. Bekkat plaide pour la g\u00e9n\u00e9ralisation des investigations dans les autres r\u00e9gions du pays. Les enqu\u00eates \u00e9pid\u00e9miologiques sur lesquelles le pr\u00e9sident de la R\u00e9publique a insist\u00e9, lors de sa rencontre, le mois dernier, avec les membres de la commission du comit\u00e9 scientifique charg\u00e9 de l\u2019\u00e9volution du suivi de la Covid-19, \u00abgagneraient aujourd\u2019hui \u00e0 \u00eatre mieux affin\u00e9es\u00bb, affirme encore notre interlocuteur.<\/p>\n<p><strong>Le stock d\u2019\u00e9quipements de tests est largement suffisant\u00a0<\/strong><\/p>\n<p>\u00abLes enqu\u00eates \u00e9pid\u00e9miologiques sont d\u00e9sormais la cl\u00e9 de la lutte contre la Covid-19\u00bb, avaient d\u00e9j\u00e0 indiqu\u00e9 \u00e0 El Moudjahid de nombreux sp\u00e9cialistes de la sant\u00e9. Pour le Dr Bekkat Berkani, l\u2019Alg\u00e9rie compte plus d\u2019une vingtaine de stations de d\u00e9pistage pourvues par l\u2019Institut Pasteur qui dispose de capacit\u00e9s \u00e9normes en mati\u00e8re d\u2019\u00e9quipements n\u00e9cessaires pour mener \u00e0 bien ce type d\u2019enqu\u00eates pouvant consid\u00e9rablement aider \u00e0 vaincre l\u2019\u00e9pid\u00e9mie.\u00a0<\/p>\n<p>\u00abEnviron 30.000 tests de d\u00e9tection ont \u00e9t\u00e9 effectu\u00e9s depuis le d\u00e9but de l\u2019\u00e9pid\u00e9mie\u00bb, r\u00e9v\u00e8le notre interlocuteur. Le succ\u00e8s des enqu\u00eates \u00e9pid\u00e9miologiques demeure tributaire de la fluidit\u00e9 de l\u2019information et de la coordination des efforts de tous les services impliqu\u00e9s dans la bataille contre la pand\u00e9mie (sant\u00e9, collectivit\u00e9s locales, police et Protection civile).\u00a0<\/p>\n<p>Notre interlocuteur indique que les citoyens doivent faire preuve de discipline et d\u2019un respect scrupuleux des mesures barri\u00e8res de protection et de distanciation, pour faire face efficacement \u00e0 la pand\u00e9mie.<\/p>\n<p>Karim Aoudia<\/p>\n<\/div>\n<\/div>\n<\/div>\n<p>Auteur: elmoudjahid<br \/>\n<a href=\"http:\/\/www.elmoudjahid.com\/fr\/actualites\/154775\">Cliquez ici pour lire l&rsquo;article depuis sa source.<\/a><\/p>\n","protected":false},"excerpt":{"rendered":"<p>M. Djerad met en avant le r\u00f4le de la Cellule : \u00abConsolider les strat\u00e9gies de lutte contre les \u00e9pid\u00e9mies\u00bb Le Premier ministre, Abdelaziz Djerad, a mis en avant, hier \u00e0 Alger, l&rsquo;importance de la Cellule d&rsquo;investigation et de suivi des enqu\u00eates \u00e9pid\u00e9miologiques, au regard de son r\u00f4le dans la consolidation, l&rsquo;\u00e9valuation et le d\u00e9veloppement de [&hellip;]<\/p>\n","protected":false},"author":1744,"featured_media":0,"comment_status":"closed","ping_status":"closed","sticky":false,"template":"","format":"standard","meta":{"fifu_image_url":"","fifu_image_alt":"","footnotes":""},"categories":[73,53],"tags":[],"class_list":["post-88658","post","type-post","status-publish","format-standard","hentry","category-actualite","category-algerie"],"_links":{"self":[{"href":"https:\/\/linitiative.ca\/International\/wp-json\/wp\/v2\/posts\/88658","targetHints":{"allow":["GET"]}}],"collection":[{"href":"https:\/\/linitiative.ca\/International\/wp-json\/wp\/v2\/posts"}],"about":[{"href":"https:\/\/linitiative.ca\/International\/wp-json\/wp\/v2\/types\/post"}],"author":[{"embeddable":true,"href":"https:\/\/linitiative.ca\/International\/wp-json\/wp\/v2\/users\/1744"}],"replies":[{"embeddable":true,"href":"https:\/\/linitiative.ca\/International\/wp-json\/wp\/v2\/comments?post=88658"}],"version-history":[{"count":0,"href":"https:\/\/linitiative.ca\/International\/wp-json\/wp\/v2\/posts\/88658\/revisions"}],"wp:attachment":[{"href":"https:\/\/linitiative.ca\/International\/wp-json\/wp\/v2\/media?parent=88658"}],"wp:term":[{"taxonomy":"category","embeddable":true,"href":"https:\/\/linitiative.ca\/International\/wp-json\/wp\/v2\/categories?post=88658"},{"taxonomy":"post_tag","embeddable":true,"href":"https:\/\/linitiative.ca\/International\/wp-json\/wp\/v2\/tags?post=88658"}],"curies":[{"name":"wp","href":"https:\/\/api.w.org\/{rel}","templated":true}]}}