{"id":88661,"date":"2020-06-11T11:00:00","date_gmt":"2020-06-11T15:00:00","guid":{"rendered":"https:\/\/linitiative.ca\/International\/derapage-du-consul-marocain-les-demarches-de-lalgerie-ne-peuvent-avoir-dinterpretation-que-celle-de-son-rappel\/"},"modified":"2020-06-11T11:00:00","modified_gmt":"2020-06-11T15:00:00","slug":"derapage-du-consul-marocain-les-demarches-de-lalgerie-ne-peuvent-avoir-dinterpretation-que-celle-de-son-rappel","status":"publish","type":"post","link":"https:\/\/linitiative.ca\/International\/derapage-du-consul-marocain-les-demarches-de-lalgerie-ne-peuvent-avoir-dinterpretation-que-celle-de-son-rappel\/","title":{"rendered":"D\u00e9rapage du consul marocain: Les d\u00e9marches de l&rsquo;Alg\u00e9rie ne peuvent avoir d&rsquo;interpr\u00e9tation que celle de son rappel"},"content":{"rendered":"<p><h2>\u00a0<\/h2>\n<\/p>\n<div readability=\"30\">\n<p>En r\u00e9ponse \u00e0 une question de l&rsquo;APS, au sujet de la d\u00e9claration faite \u00e0 la MAP par le ministre marocain des Affaires \u00e9trang\u00e8res, Nacer Bourita, le 9 juin 2020, dans laquelle il affirme, entre autres, que le rappel du Consul g\u00e9n\u00e9ral du royaume s\u2019est op\u00e9r\u00e9 \u00e0 l&rsquo;initiative exclusive de son pays, le porte-parole du MAE, \u00ab\u00a0tout en soulignant la volont\u00e9 de la partie alg\u00e9rienne d&rsquo;\u00e9viter de verser dans toute pol\u00e9mique st\u00e9rile, a rappel\u00e9 les d\u00e9marches, conformes \u00e0 la pratique diplomatique universelle, entreprises par le Gouvernement alg\u00e9rien pour d\u00e9noncer le grave d\u00e9rapage du consul g\u00e9n\u00e9ral marocain et appeler la partie marocaine, dans des termes appropri\u00e9s et sans \u00e9quivoque, \u00e0 prendre les mesures qui s&rsquo;imposent, lesquelles ne peuvent avoir une autre acception ni autre interpr\u00e9tation que celle du rappel par le Maroc de son consul \u00e0 Oran\u00a0\u00bb.<\/p>\n<p>\u00ab\u00a0Cette exigence de la partie alg\u00e9rienne a \u00e9t\u00e9 r\u00e9it\u00e9r\u00e9e dans des termes clairs et directs \u00e0 l&rsquo;occasion des entretiens t\u00e9l\u00e9phoniques qui ont eu lieu entre les ministres des Affaires \u00e9trang\u00e8res des deux pays, suite \u00e0 cet \u00e9pisode malheureux\u00a0\u00bb, a indiqu\u00e9 M. Benali-Cherif.<\/p>\n<p>APS<\/p>\n<\/div>\n<p>Auteur: elmoudjahid<br \/>\n<a href=\"http:\/\/www.elmoudjahid.com\/fr\/actualites\/154778\">Cliquez ici pour lire l&rsquo;article depuis sa source.<\/a><\/p>\n","protected":false},"excerpt":{"rendered":"<p>\u00a0 En r\u00e9ponse \u00e0 une question de l&rsquo;APS, au sujet de la d\u00e9claration faite \u00e0 la MAP par le ministre marocain des Affaires \u00e9trang\u00e8res, Nacer Bourita, le 9 juin 2020, dans laquelle il affirme, entre autres, que le rappel du Consul g\u00e9n\u00e9ral du royaume s\u2019est op\u00e9r\u00e9 \u00e0 l&rsquo;initiative exclusive de son pays, le porte-parole du [&hellip;]<\/p>\n","protected":false},"author":1744,"featured_media":0,"comment_status":"closed","ping_status":"closed","sticky":false,"template":"","format":"standard","meta":{"fifu_image_url":"","fifu_image_alt":"","footnotes":""},"categories":[73,53],"tags":[],"class_list":["post-88661","post","type-post","status-publish","format-standard","hentry","category-actualite","category-algerie"],"_links":{"self":[{"href":"https:\/\/linitiative.ca\/International\/wp-json\/wp\/v2\/posts\/88661","targetHints":{"allow":["GET"]}}],"collection":[{"href":"https:\/\/linitiative.ca\/International\/wp-json\/wp\/v2\/posts"}],"about":[{"href":"https:\/\/linitiative.ca\/International\/wp-json\/wp\/v2\/types\/post"}],"author":[{"embeddable":true,"href":"https:\/\/linitiative.ca\/International\/wp-json\/wp\/v2\/users\/1744"}],"replies":[{"embeddable":true,"href":"https:\/\/linitiative.ca\/International\/wp-json\/wp\/v2\/comments?post=88661"}],"version-history":[{"count":0,"href":"https:\/\/linitiative.ca\/International\/wp-json\/wp\/v2\/posts\/88661\/revisions"}],"wp:attachment":[{"href":"https:\/\/linitiative.ca\/International\/wp-json\/wp\/v2\/media?parent=88661"}],"wp:term":[{"taxonomy":"category","embeddable":true,"href":"https:\/\/linitiative.ca\/International\/wp-json\/wp\/v2\/categories?post=88661"},{"taxonomy":"post_tag","embeddable":true,"href":"https:\/\/linitiative.ca\/International\/wp-json\/wp\/v2\/tags?post=88661"}],"curies":[{"name":"wp","href":"https:\/\/api.w.org\/{rel}","templated":true}]}}