{"id":88662,"date":"2020-06-11T12:00:00","date_gmt":"2020-06-11T16:00:00","guid":{"rendered":"https:\/\/linitiative.ca\/International\/arkab-sonelgaz-etudie-des-solutions-de-facilitation-pour-le-paiement-des-factures\/"},"modified":"2020-06-11T12:00:00","modified_gmt":"2020-06-11T16:00:00","slug":"arkab-sonelgaz-etudie-des-solutions-de-facilitation-pour-le-paiement-des-factures","status":"publish","type":"post","link":"https:\/\/linitiative.ca\/International\/arkab-sonelgaz-etudie-des-solutions-de-facilitation-pour-le-paiement-des-factures\/","title":{"rendered":"Arkab: Sonelgaz \u00e9tudie des \u00ab\u00a0solutions de facilitation\u00a0\u00bb pour le paiement des factures"},"content":{"rendered":"<p><h2>\u00a0<\/h2>\n<\/p>\n<div readability=\"46\">\n<p>Dans une d\u00e9claration \u00e0 la presse en marge d\u2019une session pl\u00e9ni\u00e8re \u00e0 l\u2019Assembl\u00e9e populaire nationale (APN) consacr\u00e9e aux questions orales, M. Arkab a pr\u00e9cis\u00e9 que \u00ab\u00a0Sonelgaz en tant qu&rsquo;entreprise citoyenne est tout \u00e0 fait consciente que l\u2019\u00e9tape actuelle est exceptionnelle et qu\u2019elle engage par cons\u00e9quent des d\u00e9cisions exceptionnelles\u00a0\u00bb.<\/p>\n<p>La p\u00e9riode de confinement a vu l\u2019augmentation de la consommation d&rsquo;\u00e9lectricit\u00e9 et de gaz et l&rsquo;accumulation des factures de nombre de clients.<\/p>\n<p>A ce titre, le minist\u00e8re de l&rsquo;Energie a demand\u00e9 \u00e0 Sonelgaz d&rsquo;\u00e9tudier les diff\u00e9rentes solutions envisageables pour que les factures en suspens soient r\u00e9gl\u00e9es, a affirm\u00e9 M. Arkab, assurant que \u00ab\u00a0les solutions retenues seront en tout \u00e9tat de cause dans l&rsquo;int\u00e9r\u00eat du citoyen\u00a0\u00bb.<\/p>\n<p>Cela \u00e9tant, Sonelgaz est une entreprise \u00e9conomique qui doit percevoir les montants des factures de ses clients pour pouvoir pr\u00e9server son \u00e9quilibre financier, a fait remarquer le ministre, ajoutant que \u00ab\u00a0la d\u00e9cision sera prise en \u00e9tudiant tous les aspects\u00a0\u00bb.<\/p>\n<p>A une question sur l\u2019impact des r\u00e9centes d\u00e9cisions du groupe OPEP+ sur le march\u00e9 p\u00e9trolier, M. Arkab a estim\u00e9 que cet accord \u00ab\u00a0historique\u00a0\u00bb permettra de r\u00e9\u00e9quilibrer \u00ab\u00a0progressivement\u00a0\u00bb le march\u00e9, signalant que \u00ab\u00a0les r\u00e9sultats ne seront pas palpables imm\u00e9diatement en raison des \u00e9normes quantit\u00e9s de p\u00e9trole pomp\u00e9es en mars et avril\u00a0\u00bb.<\/p>\n<p>Mais le march\u00e9 est effectivement en train de se r\u00e9tablir et s\u2019oriente vers l\u2019\u00e9quilibre, la demande enregistrant une trajectoire ascendante, a poursuivi le ministre.<\/p>\n<p>Concernant la reprise de la production p\u00e9troli\u00e8re en Libye, M. Arkab a pr\u00e9cis\u00e9 que le comit\u00e9 minist\u00e9riel mixte de surveillance du groupe OPEP+ \u00ab\u00a0suivra de pr\u00e8s l&rsquo;interaction du march\u00e9 avec cette reprise progressive et proposera les mesures appropri\u00e9es pour assurer son \u00e9quilibre et atteindre des prix qui conviennent \u00e0 tous\u00a0\u00bb.<\/p>\n<p>APS<\/p>\n<\/div>\n<p>Auteur: elmoudjahid<br \/>\n<a href=\"http:\/\/www.elmoudjahid.com\/fr\/actualites\/154779\">Cliquez ici pour lire l&rsquo;article depuis sa source.<\/a><\/p>\n","protected":false},"excerpt":{"rendered":"<p>\u00a0 Dans une d\u00e9claration \u00e0 la presse en marge d\u2019une session pl\u00e9ni\u00e8re \u00e0 l\u2019Assembl\u00e9e populaire nationale (APN) consacr\u00e9e aux questions orales, M. Arkab a pr\u00e9cis\u00e9 que \u00ab\u00a0Sonelgaz en tant qu&rsquo;entreprise citoyenne est tout \u00e0 fait consciente que l\u2019\u00e9tape actuelle est exceptionnelle et qu\u2019elle engage par cons\u00e9quent des d\u00e9cisions exceptionnelles\u00a0\u00bb. La p\u00e9riode de confinement a vu [&hellip;]<\/p>\n","protected":false},"author":1744,"featured_media":0,"comment_status":"closed","ping_status":"closed","sticky":false,"template":"","format":"standard","meta":{"fifu_image_url":"","fifu_image_alt":"","footnotes":""},"categories":[73,53],"tags":[],"class_list":["post-88662","post","type-post","status-publish","format-standard","hentry","category-actualite","category-algerie"],"_links":{"self":[{"href":"https:\/\/linitiative.ca\/International\/wp-json\/wp\/v2\/posts\/88662","targetHints":{"allow":["GET"]}}],"collection":[{"href":"https:\/\/linitiative.ca\/International\/wp-json\/wp\/v2\/posts"}],"about":[{"href":"https:\/\/linitiative.ca\/International\/wp-json\/wp\/v2\/types\/post"}],"author":[{"embeddable":true,"href":"https:\/\/linitiative.ca\/International\/wp-json\/wp\/v2\/users\/1744"}],"replies":[{"embeddable":true,"href":"https:\/\/linitiative.ca\/International\/wp-json\/wp\/v2\/comments?post=88662"}],"version-history":[{"count":0,"href":"https:\/\/linitiative.ca\/International\/wp-json\/wp\/v2\/posts\/88662\/revisions"}],"wp:attachment":[{"href":"https:\/\/linitiative.ca\/International\/wp-json\/wp\/v2\/media?parent=88662"}],"wp:term":[{"taxonomy":"category","embeddable":true,"href":"https:\/\/linitiative.ca\/International\/wp-json\/wp\/v2\/categories?post=88662"},{"taxonomy":"post_tag","embeddable":true,"href":"https:\/\/linitiative.ca\/International\/wp-json\/wp\/v2\/tags?post=88662"}],"curies":[{"name":"wp","href":"https:\/\/api.w.org\/{rel}","templated":true}]}}