{"id":88663,"date":"2020-06-11T12:51:41","date_gmt":"2020-06-11T16:51:41","guid":{"rendered":"https:\/\/linitiative.ca\/International\/106069-jm-oran-le-report-de-la-19e-edition-permettra-la-participation-des-meilleurs-sportifs\/"},"modified":"2020-06-11T12:51:41","modified_gmt":"2020-06-11T16:51:41","slug":"106069-jm-oran-le-report-de-la-19e-edition-permettra-la-participation-des-meilleurs-sportifs","status":"publish","type":"post","link":"https:\/\/linitiative.ca\/International\/106069-jm-oran-le-report-de-la-19e-edition-permettra-la-participation-des-meilleurs-sportifs\/","title":{"rendered":"JM Oran: le report de la 19e \u00e9dition permettra la participation des meilleurs sportifs"},"content":{"rendered":"<div readability=\"36\">\n<p><strong>ORAN &#8211; Le report \u00e0 2022 de la 19e \u00e9dition des Jeux m\u00e9diterran\u00e9ens (JM) d\u2019Oran initialement pr\u00e9vue pour 2021 devrait arranger les nations participantes \u00e0 envoyer leurs meilleurs athl\u00e8tes en Alg\u00e9rie, a estim\u00e9 jeudi le directeur g\u00e9n\u00e9ral des JM, Salim Iles.<\/strong><\/p>\n<\/div>\n<div readability=\"89.405195186381\">\n<p>\u00ab\u00a0Ce report qui a \u00e9t\u00e9 d\u00e9cid\u00e9 pour \u00e9viter tout chevauchement avec les Jeux olympiques (JO) d\u00e9cid\u00e9s pour l\u2019ann\u00e9e 2021, en raison de la pand\u00e9mie de Coronavirus, est un mal pour un bien, dans la mesure o\u00f9 la nouvelle date des 19\u00e8mes JM arrangera largement les affaires des pays participants qui devraient \u00eatre repr\u00e9sent\u00e9s \u00e0 Oran avec leurs meilleurs athl\u00e8tes\u00a0\u00bb, a d\u00e9clar\u00e9 \u00e0 l&rsquo;APS l\u2019ancien champion alg\u00e9rien de natation.<\/p>\n<blockquote readability=\"12\">\n<p><em><strong>\u00ab\u00a0Le report des JO a conduit \u00e9galement \u00e0 l\u2019ajournement de plusieurs championnats internationaux et la date choisie pour la tenue des JM, soit du 25 juin au 5 juillet 2022, nous donne plus de chances pour avoir parmi nous les meilleurs sportifs du bassin m\u00e9diterran\u00e9en, car la plupart d\u2019entre eux feront du rendez-vous oranais une \u00e9tape importante afin de pr\u00e9parer leurs \u00e9ch\u00e9ances mondiales qui suivront les JM\u00a0\u00bb, a-t-il ajout\u00e9.<\/strong><\/em><\/p>\n<\/blockquote>\n<hr\/>\n<p>Lire aussi:\u00a0<a href=\"http:\/\/www.aps.dz\/sport\/103384-jm-oran-2021-l-avenir-de-la-19e-edition-prochainement-debattu-par-le-cijm\" target=\"_blank\" rel=\"noopener noreferrer\">JM Oran 2021: l\u2019avenir de la 19e \u00e9dition prochainement d\u00e9battu par le CIJM<\/a><\/p>\n<hr\/>\n<p>M. Iles s\u2019exprimait \u00e0 l\u2019issue d\u2019une r\u00e9union par visioconf\u00e9rence ayant regroup\u00e9 le comit\u00e9 d\u2019organisation des JM (COJM) avec la commission de coordination relevant du comit\u00e9 international des JM (CIJM), au cours de laquelle les travaux des diff\u00e9rentes commissions du COJM ont \u00e9t\u00e9 pass\u00e9s au peigne fin.<\/p>\n<p>\u00ab\u00a0Malgr\u00e9 la crise sanitaire qui s\u00e9vit depuis quelques mois et qui a conduit \u00e0 d\u00e9cr\u00e9ter le confinement, nos diff\u00e9rentes commissions, au nombre de 12, ont toutes poursuivies leurs pr\u00e9paratifs ce qui a permis d\u2019avancer consid\u00e9rablement dans nos travaux, chose qui a \u00e9t\u00e9 appr\u00e9ci\u00e9e par la commission de coordination du CIJM\u00a0\u00bb, s\u2019est r\u00e9joui le directeur g\u00e9n\u00e9ral des JM. Mieux, il a assur\u00e9 que son instance est \u00ab\u00a0m\u00eame en avance en mati\u00e8re de pr\u00e9paration par rapport \u00e0 la nouvelle date de l\u2019\u00e9ch\u00e9ance m\u00e9diterran\u00e9enne, notamment dans le registre de la programmation des 203 \u00e9preuves retenues lors de cette manifestation sportive r\u00e9gionale\u00a0\u00bb.<\/p>\n<p class=\"c30\"><strong>\u00ab\u00a0L\u2019ajournement n\u2019aura aucune incidence sur le plan financier\u00a0\u00bb<\/strong><\/p>\n<p>Dans ce contexte, des instructions fermes ont \u00e9t\u00e9 donn\u00e9es par la commission de coordination que pr\u00e9side le Fran\u00e7ais Bernard Amslam, pour n\u2019apporter aucun changement \u00e0 la liste des 24 disciplines sportives choisies pour le rendez-vous oranais et ce, au grand dam des amateurs de l\u2019aviron, une discipline sur laquelle comptait l\u2019Alg\u00e9rie \u00e9norm\u00e9ment pour s\u2019offrir des m\u00e9dailles.<\/p>\n<blockquote readability=\"11\">\n<p><em><strong>Au cours de cette s\u00e9ance de travail avec les repr\u00e9sentants du CIJM, des assurances ont \u00e9t\u00e9 \u00e9galement donn\u00e9es au pr\u00e9sident de la commission de coordination quant \u00e0 l\u2019\u00e9tat d\u2019avancement des travaux des nouvelles infrastructures sportives, ainsi que celles en cours de r\u00e9novation, a fait savoir Salim Iles qui s\u2019est montr\u00e9 \u00ab\u00a0tr\u00e8s optimiste\u00a0\u00bb quant \u00e0 faire de la prochaine \u00e9dition \u00ab\u00a0l\u2019une des meilleures dans l\u2019histoire des JM\u00a0\u00bb.<\/strong><\/em><\/p>\n<\/blockquote>\n<p>Par ailleurs, le m\u00eame dirigeant a soulign\u00e9 que le report des JM \u00ab\u00a0n\u2019aura aucune incidence du point de vue financier sur le COJM et ce, malgr\u00e9 la conjoncture \u00e9conomique difficile que traverse le pays\u00a0\u00bb, pr\u00e9cisant, en outre, que son instance qui a re\u00e7u la somme de 1,3 milliard de dinars en guise du budget relatif \u00e0 l\u2019ann\u00e9e 2020, va faire en sorte de \u00ab\u00a0r\u00e9partir le budget sur deux ann\u00e9es, en application des instructions des pouvoirs publics portant sur la rationalisation des d\u00e9penses afin de faire face \u00e0 la crise \u00e9conomique actuelle\u00a0\u00bb.<\/p>\n<\/div>\n<p>Auteur:<br \/>\n<a href=\"http:\/\/www.aps.dz\/sport\/106069-jm-oran-le-report-de-la-19e-edition-permettra-la-participation-des-meilleurs-sportifs?utm_source=feedburner&#038;utm_medium=feed&#038;utm_campaign=Feed%3A+aps-sport+%28APS+-+SPORT%29\">Cliquez ici pour lire l&rsquo;article depuis sa source.<\/a><\/p>\n","protected":false},"excerpt":{"rendered":"<p>ORAN &#8211; Le report \u00e0 2022 de la 19e \u00e9dition des Jeux m\u00e9diterran\u00e9ens (JM) d\u2019Oran initialement pr\u00e9vue pour 2021 devrait arranger les nations participantes \u00e0 envoyer leurs meilleurs athl\u00e8tes en Alg\u00e9rie, a estim\u00e9 jeudi le directeur g\u00e9n\u00e9ral des JM, Salim Iles. \u00ab\u00a0Ce report qui a \u00e9t\u00e9 d\u00e9cid\u00e9 pour \u00e9viter tout chevauchement avec les Jeux olympiques [&hellip;]<\/p>\n","protected":false},"author":1790,"featured_media":0,"comment_status":"closed","ping_status":"closed","sticky":false,"template":"","format":"standard","meta":{"fifu_image_url":"","fifu_image_alt":"","footnotes":""},"categories":[53,75],"tags":[],"class_list":["post-88663","post","type-post","status-publish","format-standard","hentry","category-algerie","category-sport"],"_links":{"self":[{"href":"https:\/\/linitiative.ca\/International\/wp-json\/wp\/v2\/posts\/88663","targetHints":{"allow":["GET"]}}],"collection":[{"href":"https:\/\/linitiative.ca\/International\/wp-json\/wp\/v2\/posts"}],"about":[{"href":"https:\/\/linitiative.ca\/International\/wp-json\/wp\/v2\/types\/post"}],"author":[{"embeddable":true,"href":"https:\/\/linitiative.ca\/International\/wp-json\/wp\/v2\/users\/1790"}],"replies":[{"embeddable":true,"href":"https:\/\/linitiative.ca\/International\/wp-json\/wp\/v2\/comments?post=88663"}],"version-history":[{"count":0,"href":"https:\/\/linitiative.ca\/International\/wp-json\/wp\/v2\/posts\/88663\/revisions"}],"wp:attachment":[{"href":"https:\/\/linitiative.ca\/International\/wp-json\/wp\/v2\/media?parent=88663"}],"wp:term":[{"taxonomy":"category","embeddable":true,"href":"https:\/\/linitiative.ca\/International\/wp-json\/wp\/v2\/categories?post=88663"},{"taxonomy":"post_tag","embeddable":true,"href":"https:\/\/linitiative.ca\/International\/wp-json\/wp\/v2\/tags?post=88663"}],"curies":[{"name":"wp","href":"https:\/\/api.w.org\/{rel}","templated":true}]}}