{"id":88665,"date":"2020-06-10T17:26:53","date_gmt":"2020-06-10T21:26:53","guid":{"rendered":"https:\/\/linitiative.ca\/International\/deconfinement-les-professionnels-du-transport-sur-le-qui-vive\/"},"modified":"2020-06-10T17:26:53","modified_gmt":"2020-06-10T21:26:53","slug":"deconfinement-les-professionnels-du-transport-sur-le-qui-vive","status":"publish","type":"post","link":"https:\/\/linitiative.ca\/International\/deconfinement-les-professionnels-du-transport-sur-le-qui-vive\/","title":{"rendered":"D\u00e9confinement : Les professionnels du transport sur le qui-vive"},"content":{"rendered":"<p><br class=\"autobr\"\/><br \/>\nApr\u00e8s une premi\u00e8re phase de d\u00e9confinement entam\u00e9e timidement,\u00a0le pays d\u00e9butera la seconde phase du plan de d\u00e9confinement \u00e0 partir du 14 juin.\u00a0<br \/>Elle concernera d\u2019autres activit\u00e9s commerciales et \u00e9conomiques. Mais les yeux sont riv\u00e9s sur les transports en commun o\u00f9 le d\u00e9confinement se pr\u00e9pare dans l\u2019attente du feu vert des autorit\u00e9s. Seront-ils concern\u00e9s par la lev\u00e9e du confinement\u00a0?<br \/>Surtout que c\u2019est un secteur vital et\u00a0la reprise de ce service redynamisera le commerce, mais permettra surtout aux employ\u00e9s de rejoindre le lieu de travail.<\/p>\n<p><br class=\"autobr\"\/><br \/>\nApr\u00e8s pr\u00e9s de trois de confinement pour faire barrage \u00e0 la propagation de l\u2019\u00e9pid\u00e9mie du coronavirus, on s\u2019appr\u00eate \u00e0 reprendre le service. Du c\u00f4t\u00e9 des transporteurs priv\u00e9s et publics, les pr\u00e9paratifs vont bon train. On se pr\u00e9pare \u00e0 instaurer les diff\u00e9rentes mesures de protection contre la propagation du Covid-19. C\u2019est ce qu\u2019affirment les professionnels du secteur.<\/p>\n<p><br class=\"autobr\"\/><br \/>\nAbdelkader Boucherit, pr\u00e9sident de la F\u00e9d\u00e9ration nationale du transport des voyageurs et des marchandises (FNTV), avait indiqu\u00e9 que la protection des chauffeurs, tout comme celle des voyageurs, sera une priorit\u00e9 \u00e0 travers les diff\u00e9rents gestes barri\u00e8res pr\u00e9conis\u00e9s par les instances sanitaires du pays. Ainsi, le port du masque, la mise \u00e0 disposition de gel hydroalcoolique et distanciation sociale constituent les premiers axes sur lesquels travaille la f\u00e9d\u00e9ration, dans l\u2019attente du d\u00e9confinement progressif du secteur.<\/p>\n<p><br class=\"autobr\"\/><br \/>\nLes taxis se pr\u00e9parent aussi de leur c\u00f4t\u00e9, avec l\u2019introduction de nouvelles mesures, \u00e0 l\u2019instar de la r\u00e9duction du nombre des clients par v\u00e9hicule.<br \/>Le m\u00e9tro et le tramway pr\u00e9parent la reprise de l\u2019activit\u00e9 avec la prise en consid\u00e9ration des mesures barri\u00e8res.<br \/>Outre le marquage au sol pour assurer la distanciation sociale, notamment au niveau des quais et des guichets de billetterie, on envisage de mobiliser des \u00e9quipes pour orienter et assister les passagers.<\/p>\n<p><br class=\"autobr\"\/><br \/>\nL\u2019Entreprise de transport urbain et suburbain d\u2019Alger (ETUSA), avait d\u00e9voil\u00e9 les mesures adopt\u00e9es par l\u2019entreprise, pour reprendre le service tout en pr\u00e9servant la sant\u00e9 des personnes.\u00a0La Soci\u00e9t\u00e9 nationale des Transports ferroviaires (SNTF), se dit quant \u00e0 elle \u00ab\u00a0engag\u00e9e dans une vaste pr\u00e9paration du programme de transport et du dispositif des mesures pr\u00e9ventives de s\u00e9curit\u00e9 sanitaires\u00a0\u00bb.<\/p>\n<p>Dans un communiqu\u00e9 rendu public, hier, la SNTF d\u00e9ment l\u2019information relay\u00e9e par certains m\u00e9dias, en annon\u00e7ant la reprise du trafic du transport de voyageurs le dimanche, soit le 14 juin. \u00ab\u00a0Contrairement \u00e0 ce qui a \u00e9t\u00e9 rapport\u00e9 par certains m\u00e9dias et r\u00e9seaux sociaux, la reprise du trafic du transport de voyageurs sera annonc\u00e9e au moment opportun par les pouvoirs publics\u00a0\u00bb, pr\u00e9cise le communiqu\u00e9.<\/p>\n<p><br class=\"autobr\"\/><br \/>\nDes mesures pr\u00e9ventives au niveau des gares routi\u00e8res ont \u00e9t\u00e9 prises. C\u2019est d\u2019ailleurs ce qu\u2019a indiqu\u00e9 le Pr\u00e9sident directeur g\u00e9n\u00e9ral de la Soci\u00e9t\u00e9 d\u2019exploitation des gares routi\u00e8res d\u2019Alg\u00e9rie (SOGRAL).<br \/>Dans sa d\u00e9claration \u00e0 l\u2019agence officielle, il a affirm\u00e9 que des mesures pr\u00e9ventives renforc\u00e9es avaient \u00e9t\u00e9 prises en pr\u00e9vision de la reprise de l\u2019activit\u00e9, apr\u00e8s la lev\u00e9e du confinement par les pouvoirs publics, citant notamment l\u2019installation d\u2019appareils de d\u00e9tection thermiques \u00e0 l\u2019entr\u00e9e de certaines gares routi\u00e8res, notamment, les plus fr\u00e9quent\u00e9es\u00a0: gare routi\u00e8re du Caroubier (Alger), de Blida, de Beja\u00efa,\u00a0de Biskra, d\u2019Annaba, d\u2019Adrar et de Constantine.<br \/>Selon lui, les gares sont pr\u00eates \u00e0 reprendre du service et \u00e0 accueillir les voyageurs en toute s\u00e9curit\u00e9 apr\u00e8s la lev\u00e9e du confinement.<\/p>\n<p><br class=\"autobr\"\/><br \/>\nCependant, la d\u00e9cision d\u2019autoriser la reprise des transports revient aux pouvoirs publics apr\u00e8s consultation du Conseil scientifique, seul habilit\u00e9 \u00e0 \u00e9valuer\u00a0la situation \u00e9pid\u00e9miologique dans le pays.<\/p>\n<p><br class=\"autobr\"\/><br \/>\n\u00a0<\/p>\n<p><br class=\"autobr\"\/><br \/>\n\u00a0<\/p>\n<p>Auteur: Kamel Mansari<br \/>\n<a href=\"http:\/\/www.jeune-independant.net\/Deconfinement-Les-professionnels.html\">Cliquez ici pour lire l&rsquo;article depuis sa source.<\/a><\/p>\n","protected":false},"excerpt":{"rendered":"<p>Apr\u00e8s une premi\u00e8re phase de d\u00e9confinement entam\u00e9e timidement,\u00a0le pays d\u00e9butera la seconde phase du plan de d\u00e9confinement \u00e0 partir du 14 juin.\u00a0Elle concernera d\u2019autres activit\u00e9s commerciales et \u00e9conomiques. Mais les yeux sont riv\u00e9s sur les transports en commun o\u00f9 le d\u00e9confinement se pr\u00e9pare dans l\u2019attente du feu vert des autorit\u00e9s. Seront-ils concern\u00e9s par la lev\u00e9e [&hellip;]<\/p>\n","protected":false},"author":1737,"featured_media":0,"comment_status":"closed","ping_status":"closed","sticky":false,"template":"","format":"standard","meta":{"fifu_image_url":"","fifu_image_alt":"","footnotes":""},"categories":[73,53],"tags":[],"class_list":["post-88665","post","type-post","status-publish","format-standard","hentry","category-actualite","category-algerie"],"_links":{"self":[{"href":"https:\/\/linitiative.ca\/International\/wp-json\/wp\/v2\/posts\/88665","targetHints":{"allow":["GET"]}}],"collection":[{"href":"https:\/\/linitiative.ca\/International\/wp-json\/wp\/v2\/posts"}],"about":[{"href":"https:\/\/linitiative.ca\/International\/wp-json\/wp\/v2\/types\/post"}],"author":[{"embeddable":true,"href":"https:\/\/linitiative.ca\/International\/wp-json\/wp\/v2\/users\/1737"}],"replies":[{"embeddable":true,"href":"https:\/\/linitiative.ca\/International\/wp-json\/wp\/v2\/comments?post=88665"}],"version-history":[{"count":0,"href":"https:\/\/linitiative.ca\/International\/wp-json\/wp\/v2\/posts\/88665\/revisions"}],"wp:attachment":[{"href":"https:\/\/linitiative.ca\/International\/wp-json\/wp\/v2\/media?parent=88665"}],"wp:term":[{"taxonomy":"category","embeddable":true,"href":"https:\/\/linitiative.ca\/International\/wp-json\/wp\/v2\/categories?post=88665"},{"taxonomy":"post_tag","embeddable":true,"href":"https:\/\/linitiative.ca\/International\/wp-json\/wp\/v2\/tags?post=88665"}],"curies":[{"name":"wp","href":"https:\/\/api.w.org\/{rel}","templated":true}]}}