{"id":88668,"date":"2020-06-11T12:00:00","date_gmt":"2020-06-11T16:00:00","guid":{"rendered":"https:\/\/linitiative.ca\/International\/hichem-mechichi-des-le-premier-jour-a-la-tete-du-ministere-de-linterieur-me-suis-retrouve-dans-le-feu-de-laction-video\/"},"modified":"2020-06-11T12:00:00","modified_gmt":"2020-06-11T16:00:00","slug":"hichem-mechichi-des-le-premier-jour-a-la-tete-du-ministere-de-linterieur-me-suis-retrouve-dans-le-feu-de-laction-video","status":"publish","type":"post","link":"https:\/\/linitiative.ca\/International\/hichem-mechichi-des-le-premier-jour-a-la-tete-du-ministere-de-linterieur-me-suis-retrouve-dans-le-feu-de-laction-video\/","title":{"rendered":"Hichem Mechichi: D\u00e8s le premier jour \u00e0 la t\u00eate du minist\u00e8re de l&rsquo;Int\u00e9rieur, me suis retrouv\u00e9 dans le feu de l\u2019action&#8230; (Vid\u00e9o)"},"content":{"rendered":"<p class=\"c2\"><strong>Choisir par ses temps troubles, d&rsquo;une \u00e9bullition r\u00e9volutionnaire sans fin et en pleine crise sanitaire sans pr\u00e9c\u00e9dent, une personnalit\u00e9 pour occuper le poste ultrasensible de ministre de l&rsquo;Int\u00e9rieur, c&rsquo;est comme chercher une aiguille dans une botte se foin.\u00a0Autant dire, une t\u00e2che quasi impossible. Le choix s&rsquo;est port\u00e9 sur Hichem M\u00e9chichi, 47 ans, n\u00e9 \u00e0 Ezzahra dans une famille de cheminots, un pur produit de l&rsquo;ascenseur social, au cursus\u00a0 impressionnant\u00a0 et \u00e9lev\u00e9 dans le respect et au service de l&rsquo;Etat.<\/strong><\/p>\n<p class=\"c2\"><strong><span class=\"c3\">Leaders<\/span> a consacr\u00e9 \u00e0 ce \u00ab\u00a0ministre atypique\u00a0\u00bb sept pages dans son\u00a0 num\u00e9ro de juin. Il y revient sur son parcours professionnel, ses premiers pas au minist\u00e8re depuis sa nomination le 29 f\u00e9vrier dernier, ce qui a chang\u00e9 dans sa vie, la lutte contre terrorisme, les r\u00e9formes urgentes, la violence contre la femme et les enfants.<\/strong><\/p>\n<p class=\"c4\"><iframe loading=\"lazy\" src=\"https:\/\/www.youtube.com\/embed\/HII2otWd2Yc\" allow=\"accelerometer; autoplay; encrypted-media; gyroscope; picture-in-picture\" allowfullscreen=\"\" width=\"560\" height=\"315\" frameborder=\"0\">[embedded content]<\/iframe><\/p>\n<p><span class=\"c6\"><span class=\"c5\"><strong>Comment avez-vous g\u00e9r\u00e9 la situation dans ce contexte complexe de menaces terroristes, de couvre-feu et de confinement g\u00e9n\u00e9ralis\u00e9?<\/strong><\/span><\/span><\/p>\n<p>Point de r\u00e9pit pour le nouveau gouvernement. D\u2019embl\u00e9e, je me suis retrouv\u00e9 dans le feu de l\u2019action, sans avoir un minimum de temps pour une mise en situation et une acclimatation avec mes nouvelles charges. Une semaine seulement apr\u00e8s la prestation de serment devant le pr\u00e9sident de la R\u00e9publique le 29 f\u00e9vrier et ma prise de fonctions, il y a eu l\u2019attaque terroriste, le 6 mars, contre notre patrouille de police au Lac II. Vous pouvez imaginer alors tout ce qui devait s\u2019ensuivre pour l\u2019activation du plan d\u2019urgence, la conduite de l\u2019enqu\u00eate, l\u2019anticipation d\u2019\u00e9ventuels actes concomitants, l\u2019apaisement de la peur des citoyens\u2026<\/p>\n<p>Quelques jours seulement apr\u00e8s, et avec la propagation de la pand\u00e9mie de Covid-19, il fallait que le chef de l\u2019\u00c9tat d\u00e9cr\u00e8te le confinement g\u00e9n\u00e9ral, absolument sans pr\u00e9c\u00e9dent dans l\u2019histoire du pays, pour parer aux cons\u00e9quences d\u00e9sastreuses pour les Tunisiens et instaurer concomitamment le couvre-feu. Mais il y avait aussi la fermeture des fronti\u00e8res et l\u2019organisation du rapatriement des Tunisiens se trouvant aux quatre coins de la plan\u00e8te. On ne vous apprend nulle part comment g\u00e9rer une situation pareille, exceptionnelle et in\u00e9dite !<\/p>\n<p><span class=\"c6\"><span class=\"c5\"><strong>Comment vous y \u00eates-vous pris ?<\/strong><\/span><\/span><\/p>\n<p>Avec beaucoup de zen ! Dans ce genre de situations complexes, il faut savoir toujours garder sa lucidit\u00e9 et prendre une certaine distance par rapport aux \u00e9v\u00e8nements successifs, pour pouvoir d\u00e9cortiquer chaque s\u00e9quence, la d\u00e9-complexifier, en cherchant les solutions idoines. Pour cela, Ii faut s\u2019armer d\u2019un grand sens de l\u2019\u00e9quipe et avoir une confiance dans l\u2019\u00e9quipe.<\/p>\n<p>Ma d\u00e9termination a \u00e9t\u00e9 grande et in\u00e9branlable. Mon d\u00e9partement se doit d\u2019apporter le meilleur soutien \u00e0 l\u2019action gouvernementale. La voie est claire : assurer une communication rationnelle, factuelle et rassurante, mobiliser les \u00e9quipes autour d\u2019une mission, mettre en exergue la noblesse de la mission qui nous attend, instaurer un leadership participatif o\u00f9 l\u2019action de tout un chacun est valoris\u00e9e. L\u2019encouragement des \u00e9quipes et leur motivation sont essentiels. Tout en ne se laissant pas submerger par l\u2019ampleur des \u00e9v\u00e8nements et en gardant toujours la t\u00eate sur les \u00e9paules. Il faut dire qu\u2019\u00e0 ce niveau de responsabilit\u00e9, il faut \u00eatre bien rod\u00e9 dans la gestion de la pression, forte et multiple.<\/p>\n<p><span class=\"c6\"><span class=\"c5\"><strong>Quels sont les moments les plus \u00e9prouvants que vous avez r\u00e9cemment v\u00e9cus ?<\/strong><\/span><\/span><\/p>\n<p>C\u2019\u00e9tait face au regard des enfants du martyr Taoufik Missaoui, d\u00e9c\u00e9d\u00e9 lors de l\u2019attaque du Lac II. J\u2019ai \u00e9t\u00e9 frapp\u00e9 par ce que j\u2019ai vu sur leur visage, un m\u00e9lange de tristesse certainement, d\u2019affliction profonde, mais aussi de fiert\u00e9 et d\u2019espoir.<\/p>\n<p>J\u2019ai alors mesur\u00e9 beaucoup plus l\u2019ampleur et l\u2019essence m\u00eame de ma mission et de celle de toutes nos \u00e9quipes. Ces enfants, comme tous les Tunisiens d\u2019ailleurs, attendent de nous de leur rendre justice, de leur garantir la s\u00e9curit\u00e9 et de leur paver un avenir meilleur.<\/p>\n<p>C\u2019\u00e9tait \u00e0 la fois un moment \u00e9prouvant et stimulant qui m\u2019a tout de suite renvoy\u00e9 \u00e0 la teneur du serment que j\u2019ai pr\u00eat\u00e9 lors de ma prise de fonctions.\u00a0\u00a0<\/p>\n<p>Un autre moment \u00e9prouvant \u00e0 surmonter, c\u2019\u00e9tait lorsqu\u2019il y a eu, \u00e0 un certain moment, de r\u00e9elles craintes de voir le nombre de cas de Covid-19 exploser, avec tout ce que cela g\u00e9n\u00e8re comme souffrances, victimes\u2026 et exige de nos structures hospitali\u00e8res efforts incommensurables.<\/p>\n<p>La contribution du minist\u00e8re de l\u2019Int\u00e9rieur et de toutes nos forces de s\u00e9curit\u00e9 a \u00e9t\u00e9 d\u00e9terminante dans la mesure o\u00f9 nous avons \u00e9t\u00e9 beaucoup plus s\u00e9v\u00e8res et r\u00e9actifs dans l\u2019application des mesures de confinement. Apr\u00e8s avoir opt\u00e9, au tout d\u00e9but de la crise, pour une d\u00e9marche ax\u00e9e beaucoup plus sur la communication et la pr\u00e9vention, il fallait assurer une application rigoureuse des consignes.<\/p>\n<p>L\u2019ind\u00e9pendance des corps s\u00e9curitaires et de l\u2019administration r\u00e9gionale est salutaire<\/p>\n<p><span class=\"c6\"><span class=\"c5\"><strong>Comment comptez-vous pr\u00e9server l\u2019ind\u00e9pendance des corps s\u00e9curitaires des nominations partisanes ?<\/strong><\/span><\/span><\/p>\n<p>Le salut des corps s\u00e9curitaires passe par leur ind\u00e9pendance.<\/p>\n<p>La confiance l\u00e9gitime des citoyens dans leur instance s\u00e9curitaire ne se construit et ne se voit renforc\u00e9e que par l\u2019ind\u00e9pendance des structures.<\/p>\n<p>Les forces de de s\u00e9curit\u00e9 ne doivent d\u2019all\u00e9geance qu\u2019\u00e0 la nation, au drapeau et \u00e0 la loi.<\/p>\n<p>Elles doivent \u00eatre maintenues loin de tous les tiraillements politiques et j\u2019y veillerai avec force et conviction.<\/p>\n<p>Les nominations partisanes n\u2019ont pas droit de cit\u00e9 dans le corps des forces de s\u00e9curit\u00e9.<\/p>\n<p>Nous \u0153uvrons \u00e0 instaurer un syst\u00e8me d\u2019\u00e9valuation des performances des cadres. Il s\u2019agit de mettre en place des crit\u00e8res pr\u00e9cis pour les propositions de nomination des cadres dans les emplois fonctionnels, \u00e0 partird\u2019un scoring \u00e9quitable de leurs performances et d\u2019un monitoring de leurs actes<\/p>\n<p><span class=\"c6\"><span class=\"c5\"><strong>Il en va de m\u00eame pour les cadres de l\u2019administration r\u00e9gionale ?<\/strong><\/span><\/span><\/p>\n<p>Absolument ! Nous sommes d\u00e9termin\u00e9s \u00e0 rompre d\u00e9finitivement d\u2019avec les pratiques d\u2019un autre \u00e2ge o\u00f9 un cadre r\u00e9gional se trouve nomm\u00e9 \u00e0 un poste pour de multiples raisons, sauf celles pour lesquelles il doit \u00eatre r\u00e9ellement d\u00e9sign\u00e9, c\u2019est-\u00e0-dire sa comp\u00e9tence et sa capacit\u00e9 \u00e0 donner le plus attendu \u00e0 la r\u00e9gion o\u00f9 il exerce.<\/p>\n<p>Notre d\u00e9marche est d\u2019aller vers une sorte de contractualisation avec les responsables de l\u2019administration r\u00e9gionale, c\u2019est-\u00e0-dire une d\u00e9finition des missions dont ils ont la charge et la mise en place d\u2019un syst\u00e8me d\u2019\u00e9valuation de l\u2019accomplissement de leurs t\u00e2ches.<\/p>\n<p>On ne veut plus avoir de cadres r\u00e9gionaux qui ne savent pas ce qui est attendu d\u2019eux, pourquoi ils sont l\u00e0 et, le cas \u00e9ch\u00e9ant, pourquoi ils ont \u00e9t\u00e9 remerci\u00e9s.<\/p>\n<p>En parall\u00e8le, nous planchons sur un nouveau statut particulier des cadres r\u00e9gionaux qui mettra en valeur leur m\u00e9tier et encouragera leur promotion dans leur carri\u00e8re.<\/p>\n<p><span class=\"c3\"><span class=\"c7\"><strong>Ce qui a chang\u00e9 dans ma vie<\/strong><\/span><\/span><\/p>\n<p><span class=\"c5\"><span class=\"c6\"><strong>Dans quelles conditions avez-vous \u00e9t\u00e9 nomm\u00e9 ministre de l\u2019Int\u00e9rieur?<\/strong><\/span><\/span><\/p>\n<p>Quand on fait le choix de servir l\u2019\u00c9tat, on se d\u00e9die \u00e0 la nation, sans \u00e9tats d\u2019\u00e2me ni h\u00e9sitation. Cela a toujours \u00e9t\u00e9 ma profonde conviction, depuis le premier jour o\u00f9 j\u2019avais postul\u00e9 \u00e0 l\u2019ENA. Servir mon pays est mon credo. Je l\u2019accomplis quelles que soient les fonctions auxquelles je suis appel\u00e9. Je l\u2019ai fait l\u00e0 o\u00f9 je suis pass\u00e9 : au sein des services de la pr\u00e9sidence du gouvernement, \u00e0 la Commission de lutte contre la corruption, aux minist\u00e8res des Transports, des Affaires sociales, de la Sant\u00e9\u2026<\/p>\n<p>Et c\u2019est avec un grand honneur que j\u2019ai r\u00e9pondu au devoir d\u2019exercer \u00e0 la pr\u00e9sidence de la R\u00e9publique et \u00e0 pr\u00e9sent au minist\u00e8re de l\u2019Int\u00e9rieur.<\/p>\n<p>Je suis d\u2019un genre tel que quand le devoir de servir l\u2019\u00c9tat m\u2019appelle, je ne me pose pas de questions. Je m\u2019y investis totalement, avec toute la loyaut\u00e9 et le d\u00e9vouement attendus d\u2019un serviteur de la nation.<\/p>\n<p><span class=\"c5\"><span class=\"c6\"><strong>Comment travaillez-vous au quotidien?<\/strong><\/span><\/span><\/p>\n<p>J\u2019ai gard\u00e9 les m\u00eames habitudes : disponible, joignable, attentif, tr\u00e8s concentr\u00e9 sur ma mission. D\u00e8s 7h30 du matin, je suis \u00e0 l\u2019\u0153uvre au bureau et souvent sur le terrain. J\u2019essaye toujours d\u2019\u00eatre pr\u00e8s des \u00e9quipes, adoptant et partageant autour de moi une approche participative o\u00f9 l\u2019avis de tout un chacun compte, de telle mani\u00e8re que tout le monde se sente partie prenante dans le processus de prise de d\u00e9cision.<\/p>\n<p>Des r\u00e9unions r\u00e9guli\u00e8res et productives sont tenues avec les principaux responsables. Un suivi attentif est \u00e9galement assur\u00e9 par les diff\u00e9rents comit\u00e9s de travail mis en place. Une place privil\u00e9gi\u00e9e est accord\u00e9e au suivi, \u00e0 une analyse de la situation du pays et \u00e0 l\u2019anticipation.<\/p>\n<p>Je n\u2019ai pas d\u2019horaires fixes pour quitter le bureau, et il m\u2019arrive souvent de rendre visite, m\u00eame en solo, aux \u00e9quipes sur le terrain. Me tenir tr\u00e8s pr\u00e8s des agents est important, tant pour les galvaniser et les encourager que pour me rendre compte aussi des conditions d\u2019exercice effectif de leur mission.<\/p>\n<p><span class=\"c6\"><strong>Qu\u2019est-ce qui a chang\u00e9 dans votre vie ?<\/strong><\/span><\/p>\n<p>Pas grand-chose sauf que la famille (professionnelle) s\u2019est \u00e9largie ! Pour mon plus grand honneur, mon plus grand bonheur.<\/p>\n<p><span class=\"c3\"><span class=\"c7\"><strong>Le minist\u00e8re de l\u2019Int\u00e9rieur est avant tout le gardien et le garant de la d\u00e9mocratie<\/strong><\/span><\/span><\/p>\n<p><span class=\"c6\"><span class=\"c5\"><strong>Comment avez-vous trouv\u00e9 le minist\u00e8re de l\u2019Int\u00e9rieur ?<\/strong><\/span><\/span><\/p>\n<p>D\u2019abord, un haut degr\u00e9 de patriotisme, un sens aigu de la discipline et un plein d\u00e9vouement. J\u2019ai trouv\u00e9 aussi des gens d\u2019une tr\u00e8s grande qualit\u00e9 aussi bien professionnelle qu\u2019humaine avec lesquels je travaille \u00e0 la promotion de l\u2019image de ce d\u00e9partement injustement consid\u00e9r\u00e9 et au renforcement de son r\u00f4le essentiel.<\/p>\n<p>Le minist\u00e8re de l\u2019Int\u00e9rieur est avant tout et surtout le gardien et le garant de la d\u00e9mocratie. Il ne peut y avoir de d\u00e9veloppement dans le pays, sur tous les plans, sans ce d\u00e9partement \u00e0 la faveur de tous ses aspects de s\u00e9curit\u00e9 int\u00e9rieure et d\u2019administration r\u00e9gionale. Mon action porte sur la consolidation et la promotion de l\u2019image des forces de l\u2019ordre, et de l\u2019ancrage de la discipline dans le respect scrupuleux des droits humains.<\/p>\n<p><span class=\"c3\"><span class=\"c7\"><strong>La sociologie du crime a profond\u00e9ment chang\u00e9<\/strong><\/span><\/span><\/p>\n<p><span class=\"c5\"><span class=\"c6\"><strong>O\u00f9 en est la lutte contre la criminalit\u00e9 et le trafic de stup\u00e9fiants ?<\/strong><\/span><\/span><\/p>\n<p>C\u2019est un intense effort continu. Certes la criminalit\u00e9 en termes statistiques a baiss\u00e9 durant le confinement, contrairement \u00e0 tout ce qui a pu \u00eatre ressenti. Et il faut dire que nous y avons profond\u00e9ment \u0153uvr\u00e9. Mais en science criminelle, la question de la perception est importante, il faut la traiter. D\u00e8s le d\u00e9part, il fallait renforcer le sentiment de s\u00e9curit\u00e9 chez le citoyen et\u00a0 consolider sa confiance dans les forces de l\u2019ordre, ind\u00e9pendamment des statistiques qui restent pour lui des chiffres froids qui ne lui inspirent n\u00e9cessairement pas ce sentiment de paix tant recherch\u00e9.<br \/>Imp\u00e9rativement, la communication doit se faire en profondeur dans ce sens.<\/p>\n<p>La criminalit\u00e9 en termes statistiques n\u2019a pas \u00e9volu\u00e9, bien au contraire, mais la sociologie du crime, elle, a chang\u00e9 profond\u00e9ment. L\u2019implication de mineurs dans des d\u00e9lits reste inqui\u00e9tante.<\/p>\n<p>Les crimes li\u00e9s \u00e0 la drogue (consommation, trafic\u2026) persistent encore. Nous y faisons face avec force tous les jours. Les saisies sont tr\u00e8s importantes et le d\u00e9mant\u00e8lement des r\u00e9seaux s\u2019intensifie. Mais l\u2019approche s\u00e9curitaire de ce ph\u00e9nom\u00e8ne n\u2019apporte pas toute la solution. Une prise en charge multidisciplinaire, o\u00f9 l\u2019\u00e9ducation, le sport, la culture, le r\u00f4le de la famille et l\u2019\u00e9radication de la pauvret\u00e9 se trouvent conjugu\u00e9s pour traiter correctement et enrayer ce ph\u00e9nom\u00e8ne.<\/p>\n<p><span class=\"c7\"><span class=\"c3\">Des r\u00e9formes urgentes indispensables<\/span><\/span><\/p>\n<p><span class=\"c5\"><span class=\"c6\"><strong>Quel projet de r\u00e9forme portez-vous ?<\/strong><\/span><\/span><\/p>\n<p>Elles sont toutes urgentes et indispensables. Les chantiers sont multiples, cruciaux et bien articul\u00e9s. La num\u00e9risation du minist\u00e8re de l\u2019Int\u00e9rieur s\u2019impose en priorit\u00e9. Notre minist\u00e8re n\u2019a pas encore fait sa r\u00e9volution num\u00e9rique, malgr\u00e9 son grand potentiel et la grande qualit\u00e9 de ses cadres et agents. Nous avons beaucoup de projets dans ce domaine : la t\u00e9l\u00e9surveillance \u00e9lectronique des villes, la g\u00e9n\u00e9ralisation du num\u00e9rique au sein de la police de circulation : contr\u00f4le \u00e9lectronique des plaques d\u2019immatriculation, radars mobiles, feux intuitifs\u2026 Mais aussi la surveillance \u00e9lectronique des fronti\u00e8res, le\u00a0 e-visa, le passeport et la carte d\u2019identit\u00e9 biom\u00e9triques.<\/p>\n<p>Notre attention porte hautement sur l\u2019am\u00e9lioration des services rendus aux citoyens en y int\u00e9grant les concepts de qualit\u00e9 dans les prestations fournies, notamment pour la d\u00e9livrance des documents d\u2019identit\u00e9, des documents administratifs et autres.<\/p>\n<p>Le concept de police de proximit\u00e9 est \u00e0 d\u00e9ployer efficacement. Tout cela contribuera \u00e0 la r\u00e9conciliation entre le Tunisien et l\u2019institution s\u00e9curitaire.<br \/>Parall\u00e8lement, la r\u00e9forme du statut particulier des forces de l\u2019ordre est d\u2019une urgence primordiale, tout comme l\u2019adoption de la loi de protection des forces de l\u2019ordre.<\/p>\n<p>L\u2019un de nos chantiers est aussi la cr\u00e9ation d\u2019un centre d\u2019\u00e9tudes s\u00e9curitaires et strat\u00e9giques. L\u2019apport de cette structure de r\u00e9flexion d\u2019analyse et de proposition sera pr\u00e9cieux.<\/p>\n<p><span class=\"c7\"><span class=\"c3\"><strong>La violence contre les femmes et les enfants ne doit pas \u00eatre tue<\/strong><\/span><\/span><\/p>\n<p><span class=\"c5\"><span class=\"c6\"><strong>Moins de plaintes de violence exerc\u00e9es contre les femmes et les enfants, est-ce rassurant?<\/strong><\/span><\/span><\/p>\n<p>Effectivement, les indicateurs li\u00e9s \u00e0 la violence, aux crimes et d\u00e9lits commis contre les femmes ont baiss\u00e9. Mais, cela ne nous a pas rassur\u00e9s pour autant, dans la mesure o\u00f9 nous sommes conscients que dans la d\u00e9nonciation de ce genre d\u2019agressions, il peut y avoir une sous- d\u00e9claration. Certains reflexes r\u00e9trogrades persistent malheureusement encore dans notre soci\u00e9t\u00e9. Une femme victime de violence peut \u00eatre dissuad\u00e9e de porter plainte et ce, pour de multiples pr\u00e9textes : la pr\u00e9servation de la famille, le qu\u2019en-dira-t-on, la banalisation de la violence\u2026 Nous avons \u00e9labor\u00e9 un spot vid\u00e9o que nous avons diffus\u00e9 sur notre portail, incitant les femmes \u00e0 nous contacter sans h\u00e9sitation au moindre acte de violence dont elles seraient victimes.<\/p>\n<p>Nous travaillons \u00e9galement \u00e0 renforcer nos \u00e9quipes sp\u00e9cialis\u00e9es dans les crimes commis \u00e0 l\u2019encontre des femmes et des enfants et \u00e0 am\u00e9liorer leurs comp\u00e9tences par des formations sp\u00e9cifiques.<\/p>\n<p>Nous nous sommes rapproch\u00e9s \u00e9galement du minist\u00e8re de la Femme et de la Famille pour recouper nos donn\u00e9es de crainte qu\u2019il y ait \u2014et il y en a certainement\u2014 des femmes qui, pour une raison ou une autre, se tourneraient vers les structures de ce minist\u00e8re et pas les n\u00f4tres\u2026<\/p>\n<p class=\"c8\"><strong>Propos recueillis par Fatma Hentati<br \/>Photos : Mohamed Hammi<\/strong><\/p>\n<p><strong>Lire aussi<\/strong><\/p>\n<p><a href=\"https:\/\/www.leaders.com.tn\/article\/30055-hichem-mechichi-le-salut-des-corps-securitaires-et-de-l-administratin-regionale-passe-par-leur-independance-video\" target=\"_blank\" rel=\"noopener noreferrer\">Hichem Mechichi: Le salut des corps s\u00e9curitaires et de l&rsquo;Administratin r\u00e9gionale passe par leur ind\u00e9pendance (Vid\u00e9o)<\/a><\/p>\n<p><a href=\"https:\/\/www.leaders.com.tn\/article\/30055-hichem-mechichi-le-salut-des-corps-securitaires-et-de-l-administratin-regionale-passe-par-leur-independance-video\" target=\"_blank\" rel=\"noopener noreferrer\">Hichem Mechichi: Un ministre de l\u2019Int\u00e9rieur atypique ?<\/a><\/p>\n<p class=\"c4\"><strong><a href=\"\/uploads\/FCK_files\/file\/Leaders%20N%C2%B0109%20Juin-interactif.pdf\"><img loading=\"lazy\" decoding=\"async\" src=\"\/uploads\/FCK_files\/Bondou(8).jpg\" alt=\"\" width=\"500\" vspace=\"5\" hspace=\"5\" height=\"128\" align=\"middle\"\/><\/a><\/strong><\/p>\n<p>Auteur:<br \/>\n<a href=\"https:\/\/www.leaders.com.tn\/article\/30073-hichem-mechichi-des-le-premier-jour-a-la-tete-du-ministere-de-l-interieur-me-suis-retrouve-dans-le-feu-de-l-action-video\">Cliquez ici pour lire l&rsquo;article depuis sa source.<\/a><\/p>\n","protected":false},"excerpt":{"rendered":"<p>Choisir par ses temps troubles, d&rsquo;une \u00e9bullition r\u00e9volutionnaire sans fin et en pleine crise sanitaire sans pr\u00e9c\u00e9dent, une personnalit\u00e9 pour occuper le poste ultrasensible de ministre de l&rsquo;Int\u00e9rieur, c&rsquo;est comme chercher une aiguille dans une botte se foin.\u00a0Autant dire, une t\u00e2che quasi impossible. Le choix s&rsquo;est port\u00e9 sur Hichem M\u00e9chichi, 47 ans, n\u00e9 \u00e0 Ezzahra [&hellip;]<\/p>\n","protected":false},"author":1772,"featured_media":88669,"comment_status":"closed","ping_status":"closed","sticky":false,"template":"","format":"standard","meta":{"fifu_image_url":"","fifu_image_alt":"","footnotes":""},"categories":[73,55],"tags":[],"class_list":["post-88668","post","type-post","status-publish","format-standard","has-post-thumbnail","hentry","category-actualite","category-tunisie"],"_links":{"self":[{"href":"https:\/\/linitiative.ca\/International\/wp-json\/wp\/v2\/posts\/88668","targetHints":{"allow":["GET"]}}],"collection":[{"href":"https:\/\/linitiative.ca\/International\/wp-json\/wp\/v2\/posts"}],"about":[{"href":"https:\/\/linitiative.ca\/International\/wp-json\/wp\/v2\/types\/post"}],"author":[{"embeddable":true,"href":"https:\/\/linitiative.ca\/International\/wp-json\/wp\/v2\/users\/1772"}],"replies":[{"embeddable":true,"href":"https:\/\/linitiative.ca\/International\/wp-json\/wp\/v2\/comments?post=88668"}],"version-history":[{"count":0,"href":"https:\/\/linitiative.ca\/International\/wp-json\/wp\/v2\/posts\/88668\/revisions"}],"wp:featuredmedia":[{"embeddable":true,"href":"https:\/\/linitiative.ca\/International\/wp-json\/"}],"wp:attachment":[{"href":"https:\/\/linitiative.ca\/International\/wp-json\/wp\/v2\/media?parent=88668"}],"wp:term":[{"taxonomy":"category","embeddable":true,"href":"https:\/\/linitiative.ca\/International\/wp-json\/wp\/v2\/categories?post=88668"},{"taxonomy":"post_tag","embeddable":true,"href":"https:\/\/linitiative.ca\/International\/wp-json\/wp\/v2\/tags?post=88668"}],"curies":[{"name":"wp","href":"https:\/\/api.w.org\/{rel}","templated":true}]}}