{"id":88673,"date":"2020-06-11T15:48:00","date_gmt":"2020-06-11T19:48:00","guid":{"rendered":"https:\/\/linitiative.ca\/International\/mouna-mtibaa-pdg-de-lagence-tap\/"},"modified":"2020-06-11T15:48:00","modified_gmt":"2020-06-11T19:48:00","slug":"mouna-mtibaa-pdg-de-lagence-tap","status":"publish","type":"post","link":"https:\/\/linitiative.ca\/International\/mouna-mtibaa-pdg-de-lagence-tap\/","title":{"rendered":"Mouna Mtibaa PDG de l&rsquo;agence TAP"},"content":{"rendered":"<p>Mouna Mtibaa vient d&rsquo;\u00eatre nomm\u00e9e Pr\u00e9sidente-directrice g\u00e9n\u00e9rale de l\u2019Agence Tunis-Afrique-Presse.Elle succ\u00e8de \u00e0 notre confr\u00e8re Rachid Khechana.<\/p>\n<p>\u00a0Titulaire du dipl\u00f4me de l&rsquo;IPSI, notre consoeur a entam\u00e9 sa carri\u00e8re au sein de TAP il y a 20 ans avant de gravir les \u00e9chelons Jusqu\u2019\u00e0 sa nomination \u00e0 la t\u00eate de l\u2019Agence . Elle a \u00e9galement occup\u00e9 le poste de directrice adjointe charg\u00e9e de la formation au Programme europ\u00e9en d\u2019Appui aux M\u00e9dias en Tunisie (PAMT).<\/p>\n<p>Auteur:<br \/>\n<a href=\"https:\/\/www.leaders.com.tn\/article\/30094-mouna-mtibaa-pdg-de-l-agence-tap\">Cliquez ici pour lire l&rsquo;article depuis sa source.<\/a><\/p>\n","protected":false},"excerpt":{"rendered":"<p>Mouna Mtibaa vient d&rsquo;\u00eatre nomm\u00e9e Pr\u00e9sidente-directrice g\u00e9n\u00e9rale de l\u2019Agence Tunis-Afrique-Presse.Elle succ\u00e8de \u00e0 notre confr\u00e8re Rachid Khechana. \u00a0Titulaire du dipl\u00f4me de l&rsquo;IPSI, notre consoeur a entam\u00e9 sa carri\u00e8re au sein de TAP il y a 20 ans avant de gravir les \u00e9chelons Jusqu\u2019\u00e0 sa nomination \u00e0 la t\u00eate de l\u2019Agence . Elle a \u00e9galement occup\u00e9 le [&hellip;]<\/p>\n","protected":false},"author":1772,"featured_media":0,"comment_status":"closed","ping_status":"closed","sticky":false,"template":"","format":"standard","meta":{"fifu_image_url":"","fifu_image_alt":"","footnotes":""},"categories":[73,55],"tags":[],"class_list":["post-88673","post","type-post","status-publish","format-standard","hentry","category-actualite","category-tunisie"],"_links":{"self":[{"href":"https:\/\/linitiative.ca\/International\/wp-json\/wp\/v2\/posts\/88673","targetHints":{"allow":["GET"]}}],"collection":[{"href":"https:\/\/linitiative.ca\/International\/wp-json\/wp\/v2\/posts"}],"about":[{"href":"https:\/\/linitiative.ca\/International\/wp-json\/wp\/v2\/types\/post"}],"author":[{"embeddable":true,"href":"https:\/\/linitiative.ca\/International\/wp-json\/wp\/v2\/users\/1772"}],"replies":[{"embeddable":true,"href":"https:\/\/linitiative.ca\/International\/wp-json\/wp\/v2\/comments?post=88673"}],"version-history":[{"count":0,"href":"https:\/\/linitiative.ca\/International\/wp-json\/wp\/v2\/posts\/88673\/revisions"}],"wp:attachment":[{"href":"https:\/\/linitiative.ca\/International\/wp-json\/wp\/v2\/media?parent=88673"}],"wp:term":[{"taxonomy":"category","embeddable":true,"href":"https:\/\/linitiative.ca\/International\/wp-json\/wp\/v2\/categories?post=88673"},{"taxonomy":"post_tag","embeddable":true,"href":"https:\/\/linitiative.ca\/International\/wp-json\/wp\/v2\/tags?post=88673"}],"curies":[{"name":"wp","href":"https:\/\/api.w.org\/{rel}","templated":true}]}}