{"id":88679,"date":"2020-06-11T12:13:29","date_gmt":"2020-06-11T16:13:29","guid":{"rendered":"https:\/\/linitiative.ca\/International\/nomination-fabrice-crevola-aux-commandes-de-renault-commerce-maroc\/"},"modified":"2020-06-11T12:13:29","modified_gmt":"2020-06-11T16:13:29","slug":"nomination-fabrice-crevola-aux-commandes-de-renault-commerce-maroc","status":"publish","type":"post","link":"https:\/\/linitiative.ca\/International\/nomination-fabrice-crevola-aux-commandes-de-renault-commerce-maroc\/","title":{"rendered":"Nomination : Fabrice Crevola aux commandes de Renault Commerce Maroc"},"content":{"rendered":"<p><strong>Du changement \u00e0 la t\u00eate de Renault Commerce Maroc\u00a0! Fabrice Crevola prendra la direction de la filiale commerciale du Groupe Renault Maroc \u00e0 compter du 1<sup>er<\/sup> juillet prochain en tant que Directeur g\u00e9n\u00e9ral.<\/strong><\/p>\n<div class=\"c10\"\/>\n<p>Succ\u00e9dant ainsi \u00e0 Laurent Diot qui a \u00e9t\u00e9 nomm\u00e9 Directeur marketing France pour le compte de la marque au losange, Fabrice Crevola sera rattach\u00e9 \u00e0 Marc Nassif, Directeur g\u00e9n\u00e9ral du Groupe Renault Maroc. Dipl\u00f4m\u00e9 de l\u2019EM Lyon Business School, il a int\u00e9gr\u00e9 Renault en 1994. Son parcours a \u00e9t\u00e9 marqu\u00e9 par la prise de fonction de diff\u00e9rentes responsabilit\u00e9s dans les ventes et au niveau du marketing au sein du Groupe. Il dispose par ailleurs d\u2019une grande exp\u00e9rience \u00e0 l\u2019international, notamment \u00e0 la t\u00eate du marketing du Groupe Renault en Pologne et en Italie.<\/p>\n<p><strong>Lire aussi |<\/strong> <a href=\"https:\/\/www.challenge.ma\/reprise-progressive-des-activites-du-transport-mixte-et-de-personnels-dans-le-respect-des-specificites-de-chaque-zone-144100\/\"><strong>Reprise progressive des activit\u00e9s du transport mixte<\/strong><\/a><\/p>\n<p>Depuis maintenant trois ans, il occupe le poste de Directeur g\u00e9n\u00e9ral de la marque au losange au Portugal. Faut-il pr\u00e9ciser que la filiale commerciale marocaine de Renault a renforc\u00e9 son leadership avec plus de 42% de part de march\u00e9 en 2019, devenant ainsi le 13<sup>\u00e8me<\/sup> pays en termes de ventes pour le Groupe.<\/p>\n<div class=\"vw-sticky-sidebar-wrapper vw-sticky-sidebar widget_text awac-wrapper widget_text awac widget custom_html-4 textwidget custom-html-widget\">\n<p class=\"has-background c12\"><span class=\"widget-title c11\">Tribune et D\u00e9bats<\/span><\/p>\n<p>La tribune qui vous parle d\u2019une actu, d\u2019un sujet qui fait d\u00e9bat, les traitent et les analysent. \u00c9conomistes et autres experts, patrons d\u2019entreprises, d\u00e9cideurs, acteurs de la soci\u00e9t\u00e9 civile, s\u2019y prononcent et contribuent \u00e0 sa grande richesse. Vous avez votre opinion, convergente ou diff\u00e9rente. Exprimez-la et mesurez-vous ainsi \u00e0 nos tribuns et d\u00e9batteurs.<\/p>\n<p>Envoyez vos analyses \u00e0 : <a href=\"\/cdn-cgi\/l\/email-protection#f1929e9f85909285b19299909d9d949f9694df9c90\"><span class=\"__cf_email__\" data-cfemail=\"680b07061c090b1c280b000904040d060f0d460509\">[email\u00a0protected]<\/span><\/a>, en pr\u00e9cisant votre nom, votre pr\u00e9nom et votre m\u00e9tier.<\/p>\n<\/div>\n<p>Auteur: David J\u00e9r\u00e9mie<br \/>\n<a href=\"https:\/\/www.challenge.ma\/nomination-fabrice-crevola-aux-commandes-de-renault-commerce-maroc-144189\/\">Cliquez ici pour lire l&rsquo;article depuis sa source.<\/a><\/p>\n","protected":false},"excerpt":{"rendered":"<p>Du changement \u00e0 la t\u00eate de Renault Commerce Maroc\u00a0! Fabrice Crevola prendra la direction de la filiale commerciale du Groupe Renault Maroc \u00e0 compter du 1er juillet prochain en tant que Directeur g\u00e9n\u00e9ral. Succ\u00e9dant ainsi \u00e0 Laurent Diot qui a \u00e9t\u00e9 nomm\u00e9 Directeur marketing France pour le compte de la marque au losange, Fabrice Crevola [&hellip;]<\/p>\n","protected":false},"author":1787,"featured_media":0,"comment_status":"closed","ping_status":"closed","sticky":false,"template":"","format":"standard","meta":{"fifu_image_url":"","fifu_image_alt":"","footnotes":""},"categories":[78,54],"tags":[],"class_list":["post-88679","post","type-post","status-publish","format-standard","hentry","category-economie","category-maroc"],"_links":{"self":[{"href":"https:\/\/linitiative.ca\/International\/wp-json\/wp\/v2\/posts\/88679","targetHints":{"allow":["GET"]}}],"collection":[{"href":"https:\/\/linitiative.ca\/International\/wp-json\/wp\/v2\/posts"}],"about":[{"href":"https:\/\/linitiative.ca\/International\/wp-json\/wp\/v2\/types\/post"}],"author":[{"embeddable":true,"href":"https:\/\/linitiative.ca\/International\/wp-json\/wp\/v2\/users\/1787"}],"replies":[{"embeddable":true,"href":"https:\/\/linitiative.ca\/International\/wp-json\/wp\/v2\/comments?post=88679"}],"version-history":[{"count":0,"href":"https:\/\/linitiative.ca\/International\/wp-json\/wp\/v2\/posts\/88679\/revisions"}],"wp:attachment":[{"href":"https:\/\/linitiative.ca\/International\/wp-json\/wp\/v2\/media?parent=88679"}],"wp:term":[{"taxonomy":"category","embeddable":true,"href":"https:\/\/linitiative.ca\/International\/wp-json\/wp\/v2\/categories?post=88679"},{"taxonomy":"post_tag","embeddable":true,"href":"https:\/\/linitiative.ca\/International\/wp-json\/wp\/v2\/tags?post=88679"}],"curies":[{"name":"wp","href":"https:\/\/api.w.org\/{rel}","templated":true}]}}