{"id":88697,"date":"2020-06-11T15:29:08","date_gmt":"2020-06-11T19:29:08","guid":{"rendered":"https:\/\/linitiative.ca\/International\/gregoire-baki-chef-du-service-des-applications-meteorologiques-la-pluviometrie-sera-normale-a-tendance-excedentaire\/"},"modified":"2020-06-11T15:29:08","modified_gmt":"2020-06-11T19:29:08","slug":"gregoire-baki-chef-du-service-des-applications-meteorologiques-la-pluviometrie-sera-normale-a-tendance-excedentaire","status":"publish","type":"post","link":"https:\/\/linitiative.ca\/International\/gregoire-baki-chef-du-service-des-applications-meteorologiques-la-pluviometrie-sera-normale-a-tendance-excedentaire\/","title":{"rendered":"Gr\u00e9goire Baki, chef du service des applications m\u00e9t\u00e9orologiques  : \u00ab La pluviom\u00e9trie sera normale \u00e0 tendance exc\u00e9dentaire \u00bb"},"content":{"rendered":"<div class=\"td-post-featured-image\"><a href=\"https:\/\/www.sidwaya.info\/wp-content\/uploads\/2020\/06\/1-21.jpg\" data-caption=\"\"><img loading=\"lazy\" decoding=\"async\" width=\"595\" height=\"393\" class=\"entry-thumb td-modal-image\" src=\"https:\/\/www.sidwaya.info\/wp-content\/uploads\/2020\/06\/1-21.jpg\" srcset=\"https:\/\/www.sidwaya.info\/wp-content\/uploads\/2020\/06\/1-21.jpg 595w, https:\/\/www.sidwaya.info\/wp-content\/uploads\/2020\/06\/1-21-300x198.jpg 300w\" sizes=\"auto, (max-width: 595px) 100vw, 595px\" alt=\"\" title=\"1\"\/><\/a><\/div>\n<p><strong>La saison des pluies s\u2019est install\u00e9e avec ses premi\u00e8res averses \u00e0 l\u2019\u00e9chelle du territoire national. Dans cette interview, le chef du service des applications m\u00e9t\u00e9orologiques, Gr\u00e9goire Baki, appr\u00e9cie la situation m\u00e9t\u00e9orologique et ses cons\u00e9quences sur la campagne agricole.<\/strong><\/p>\n<p><strong>Sidwaya (S) :<\/strong> Quelle est votre appr\u00e9ciation de la situation m\u00e9t\u00e9orologique actuelle ?<\/p>\n<p>Gr\u00e9goire Baki (G. B.) : Au d\u00e9part, l\u2019on avait pr\u00e9vu une installation pr\u00e9coce \u00e0 tendance normale de la saison sur l\u2019ensemble du territoire national. Aujourd\u2019hui, l\u2019on peut dire que ces pr\u00e9visions m\u00e9t\u00e9orologiques sont en train de se r\u00e9aliser, pr\u00e9cis\u00e9ment sur la partie sud, c\u2019est-\u00e0-dire la zone soudanienne, ensuite, la zone soudano-sah\u00e9lienne et enfin la zone sah\u00e9lienne du pays.<\/p>\n<div class=\"td-a-rec td-a-rec-id-content_inline tdi_30_54a td_block_template_1\"><img loading=\"lazy\" decoding=\"async\" class=\"aligncenter size-full wp-image-21314\" src=\"https:\/\/www.sidwaya.info\/wp-content\/uploads\/2020\/04\/Bandeau-Covid-19-Sidwaya-1.jpg\" alt=\"\" width=\"790\" height=\"98\"\/><\/div>\n<p><strong>S : Comment s\u2019annonce alors cette saison ?<\/strong><\/p>\n<p><strong>G. B.<\/strong> : Selon les r\u00e9sultats des pr\u00e9visions saisonni\u00e8res, l\u2019on assistera pour la p\u00e9riode juin-juillet-ao\u00fbt, \u00e0 une situation normale \u00e0 tendance exc\u00e9dentaire de la pluviom\u00e9trie sur l\u2019ensemble du pays.<\/p>\n<p><strong>S : L\u2019on a constat\u00e9 qu\u2019aux mois de mai et juin, des pluies ont \u00e9t\u00e9 enregistr\u00e9es dans plusieurs localit\u00e9s du Burkina Faso. Quelle interpr\u00e9tation faites-vous de cette situation ?<\/strong><\/p>\n<p><strong>G. B.<\/strong> : En r\u00e9f\u00e9rence, toujours, aux pr\u00e9visions m\u00e9t\u00e9orologiques, nous avions dit que l\u2019installation de la saison des pluies sera pr\u00e9coce \u00e0 tendance exc\u00e9dentaire. Depuis le mois de mai sur la partie sud du Burkina Faso, beaucoup de localit\u00e9s, pour ne pas dire, l\u2019ensemble de la zone, a re\u00e7u des quantit\u00e9s de pluies qui pourraient permettre aux producteurs de d\u00e9marrer la saison agricole. A l\u2019heure actuelle, au niveau de la zone soudanienne de notre pays ainsi qu\u2019au niveau de certaines localit\u00e9s de la zone sah\u00e9lienne, les quantit\u00e9s de pluies re\u00e7ues peuvent permettre de commencer la campagne agricole.<\/p>\n<p><strong>S : Les sites de d\u00e9plac\u00e9s dans le Nord ont subi des inondations en ce d\u00e9but de saison pluvieuse. Allons-nous vivre ces ph\u00e9nom\u00e8nes tout au long de la saison agricole ou c\u2019est un fait ponctuel ?<\/strong><\/p>\n<p><strong>G. B.<\/strong> : Nous ne pouvons pas parler de situation ponctuelle. Mais, il y a de fortes probabilit\u00e9s que sur la majeure partie du Burkina Faso, nous observions des \u00e9v\u00e8nements pluvieux orageux o\u00f9 les quantit\u00e9s de pluies seraient exceptionnelles. S\u2019agissant des conseils agro-m\u00e9t\u00e9orologiques que nous avons donn\u00e9s aux usagers et aux m\u00e9dias, il \u00e9tait question que chacun prenne ses dispositions parce qu\u2019il y a des risques d\u2019inondations dans notre pays. A l\u2019heure actuelle, c\u2019est ce qui est en train de se produire. Etant donn\u00e9 que nous assistons d\u2019abord, \u00e0 l\u2019installation de la saison des pluies, alors qu\u2019il y a des mois au cours desquels, l\u2019on pourrait toujours avoir des \u00e9v\u00e8nements pluvieux assez importants, nous dirons que ce n\u2019est pas une situation exceptionnelle et l\u2019on pourrait toujours assister \u00e0 ces genres d\u2019\u00e9v\u00e8nements qui engendreraient des situations d\u2019inondation.<\/p>\n<p><strong>S : Aujourd\u2019hui, de quels moyens techniques disposez-vous pour guider les producteurs ?<\/strong><\/p>\n<p><strong>G. B.<\/strong> : Il y a un des volets de la pr\u00e9vision saisonni\u00e8re qui prend en compte cet aspect. D\u00e8s l\u2019entame de la saison ou avant son d\u00e9marrage, on essaie d\u2019indiquer aux agriculteurs les possibilit\u00e9s d\u2019av\u00e8nement de poches de s\u00e9cheresse ou pas, en d\u2019autres termes, on indique aux producteurs les risques d\u2019avoir des poches pluviom\u00e9triques plus ou moins longues par rapport \u00e0 des r\u00e9f\u00e9rences au niveau de chaque localit\u00e9 du Burkina Faso. Ainsi, un usager qui comprend tr\u00e8s bien l\u2019information climatique peut savoir s\u2019il y aura des poches de s\u00e8cheresse ou non. Nous avons aussi les pr\u00e9visions hebdomadaires \u00e0 l\u2019Agence nationale de la m\u00e9t\u00e9orologie (ANAM). En cons\u00e9quence, un usager ou un agriculteur qui sait exploiter l\u2019information m\u00e9t\u00e9orologie et qui suit ces pr\u00e9visions peut savoir au cours de la semaine \u00e0 venir, quelles sont les chances d\u2019avoir des quantit\u00e9s de pluies pour sa localit\u00e9. Ce sont des informations qui peuvent lui permettre de prendre des d\u00e9cisions. Par exemple, au cours de la semaine \u00e0 venir, la m\u00e9t\u00e9o indique que dans la localit\u00e9, il y aura des quantit\u00e9s de pluies assez importantes. Au lieu d\u2019aller travailler dans un bas-fond, je vais privil\u00e9gier les endroits plus \u00e9lev\u00e9s pour donner plus de chance de d\u00e9truire les herbes. Il est, donc, important de se munir des informations m\u00e9t\u00e9orologiques pour ma\u00eetriser les \u00e9v\u00e8nements pluvieux et les semis de culture.<\/p>\n<p><strong>S : L\u2019on a assist\u00e9 \u00e9galement, \u00e0 un moment donn\u00e9, \u00e0 des techniques comme l\u2019op\u00e9ration \u00ab Saaga \u00bb. O\u00f9 en est-on aujourd\u2019hui avec ce m\u00e9canisme \u00ab artificiel \u00bb de pluies ?<\/strong><\/p>\n<p><strong>G. B.<\/strong> : Pour le moment, le programme \u00ab Saaga \u00bb est suspendu.<\/p>\n<p><strong>S : Quel type de collaboration existe-t-il entre les services de la M\u00e9t\u00e9o et le minist\u00e8re de l\u2019Agriculture et des Am\u00e9nagements hydroagricoles pour que les donn\u00e9es puissent profiter aux agriculteurs ?<\/strong><\/p>\n<p><strong>G. B.<\/strong> : Entre le minist\u00e8re de l\u2019Agriculture et des Am\u00e9nagements hydroagricoles et le minist\u00e8re des Transports, de la Mobilit\u00e9 urbaine et de la S\u00e9curit\u00e9 routi\u00e8re dont rel\u00e8ve l\u2019ANAM, il existe une parfaite collaboration. Car, nous sommes compl\u00e9mentaires.<br \/>En effet, lorsque nous \u00e9laborons les informations aussi bien m\u00e9t\u00e9orologiques que climatiques, nous les mettons \u00e0 la disposition des directions r\u00e9gionales de l\u2019agriculture et des am\u00e9nagements hydroagricoles, des ONG et des organisations paysannes. Ces informations sont utiles aux producteurs et sont une aide \u00e0 la prise de d\u00e9cision. Le minist\u00e8re en charge de l\u2019agriculture, \u00e0 cet effet, les int\u00e8gre dans ses paquets technologiques pour accompagner les producteurs. Il y a aussi le groupe de travail pluridisciplinaire o\u00f9 l\u2019ANAM joue un r\u00f4le central. Il s\u2019agit d\u2019un groupe qui r\u00e9unit beaucoup de secteurs qui sont, entre autres, l\u2019\u00e9levage, l\u2019agriculture, l\u2019environnement, la sant\u00e9, l\u2019action sociale et d\u2019acteurs comme les Partenaires techniques et financiers (PTF). Tous ces acteurs se retrouvent pour suivre l\u2019\u00e9volution de la saison agricole.<\/p>\n<p><strong>S : Quels conseils \u00e0 l\u2019endroit des usagers et des agriculteurs en ce d\u00e9but de saison pluvieuse ?<\/strong><\/p>\n<p><strong>G. B.<\/strong> : Pour les zones o\u00f9 l\u2019on n\u2019a pas encore commenc\u00e9 \u00e0 semer, nous conseillons aux populations de ne pas h\u00e9siter \u00e0 d\u00e9marrer la saison agricole qui pourrait s\u2019\u00e9taler jusqu\u2019en septembre, d\u00e8s qu\u2019elles obtiennent des quantit\u00e9s importantes de pluies. En tous les cas, les pr\u00e9visions m\u00e9t\u00e9orologiques montrent que l\u2019on pourrait avoir une bonne pluviom\u00e9trie qui serait \u00e9galement bien r\u00e9partie globalement. Nous conseillons aussi les producteurs de ne pas cultiver le ma\u00efs qui n\u2019aime pas beaucoup d\u2019eau dans les bas-fonds, mais de privil\u00e9gier la culture du riz pluvial. Pour ce qui concerne, toujours, le ma\u00efs, il faut le cultiver dans des endroits qui peuvent garder l\u2019humidit\u00e9 sans \u00eatre inond\u00e9s.<br \/>A l\u2019endroit des \u00e9leveurs, il faudra qu\u2019ils \u00e9vitent de \u00ab parquer \u00bb leurs animaux dans les bas-fonds pour se pr\u00e9munir de certaines \u00e9pizooties. Autrement dit, nous leur conseillons de d\u00e9placer les enclos de ces animaux vers des lieux plus \u00e9lev\u00e9s et les vacciner. Car, avec une humidit\u00e9 \u00e9lev\u00e9e (ce que nous pr\u00e9voyons pour cette saison agricole), cela peut provoquer des maladies qui vont entra\u00eener des pertes du cheptel. A tous les producteurs, nous leur dirons d\u2019agrandir leurs superficies pour augmenter leurs productions.<\/p>\n<p class=\"c1\"><strong>Entretien r\u00e9alis\u00e9 par Boukary BONKOUNGOU<\/strong><\/p>\n<div class=\"td-a-rec td-a-rec-id-content_bottom tdi_31_5b5 td_block_template_1\"><img loading=\"lazy\" decoding=\"async\" class=\"aligncenter size-full wp-image-22415\" src=\"https:\/\/www.sidwaya.info\/wp-content\/uploads\/2020\/05\/Bandeau-paiement-mobile-site.png\" alt=\"\" width=\"728\" height=\"90\"\/><\/div>\n<p>Auteur: DD. Sidwaya<br \/>\n<a href=\"https:\/\/www.sidwaya.info\/blog\/2020\/06\/11\/gregoire-baki-chef-du-service-des-applications-meteorologiques-la-pluviometrie-sera-normale-a-tendance-excedentaire\/\">Cliquez ici pour lire l&rsquo;article depuis sa source.<\/a><\/p>\n","protected":false},"excerpt":{"rendered":"<p>La saison des pluies s\u2019est install\u00e9e avec ses premi\u00e8res averses \u00e0 l\u2019\u00e9chelle du territoire national. Dans cette interview, le chef du service des applications m\u00e9t\u00e9orologiques, Gr\u00e9goire Baki, appr\u00e9cie la situation m\u00e9t\u00e9orologique et ses cons\u00e9quences sur la campagne agricole. Sidwaya (S) : Quelle est votre appr\u00e9ciation de la situation m\u00e9t\u00e9orologique actuelle ? Gr\u00e9goire Baki (G. B.) [&hellip;]<\/p>\n","protected":false},"author":1816,"featured_media":88698,"comment_status":"closed","ping_status":"closed","sticky":false,"template":"","format":"standard","meta":{"fifu_image_url":"","fifu_image_alt":"","footnotes":""},"categories":[73,81],"tags":[],"class_list":["post-88697","post","type-post","status-publish","format-standard","has-post-thumbnail","hentry","category-actualite","category-burkina-faso"],"_links":{"self":[{"href":"https:\/\/linitiative.ca\/International\/wp-json\/wp\/v2\/posts\/88697","targetHints":{"allow":["GET"]}}],"collection":[{"href":"https:\/\/linitiative.ca\/International\/wp-json\/wp\/v2\/posts"}],"about":[{"href":"https:\/\/linitiative.ca\/International\/wp-json\/wp\/v2\/types\/post"}],"author":[{"embeddable":true,"href":"https:\/\/linitiative.ca\/International\/wp-json\/wp\/v2\/users\/1816"}],"replies":[{"embeddable":true,"href":"https:\/\/linitiative.ca\/International\/wp-json\/wp\/v2\/comments?post=88697"}],"version-history":[{"count":0,"href":"https:\/\/linitiative.ca\/International\/wp-json\/wp\/v2\/posts\/88697\/revisions"}],"wp:featuredmedia":[{"embeddable":true,"href":"https:\/\/linitiative.ca\/International\/wp-json\/"}],"wp:attachment":[{"href":"https:\/\/linitiative.ca\/International\/wp-json\/wp\/v2\/media?parent=88697"}],"wp:term":[{"taxonomy":"category","embeddable":true,"href":"https:\/\/linitiative.ca\/International\/wp-json\/wp\/v2\/categories?post=88697"},{"taxonomy":"post_tag","embeddable":true,"href":"https:\/\/linitiative.ca\/International\/wp-json\/wp\/v2\/tags?post=88697"}],"curies":[{"name":"wp","href":"https:\/\/api.w.org\/{rel}","templated":true}]}}