{"id":88715,"date":"2020-06-11T15:18:14","date_gmt":"2020-06-11T19:18:14","guid":{"rendered":"https:\/\/linitiative.ca\/International\/covid-19-la-bad-mobilise-20m-au-profit-du-g5-sahel\/"},"modified":"2020-06-11T15:18:14","modified_gmt":"2020-06-11T19:18:14","slug":"covid-19-la-bad-mobilise-20m-au-profit-du-g5-sahel","status":"publish","type":"post","link":"https:\/\/linitiative.ca\/International\/covid-19-la-bad-mobilise-20m-au-profit-du-g5-sahel\/","title":{"rendered":"Covid-19: La BAD mobilise 20m $ au profit du G5 Sahel"},"content":{"rendered":"<div readability=\"32\">\n<p>Publi\u00e9 le 11.06.2020 \u00e0 20h18 par APA News<\/p>\n<\/div>\n<div readability=\"89\">\n<p>Les pays du G5 Sahel ont re\u00e7u une subvention de 20 millions de dollars de la Banque Africaine de D\u00e9veloppement (BAD) pour faire face \u00e0 la propagation du coronavirus, a annonc\u00e9 jeudi l\u2019institution financi\u00e8reA la date du 11 juin, la maladie a infect\u00e9 5.661 personnes et fait 357 morts dans les pays du G5 Sahel qui regroupe la Mauritanie, le Mali, le Burkina Faso, le Niger et le Tchad.<\/p>\n<p>\u00ab Cette op\u00e9ration compl\u00e9tera le d\u00e9veloppement et les actions humanitaires du vaste partenariat de l\u2019Initiative de l\u2019Alliance du Sahel au profit des plus vuln\u00e9rables \u00bb, a d\u00e9clar\u00e9 Yero Baldeh, Directeur du Bureau de coordination des Etats en transition \u00e0 la BAD.<\/p>\n<p>Selon la Banque, le financement du projet qui permettra aux communaut\u00e9s les plus vuln\u00e9rables d\u2019accro\u00eetre leur r\u00e9silience, en particulier les personnes d\u00e9plac\u00e9es \u00e0 l\u2019int\u00e9rieur de leurs propres pays, ainsi que les r\u00e9fugi\u00e9s et leurs communaut\u00e9s d\u2019accueil, dans les cinq pays formant le G5 Sahel.<\/p>\n<p>Un montant suppl\u00e9mentaire de 1,37 million de dollars en fonds de subvention, provenant de la facilit\u00e9 de soutien \u00e0 la transition de la Banque, sera \u00e9galement d\u00e9ploy\u00e9 dans les pays du G5 Sahel pour renforcer la capacit\u00e9 d\u2019ex\u00e9cution et de coordination de son secr\u00e9tariat permanent et soutenir la formation \u00e0 la bios\u00e9curit\u00e9 et \u00e0 la gestion des d\u00e9chets biom\u00e9dicaux dans les pays concern\u00e9s.<\/p>\n<p>Cet \u00e9largissement des fonds de subvention aux pays du G5 Sahel s\u2019inscrit dans le cadre de l\u2019enveloppe d\u2019intervention Covid-19 de la Banque, pouvant aller jusqu\u2019\u00e0 10 milliards de dollars, principal canal institutionnel d\u2019aide aux pays africains afin d\u2019amortir l\u2019impact \u00e9conomique et sanitaire de la crise.<\/p>\n<p>Les experts humanitaires disent que de nombreuses familles \u00e0 travers l\u2019Afrique, notamment au Burkina Faso et au Mali, ont \u00e9t\u00e9 expuls\u00e9es de leurs maisons, \u00e0 un moment o\u00f9 le continent lutte pour contenir la pand\u00e9mie.<\/p>\n<p>Le Comit\u00e9 international de la Croix-Rouge (CICR) estime que le Burkina Faso a \u00e9t\u00e9 en 2019 le pays africain ayant v\u00e9cu la crise de d\u00e9placement la plus rapide en raison de la violence arm\u00e9e.<\/p>\n<p>L\u2019organisation humanitaire \u00ab a fourni de la nourriture \u00e0 plus de 51.000 personnes d\u00e9plac\u00e9es dans le nord et des secours \u00e0 9.000 personnes dans l\u2019est et le centre-est du pays \u00bb.<\/p>\n<p>De plus, l\u2019attaque arm\u00e9e de la semaine derni\u00e8re dans le centre du Mali a laiss\u00e9 des villages incendi\u00e9s, des troupeaux et des biens pill\u00e9s ainsi que des familles tu\u00e9es et d\u2019autres contraintes de fuir.<\/p>\n<\/div>\n<p>Auteur: APA News<br \/>\n<a href=\"https:\/\/www.journalducameroun.com\/covid-19-la-bad-mobilise-20m-au-profit-du-g5-sahel\/\">Cliquez ici pour lire l&rsquo;article depuis sa source.<\/a><\/p>\n","protected":false},"excerpt":{"rendered":"<p>Publi\u00e9 le 11.06.2020 \u00e0 20h18 par APA News Les pays du G5 Sahel ont re\u00e7u une subvention de 20 millions de dollars de la Banque Africaine de D\u00e9veloppement (BAD) pour faire face \u00e0 la propagation du coronavirus, a annonc\u00e9 jeudi l\u2019institution financi\u00e8reA la date du 11 juin, la maladie a infect\u00e9 5.661 personnes et fait [&hellip;]<\/p>\n","protected":false},"author":1965,"featured_media":0,"comment_status":"closed","ping_status":"closed","sticky":false,"template":"","format":"standard","meta":{"fifu_image_url":"","fifu_image_alt":"","footnotes":""},"categories":[73,82],"tags":[],"class_list":["post-88715","post","type-post","status-publish","format-standard","hentry","category-actualite","category-cameroun"],"_links":{"self":[{"href":"https:\/\/linitiative.ca\/International\/wp-json\/wp\/v2\/posts\/88715","targetHints":{"allow":["GET"]}}],"collection":[{"href":"https:\/\/linitiative.ca\/International\/wp-json\/wp\/v2\/posts"}],"about":[{"href":"https:\/\/linitiative.ca\/International\/wp-json\/wp\/v2\/types\/post"}],"author":[{"embeddable":true,"href":"https:\/\/linitiative.ca\/International\/wp-json\/wp\/v2\/users\/1965"}],"replies":[{"embeddable":true,"href":"https:\/\/linitiative.ca\/International\/wp-json\/wp\/v2\/comments?post=88715"}],"version-history":[{"count":0,"href":"https:\/\/linitiative.ca\/International\/wp-json\/wp\/v2\/posts\/88715\/revisions"}],"wp:attachment":[{"href":"https:\/\/linitiative.ca\/International\/wp-json\/wp\/v2\/media?parent=88715"}],"wp:term":[{"taxonomy":"category","embeddable":true,"href":"https:\/\/linitiative.ca\/International\/wp-json\/wp\/v2\/categories?post=88715"},{"taxonomy":"post_tag","embeddable":true,"href":"https:\/\/linitiative.ca\/International\/wp-json\/wp\/v2\/tags?post=88715"}],"curies":[{"name":"wp","href":"https:\/\/api.w.org\/{rel}","templated":true}]}}