{"id":88716,"date":"2020-06-11T16:18:06","date_gmt":"2020-06-11T20:18:06","guid":{"rendered":"https:\/\/linitiative.ca\/International\/message-de-condoleances-du-president-nana-addo-suite-au-deces-de-nkurunziza\/"},"modified":"2020-06-11T16:18:06","modified_gmt":"2020-06-11T20:18:06","slug":"message-de-condoleances-du-president-nana-addo-suite-au-deces-de-nkurunziza","status":"publish","type":"post","link":"https:\/\/linitiative.ca\/International\/message-de-condoleances-du-president-nana-addo-suite-au-deces-de-nkurunziza\/","title":{"rendered":"Message de condol\u00e9ances du Pr\u00e9sident Nana Addo suite au d\u00e9c\u00e8s de Nkurunziza"},"content":{"rendered":"<div readability=\"32\">\n<p>Publi\u00e9 le 11.06.2020 \u00e0 21h18 par APA News<\/p>\n<\/div>\n<div readability=\"54\">\n<p>Le pr\u00e9sident ghan\u00e9en, Nana Addo Dankwa Akufo-Addo, a pr\u00e9sent\u00e9 ses condol\u00e9ances au gouvernement et peuple burundais suite au d\u00e9c\u00e8s de leur pr\u00e9sident sortant, Pierre Nkurunziza.Nkurunziza, 55 ans, est d\u00e9c\u00e9d\u00e9 le lundi 8 juin 2020 des suites d\u2019un arr\u00eat cardiaque.<\/p>\n<p>Le Pr\u00e9sident Nkurunziza devait remettre le pouvoir en ao\u00fbt prochain, au vainqueur de l\u2019\u00e9lection pr\u00e9sidentielle de mai dernier apr\u00e8s avoir gouvern\u00e9 le Burundi pendant 15 ans. Le pr\u00e9sident du Parlement burundais devrait pour l\u2019instant prendre en charge les affaires du pays, selon les m\u00e9dias internationaux.<\/p>\n<p>\u00ab Le peuple ghan\u00e9en et moi-m\u00eame adressons nos plus sinc\u00e8res condol\u00e9ances au gouvernement et au peuple de la R\u00e9publique du Burundi, apr\u00e8s la triste nouvelle du d\u00e9c\u00e8s de leur pr\u00e9sident, Son Excellence Pierre Nkurunziza. Que son \u00e2me repose dans une paix parfaite\u00a0\u00bb, ont rapport\u00e9 jeudi les m\u00e9dias locaux citant le pr\u00e9sident Akufo-Addo.<\/p>\n<\/div>\n<p>Auteur: APA News<br \/>\n<a href=\"https:\/\/www.journalducameroun.com\/message-de-condoleances-du-president-nana-addo-suite-au-deces-de-nkurunziza\/\">Cliquez ici pour lire l&rsquo;article depuis sa source.<\/a><\/p>\n","protected":false},"excerpt":{"rendered":"<p>Publi\u00e9 le 11.06.2020 \u00e0 21h18 par APA News Le pr\u00e9sident ghan\u00e9en, Nana Addo Dankwa Akufo-Addo, a pr\u00e9sent\u00e9 ses condol\u00e9ances au gouvernement et peuple burundais suite au d\u00e9c\u00e8s de leur pr\u00e9sident sortant, Pierre Nkurunziza.Nkurunziza, 55 ans, est d\u00e9c\u00e9d\u00e9 le lundi 8 juin 2020 des suites d\u2019un arr\u00eat cardiaque. Le Pr\u00e9sident Nkurunziza devait remettre le pouvoir en [&hellip;]<\/p>\n","protected":false},"author":1965,"featured_media":0,"comment_status":"closed","ping_status":"closed","sticky":false,"template":"","format":"standard","meta":{"fifu_image_url":"","fifu_image_alt":"","footnotes":""},"categories":[73,82],"tags":[],"class_list":["post-88716","post","type-post","status-publish","format-standard","hentry","category-actualite","category-cameroun"],"_links":{"self":[{"href":"https:\/\/linitiative.ca\/International\/wp-json\/wp\/v2\/posts\/88716","targetHints":{"allow":["GET"]}}],"collection":[{"href":"https:\/\/linitiative.ca\/International\/wp-json\/wp\/v2\/posts"}],"about":[{"href":"https:\/\/linitiative.ca\/International\/wp-json\/wp\/v2\/types\/post"}],"author":[{"embeddable":true,"href":"https:\/\/linitiative.ca\/International\/wp-json\/wp\/v2\/users\/1965"}],"replies":[{"embeddable":true,"href":"https:\/\/linitiative.ca\/International\/wp-json\/wp\/v2\/comments?post=88716"}],"version-history":[{"count":0,"href":"https:\/\/linitiative.ca\/International\/wp-json\/wp\/v2\/posts\/88716\/revisions"}],"wp:attachment":[{"href":"https:\/\/linitiative.ca\/International\/wp-json\/wp\/v2\/media?parent=88716"}],"wp:term":[{"taxonomy":"category","embeddable":true,"href":"https:\/\/linitiative.ca\/International\/wp-json\/wp\/v2\/categories?post=88716"},{"taxonomy":"post_tag","embeddable":true,"href":"https:\/\/linitiative.ca\/International\/wp-json\/wp\/v2\/tags?post=88716"}],"curies":[{"name":"wp","href":"https:\/\/api.w.org\/{rel}","templated":true}]}}