{"id":88717,"date":"2020-06-11T16:18:08","date_gmt":"2020-06-11T20:18:08","guid":{"rendered":"https:\/\/linitiative.ca\/International\/lattaque-armee-dans-le-nord-est-ivoirien-est-un-acte-terroriste-ministre\/"},"modified":"2020-06-11T16:18:08","modified_gmt":"2020-06-11T20:18:08","slug":"lattaque-armee-dans-le-nord-est-ivoirien-est-un-acte-terroriste-ministre","status":"publish","type":"post","link":"https:\/\/linitiative.ca\/International\/lattaque-armee-dans-le-nord-est-ivoirien-est-un-acte-terroriste-ministre\/","title":{"rendered":"L\u2019attaque arm\u00e9e dans le nord-est ivoirien est un acte \u00ab terroriste \u00bb (Ministre)"},"content":{"rendered":"<div readability=\"32\">\n<p>Publi\u00e9 le 11.06.2020 \u00e0 21h18 par APA News<\/p>\n<\/div>\n<div readability=\"117\">\n<p>Le ministre ivoirien de la D\u00e9fense, Hamed Bakayoko, Premier ministre par int\u00e9rim, a soutenu jeudi que l\u2019attaque arm\u00e9e ayant vis\u00e9 un poste avanc\u00e9 des forces arm\u00e9es de C\u00f4te d\u2019Ivoire \u00e0 Kafolo, dans le nord-est du pays, est un acte \u00ab terroriste \u00bb, face \u00e0 la presse.M. Hamed Bakayoko, a \u00e9voqu\u00e9 cette attaque survenue jeudi, aux environs de 3h, et vis\u00e9 le poste mixte arm\u00e9e-gendarmerie de Kafolo (sous-pr\u00e9fecture de Sikolo), apr\u00e8s une session du Conseil national de la s\u00e9curit\u00e9 sur la crise sanitaire de la Covid-19, \u00e0 la pr\u00e9sidence de la R\u00e9publique.\u00a0<\/p>\n<p>Selon un bilan de l\u2019Etat-major des arm\u00e9es de C\u00f4te d\u2019Ivoire, l\u2019attaque a occasionn\u00e9 une dizaine de morts, six bless\u00e9s et un assaillant tu\u00e9. Le pr\u00e9sident de la R\u00e9publique a pr\u00e9sent\u00e9 ses condol\u00e9ances aux forces arm\u00e9es et aux familles endeuill\u00e9es.<\/p>\n<p>Citant le chef de l\u2019Etat, \u00a0Hamed Bakayoko, a indiqu\u00e9 que le pr\u00e9sident de la R\u00e9publique a \u00ab instruit l\u2019\u00e9tat-major \u00e0 faire en sorte que le calme r\u00e8gne dans cette r\u00e9gion et qu\u2019une enqu\u00eate soit men\u00e9e pour donner tous les \u00e9l\u00e9ments d\u2019information par rapport \u00e0 cet incident \u00bb.<\/p>\n<p>\u00ab Une op\u00e9ration de ratissage est en cours en ce moment pour traquer et neutraliser les terroristes, auteurs de cette attaque \u00bb, a fait savoir le ministre de la D\u00e9fense, assurant l\u2019int\u00e9rim du Premier ministre ivoirien.<\/p>\n<p>Cette attaque intervient quelques semaines apr\u00e8s une man\u0153uvre militaire des forces arm\u00e9es ivoiriennes et celles du Burkina Faso. \u00abRepr\u00e9sailles ou pas, il n\u2019y a pas deux raisons, il n\u2019y a pas deux causes \u00bb, une attaque terroriste \u00ab c\u2019est d\u00e9truire, d\u00e9sorganiser les \u00c9tats et imposer un mode soci\u00e9tal \u00bb, a d\u00e9clar\u00e9 M. Hamed Bakayoko.<\/p>\n<p>\u00ab Nous allons faire face \u00e0 cette attaque et doter les soldats de moyens pour s\u00e9curiser le territoire \u00bb, soulignera-t-il, faisant observer que les man\u0153uvres militaires ivoiro-burkinab\u00e9 s\u2019inscrivent dans le cadre de la coop\u00e9ration entre les deux \u00c9tats et faire le point de toutes les attaques men\u00e9es non loin de la fronti\u00e8re ivoirienne.<\/p>\n<p>L\u2019Etat de C\u00f4te d\u2019Ivoire a \u00ab anticip\u00e9 (cette attaque), mais de toute fa\u00e7on elle viendrait vers la C\u00f4te d\u2019Ivoire, comme vous le savez les terroristes, aujourd\u2019hui ce sont li\u00e9s aux narco trafiquants (\u2026) et ils cherchent des chemins de trafics \u00bb, en vue d\u2019avoir acc\u00e8s \u00e0 un port, a dit M. Bakayoko.\u00a0<\/p>\n<p>En tant que pays c\u00f4tier, la C\u00f4te d\u2019Ivoire est menac\u00e9e, mais \u00ab je peux assurer que le niveau d\u2019organisation de nos forces est tel que leur r\u00e9ponse sera rapide \u00bb, a-t-il, not\u00e9, avant d\u2019ajouter que les forces ivoiriennes sont d\u00e9j\u00e0 arriv\u00e9es en renfort.<\/p>\n<p>Des soldats de l\u2019arm\u00e9e ivoirienne ont \u00e9t\u00e9 d\u00e9ploy\u00e9s sur la zone. D\u00e8s vendredi, le ministre de la D\u00e9fense annonce que les moyens a\u00e9riens suivront. Et ce, pour appuyer les forces au sol afin de repousser les djihadistes.\u00a0<\/p>\n<p>Les six soldats bless\u00e9s au cours de cette attaque ont \u00e9t\u00e9 \u00e9vacu\u00e9s \u00e0 Abidjan o\u00f9 ils ont \u00e9t\u00e9 accueillis vers 15h au Groupement a\u00e9rien de transport et de liaison (GATL) d\u2019Abidjan par le ministre d\u2019Etat Hamed Bakayoko.<\/p>\n<p>La C\u00f4te d\u2019Ivoire a \u00e9t\u00e9 victime d\u2019une attaque terroriste en mars 2016. Des terroristes avaient ouvert le feu sur des personnes sur une plage de Grand-Bassam, cit\u00e9 baln\u00e9aire situ\u00e9e au sud-est ivoirien, faisant pr\u00e8s d\u2019une vingtaine de morts.<\/p>\n<\/div>\n<p>Auteur: APA News<br \/>\n<a href=\"https:\/\/www.journalducameroun.com\/lattaque-armee-dans-le-nord-est-ivoirien-est-un-acte-terroriste-ministre\/\">Cliquez ici pour lire l&rsquo;article depuis sa source.<\/a><\/p>\n","protected":false},"excerpt":{"rendered":"<p>Publi\u00e9 le 11.06.2020 \u00e0 21h18 par APA News Le ministre ivoirien de la D\u00e9fense, Hamed Bakayoko, Premier ministre par int\u00e9rim, a soutenu jeudi que l\u2019attaque arm\u00e9e ayant vis\u00e9 un poste avanc\u00e9 des forces arm\u00e9es de C\u00f4te d\u2019Ivoire \u00e0 Kafolo, dans le nord-est du pays, est un acte \u00ab terroriste \u00bb, face \u00e0 la presse.M. Hamed [&hellip;]<\/p>\n","protected":false},"author":1965,"featured_media":0,"comment_status":"closed","ping_status":"closed","sticky":false,"template":"","format":"standard","meta":{"fifu_image_url":"","fifu_image_alt":"","footnotes":""},"categories":[73,82],"tags":[],"class_list":["post-88717","post","type-post","status-publish","format-standard","hentry","category-actualite","category-cameroun"],"_links":{"self":[{"href":"https:\/\/linitiative.ca\/International\/wp-json\/wp\/v2\/posts\/88717","targetHints":{"allow":["GET"]}}],"collection":[{"href":"https:\/\/linitiative.ca\/International\/wp-json\/wp\/v2\/posts"}],"about":[{"href":"https:\/\/linitiative.ca\/International\/wp-json\/wp\/v2\/types\/post"}],"author":[{"embeddable":true,"href":"https:\/\/linitiative.ca\/International\/wp-json\/wp\/v2\/users\/1965"}],"replies":[{"embeddable":true,"href":"https:\/\/linitiative.ca\/International\/wp-json\/wp\/v2\/comments?post=88717"}],"version-history":[{"count":0,"href":"https:\/\/linitiative.ca\/International\/wp-json\/wp\/v2\/posts\/88717\/revisions"}],"wp:attachment":[{"href":"https:\/\/linitiative.ca\/International\/wp-json\/wp\/v2\/media?parent=88717"}],"wp:term":[{"taxonomy":"category","embeddable":true,"href":"https:\/\/linitiative.ca\/International\/wp-json\/wp\/v2\/categories?post=88717"},{"taxonomy":"post_tag","embeddable":true,"href":"https:\/\/linitiative.ca\/International\/wp-json\/wp\/v2\/tags?post=88717"}],"curies":[{"name":"wp","href":"https:\/\/api.w.org\/{rel}","templated":true}]}}