{"id":88718,"date":"2020-06-11T16:18:09","date_gmt":"2020-06-11T20:18:09","guid":{"rendered":"https:\/\/linitiative.ca\/International\/cote-divoire-signature-dune-convention-pour-perfectionner-les-formateurs-de-lenseignement-professionnel\/"},"modified":"2020-06-11T16:18:09","modified_gmt":"2020-06-11T20:18:09","slug":"cote-divoire-signature-dune-convention-pour-perfectionner-les-formateurs-de-lenseignement-professionnel","status":"publish","type":"post","link":"https:\/\/linitiative.ca\/International\/cote-divoire-signature-dune-convention-pour-perfectionner-les-formateurs-de-lenseignement-professionnel\/","title":{"rendered":"C\u00f4te d\u2019Ivoire: signature d\u2019une convention pour perfectionner les formateurs de l\u2019enseignement professionnel"},"content":{"rendered":"<div readability=\"32\">\n<p>Publi\u00e9 le 11.06.2020 \u00e0 21h18 par APA News<\/p>\n<\/div>\n<div readability=\"58\">\n<p>Le Centre ivoirien pour le d\u00e9veloppement de la formation professionnelle (CIDFOR), une institution sous tutelle du Secr\u00e9tariat d\u2019Etat charg\u00e9 de l\u2019enseignement technique et de la formation professionnelle, a sign\u00e9 une convention de partenariat avec ENGIE, une entreprise sp\u00e9cialis\u00e9e dans les services \u00e9nerg\u00e9tiques en Afrique en vue de perfectionner les formateurs de l\u2019enseignement professionnel en C\u00f4te d\u2019Ivoire.Selon une note d\u2019information transmise jeudi \u00e0 APA, cet accord a \u00e9t\u00e9 paraph\u00e9 par Brigitte Agnissan, la directrice g\u00e9n\u00e9rale du CIDFOR et Thierry Court, le directeur g\u00e9n\u00e9ral de ENGIE. Selon Mme Agnissan, ce partenariat s\u2019inscrit dans la volont\u00e9 de son institution de \u00ab s\u2019unir et de collaborer avec le milieu productif en vue d\u2019assurer une formation continue ad\u00e9quate des enseignants de l\u2019enseignement professionnel\u00bb.<\/p>\n<p>\u00a0\u00ab Le monde productif est constamment, sujet \u00e0 mutation au niveau des \u00e9quipements, du mat\u00e9riel de production et des proc\u00e9dures de fabrication li\u00e9e \u00e0 l\u2019\u00e9volution technologique, d\u2019o\u00f9 la d\u00e9marche appropri\u00e9e qui est le programme d\u2019immersion en entreprise des acteurs de la formation\u00bb, a soutenu la directrice du CIDFOR au nom du Dr Brice Kouassi, le secr\u00e9taire d\u2019\u00c9tat ivoirien charg\u00e9 de l\u2019enseignement technique et de la formation professionnelle.<\/p>\n<p>De son c\u00f4t\u00e9, M. Thierry Court s\u2019est lui-aussi f\u00e9licit\u00e9 de la signature de cet accord de partenariat avec son entreprise. Pr\u00e9sente en C\u00f4te d\u2019Ivoire depuis 2016, la soci\u00e9t\u00e9 ENGIE est le plus grand producteur ind\u00e9pendant d\u2019\u00e9lectricit\u00e9 au monde.<\/p>\n<\/div>\n<p>Auteur: APA News<br \/>\n<a href=\"https:\/\/www.journalducameroun.com\/cote-divoire-signature-dune-convention-pour-perfectionner-les-formateurs-de-lenseignement-professionnel\/\">Cliquez ici pour lire l&rsquo;article depuis sa source.<\/a><\/p>\n","protected":false},"excerpt":{"rendered":"<p>Publi\u00e9 le 11.06.2020 \u00e0 21h18 par APA News Le Centre ivoirien pour le d\u00e9veloppement de la formation professionnelle (CIDFOR), une institution sous tutelle du Secr\u00e9tariat d\u2019Etat charg\u00e9 de l\u2019enseignement technique et de la formation professionnelle, a sign\u00e9 une convention de partenariat avec ENGIE, une entreprise sp\u00e9cialis\u00e9e dans les services \u00e9nerg\u00e9tiques en Afrique en vue de [&hellip;]<\/p>\n","protected":false},"author":1965,"featured_media":0,"comment_status":"closed","ping_status":"closed","sticky":false,"template":"","format":"standard","meta":{"fifu_image_url":"","fifu_image_alt":"","footnotes":""},"categories":[73,82],"tags":[],"class_list":["post-88718","post","type-post","status-publish","format-standard","hentry","category-actualite","category-cameroun"],"_links":{"self":[{"href":"https:\/\/linitiative.ca\/International\/wp-json\/wp\/v2\/posts\/88718","targetHints":{"allow":["GET"]}}],"collection":[{"href":"https:\/\/linitiative.ca\/International\/wp-json\/wp\/v2\/posts"}],"about":[{"href":"https:\/\/linitiative.ca\/International\/wp-json\/wp\/v2\/types\/post"}],"author":[{"embeddable":true,"href":"https:\/\/linitiative.ca\/International\/wp-json\/wp\/v2\/users\/1965"}],"replies":[{"embeddable":true,"href":"https:\/\/linitiative.ca\/International\/wp-json\/wp\/v2\/comments?post=88718"}],"version-history":[{"count":0,"href":"https:\/\/linitiative.ca\/International\/wp-json\/wp\/v2\/posts\/88718\/revisions"}],"wp:attachment":[{"href":"https:\/\/linitiative.ca\/International\/wp-json\/wp\/v2\/media?parent=88718"}],"wp:term":[{"taxonomy":"category","embeddable":true,"href":"https:\/\/linitiative.ca\/International\/wp-json\/wp\/v2\/categories?post=88718"},{"taxonomy":"post_tag","embeddable":true,"href":"https:\/\/linitiative.ca\/International\/wp-json\/wp\/v2\/tags?post=88718"}],"curies":[{"name":"wp","href":"https:\/\/api.w.org\/{rel}","templated":true}]}}