{"id":88719,"date":"2020-06-11T16:18:12","date_gmt":"2020-06-11T20:18:12","guid":{"rendered":"https:\/\/linitiative.ca\/International\/covid-19-le-ghana-enregistre-un-taux-dinflation-de-113-en-mai\/"},"modified":"2020-06-11T16:18:12","modified_gmt":"2020-06-11T20:18:12","slug":"covid-19-le-ghana-enregistre-un-taux-dinflation-de-113-en-mai","status":"publish","type":"post","link":"https:\/\/linitiative.ca\/International\/covid-19-le-ghana-enregistre-un-taux-dinflation-de-113-en-mai\/","title":{"rendered":"Covid-19: Le Ghana enregistre un taux d\u2019inflation de 11,3% en mai"},"content":{"rendered":"<div readability=\"32\">\n<p>Publi\u00e9 le 11.06.2020 \u00e0 21h18 par APA News<\/p>\n<\/div>\n<div readability=\"64\">\n<p>Le taux d\u2019inflation du Ghana est pass\u00e9 \u00e0 11,3% en mai contre 10,6% enregistr\u00e9 en avril 2020, \u00e0 cause de la pand\u00e9mie de coronavirus qui a affect\u00e9 l\u2019indice g\u00e9n\u00e9ral des prix des biens et services dans le pays.L\u2019indice des prix \u00e0 la consommation (IPC), qui mesure l\u2019inflation, a montr\u00e9 que la hausse par rapport au chiffre d\u2019avril \u00e9tait de 0,7%, a indiqu\u00e9 le professeur Samuel Annim, le Statisticien du gouvernement ghan\u00e9en.<\/p>\n<p>Les rapports ont not\u00e9 que l\u2019inflation mensuelle entre avril et mai de cette ann\u00e9e \u00e9tait de 1,7%, tandis que la composante Aliments et boissons non alcoolis\u00e9es a enregistr\u00e9 un taux d\u2019inflation annuel de 15,1%, en hausse de 0,7 point de pourcentage par rapport au 14,4% enregistr\u00e9 en avril.<\/p>\n<p>\u00ab\u00a0Cela signifie que la nourriture est le principal moteur de l\u2019inflation d\u2019une ann\u00e9e sur l\u2019autre\u00a0\u00bb, a d\u00e9clar\u00e9 le professeur Annim.<\/p>\n<p>\u00a0L\u2019ESG a expliqu\u00e9 que l\u2019inflation des produits import\u00e9s \u00e9tait de 4,8% contre 14,1% en moyenne pour les produits locaux, ce qui repr\u00e9sente le taux d\u2019inflation locale le plus \u00e9lev\u00e9 et le taux d\u2019inflation des produits import\u00e9s le plus bas depuis le d\u00e9gr\u00e8vement d\u2019ao\u00fbt 2019.<\/p>\n<\/div>\n<p>Auteur: APA News<br \/>\n<a href=\"https:\/\/www.journalducameroun.com\/covid-19-le-ghana-enregistre-un-taux-dinflation-de-113-en-mai\/\">Cliquez ici pour lire l&rsquo;article depuis sa source.<\/a><\/p>\n","protected":false},"excerpt":{"rendered":"<p>Publi\u00e9 le 11.06.2020 \u00e0 21h18 par APA News Le taux d\u2019inflation du Ghana est pass\u00e9 \u00e0 11,3% en mai contre 10,6% enregistr\u00e9 en avril 2020, \u00e0 cause de la pand\u00e9mie de coronavirus qui a affect\u00e9 l\u2019indice g\u00e9n\u00e9ral des prix des biens et services dans le pays.L\u2019indice des prix \u00e0 la consommation (IPC), qui mesure l\u2019inflation, [&hellip;]<\/p>\n","protected":false},"author":1965,"featured_media":0,"comment_status":"closed","ping_status":"closed","sticky":false,"template":"","format":"standard","meta":{"fifu_image_url":"","fifu_image_alt":"","footnotes":""},"categories":[73,82],"tags":[],"class_list":["post-88719","post","type-post","status-publish","format-standard","hentry","category-actualite","category-cameroun"],"_links":{"self":[{"href":"https:\/\/linitiative.ca\/International\/wp-json\/wp\/v2\/posts\/88719","targetHints":{"allow":["GET"]}}],"collection":[{"href":"https:\/\/linitiative.ca\/International\/wp-json\/wp\/v2\/posts"}],"about":[{"href":"https:\/\/linitiative.ca\/International\/wp-json\/wp\/v2\/types\/post"}],"author":[{"embeddable":true,"href":"https:\/\/linitiative.ca\/International\/wp-json\/wp\/v2\/users\/1965"}],"replies":[{"embeddable":true,"href":"https:\/\/linitiative.ca\/International\/wp-json\/wp\/v2\/comments?post=88719"}],"version-history":[{"count":0,"href":"https:\/\/linitiative.ca\/International\/wp-json\/wp\/v2\/posts\/88719\/revisions"}],"wp:attachment":[{"href":"https:\/\/linitiative.ca\/International\/wp-json\/wp\/v2\/media?parent=88719"}],"wp:term":[{"taxonomy":"category","embeddable":true,"href":"https:\/\/linitiative.ca\/International\/wp-json\/wp\/v2\/categories?post=88719"},{"taxonomy":"post_tag","embeddable":true,"href":"https:\/\/linitiative.ca\/International\/wp-json\/wp\/v2\/tags?post=88719"}],"curies":[{"name":"wp","href":"https:\/\/api.w.org\/{rel}","templated":true}]}}