{"id":88720,"date":"2020-06-11T11:19:27","date_gmt":"2020-06-11T15:19:27","guid":{"rendered":"https:\/\/linitiative.ca\/International\/le-personnel-nexttel-cameroun-entre-en-greve\/"},"modified":"2020-06-11T11:19:27","modified_gmt":"2020-06-11T15:19:27","slug":"le-personnel-nexttel-cameroun-entre-en-greve","status":"publish","type":"post","link":"https:\/\/linitiative.ca\/International\/le-personnel-nexttel-cameroun-entre-en-greve\/","title":{"rendered":"Le personnel Nexttel Cameroun entre en gr\u00e8ve"},"content":{"rendered":"<p>\u00abNous sommes dans le regret de vous annoncer que les multiples tentatives pour faire respecter les revendications des salari\u00e9s contenues dans le m\u00e9mo d\u00e9pos\u00e9 le 12 mai 2020 ont \u00e9t\u00e9 vaines par votre fait. En concertation avec l\u2019ensemble des travailleurs syndiqu\u00e9s et notre hi\u00e9rarchie syndicale, nous avons pris la d\u00e9cision de d\u00e9poser aupr\u00e8s de vous, Directeur g\u00e9n\u00e9ral adjoint de Viettel Cameroun S.A, le pr\u00e9sent avis de gr\u00e8ve illimit\u00e9e et pacifique\u00bb. Le bureau du Syndicat national autonome des travailleurs des nouvelles technologies et l\u2019information et de la communication (Syntic) adressait ainsi ce 10 juin 2020, \u00e0 Haman Oumar, le Directeur g\u00e9n\u00e9ral de Viettel Cameroun, leur intention de cesser toute activit\u00e9 pour l\u2019op\u00e9rateur de t\u00e9l\u00e9phonie mobile. Ce 11 juin en effet, les membres de ce syndicat ont mis leur menace \u00e0 ex\u00e9cution. Munis de pancartes, ils campent, masques faciaux port\u00e9s, devant la Direction g\u00e9n\u00e9rale de Viettel Cameroun \u00e0 Akwa-Douala.<\/p>\n<p>Lire aussi: <a href=\"https:\/\/ecomatin.net\/le-vice-premier-ministre-vietnamien-attendu-a-yaounde-le-1er-novembre\/\">\u2013\u00a0<strong>Affaire Nextell : le vice-Premier ministre vietnamien attendu \u00e0 Yaound\u00e9 le 1er novembre<\/strong><\/a><\/p>\n<p>Dans l\u2019avis de gr\u00e8ve du bureau syndical du Syntic les r\u00e9clamations sont plus explicites. \u00a0\u00abEn date du 23 mars 2020, vous avez d\u00e9cid\u00e9 de fa\u00e7on unilat\u00e9rale de r\u00e9duire de 50% les salaires des employ\u00e9s d\u00e9j\u00e0 insignifiants, ceci au m\u00e9pris des dispositions de Convention collective nationale des t\u00e9l\u00e9communications et des m\u00e9tiers connexes\u00bb peut-on lire. La correspondance sign\u00e9e par Benjamin Lavoisier Bote Bakel, Rabelais Feutseu, Nadia Soun Mbock, Priso Dikongue, Armelle Monique Lemi, Paul Wilfried Mbang et Aude Djine indique \u00e9galement qu\u2019en date du 12 mai 2020, \u00able m\u00e9mo, ressortant certains abus de la non-application du Code du travail et de la convention collective a \u00e9t\u00e9 d\u00e9pos\u00e9 \u00e0 votre attention, et demandant de vous que vous instauriez le dialogue social entre vous et nous. Au lieu de \u00e7a vous avez mut\u00e9 sans l\u2019avoir consult\u00e9 le coordonnateur syndical dans une zone dangereuse sans lui donner les moyens d\u2019accompagnement tels que recommand\u00e9 par le code de travail et la convention collective et vous avez licenci\u00e9 abusivement 7 de nos camarades, ceci pour fragiliser la dynamique mise en place\u00bb.<\/p>\n<p><strong>Exigences<\/strong><\/p>\n<p>Au rang des exigences des gr\u00e9vistes, il y\u2019a la r\u00e9int\u00e9gration des employ\u00e9s licenci\u00e9s abusivement depuis la mise sur pied du syndicat, le reclassement des employ\u00e9s selon leur anciennet\u00e9, le paiement syst\u00e9matique des frais de d\u00e9placement en cas de mutation, l\u2019\u00e9lection des d\u00e9l\u00e9gu\u00e9s du personnel, et la r\u00e9instauration des cong\u00e9s annuels pay\u00e9s. A cela s\u2019ajoute le respect des normes s\u00e9curitaires pour les employ\u00e9s des zones \u00e0 haut risques (Noso et Extr\u00eame Nord), remplacement du Directeur g\u00e9n\u00e9ral, du Directeur des ressources humaines et du Secr\u00e9taire g\u00e9n\u00e9ral, reprise des visites syst\u00e9matiques annuelles d\u2019entreprises, et l\u2019allocation des ressources financi\u00e8res et mat\u00e9rielles pour l\u2019atteinte des objectifs fix\u00e9s entre autres.<\/p>\n<p>Lire aussi : <a href=\"https:\/\/ecomatin.net\/affaire-nexttel-le-president-du-cameroun-permet-de-reorganiser-nexttel-pour-les-vietnamiens\/\"><strong>\u2013<\/strong>\u00a0<strong>Affaire Nextell : Paul Biya valide les recommandations du Comit\u00e9 minist\u00e9riel pr\u00e9sid\u00e9 par le PM Dion Ngute\u00a0<\/strong><\/a><\/p>\n<p><strong>Le BIT s\u2019en m\u00eale<\/strong><\/p>\n<p>Accul\u00e9 par plusieurs correspondances, la proc\u00e9dure de conciliation et la pression du Syntic, Haman Oumar avait vite fait de r\u00e9agir le 27 mai 2020\u00abMesdames et messieurs les employ\u00e9s de Viettel Cameroun SA (Nexttel), l\u2019occasion m\u2019est donn\u00e9e de m\u2019exprimer \u00e0 travers cette lettre pour vous informer de ce qui se trame dans notre entreprise depuis un certain temps, et \u00e9manant d\u2019une poign\u00e9e d\u2019employ\u00e9s se r\u00e9clamant d\u2019un certain syndicat. Je voudrais \u00e0 cette occasion, vous rappeler que Viettel Cameroun est une entreprise priv\u00e9e de droit camerounais qui a certes ses obligations et ses droits envers les employ\u00e9s, mais ceci dans le respect et la dignit\u00e9. Pour ceux qui sont dans l\u2019entreprise depuis sa cr\u00e9ation, ils savent pertinemment ce que le top management a fait pour qu\u2019elle soit plus fournie en ressources humaines, comparativement aux deux autres entreprises concurrentes, plus anciennes et plus riches que nous parce qu\u2019elles se sont install\u00e9es quinze ann\u00e9es avant notre existence. Et que vous n\u2019\u00eates pas sans ignorer que depuis lors, notre entreprise cherche \u00e0 imprimer sa marque en d\u00e9pit d\u2019une concurrence d\u00e9loyale savamment entretenue par les op\u00e9rateurs pr\u00e9sents sur le march\u00e9. Quand vous aurez des probl\u00e8mes, la seule chose que le syndicat peut faire pour vous, s\u2019il a des moyens, c\u2019est de vous chercher un avocat, et entre temps, vous auriez perdu l\u2019emploi, et ce, avec toutes les cons\u00e9quences sociales qui peuvent en d\u00e9couler\u2009\u00bb,\u00a0\u00e9crivait le Directeur g\u00e9n\u00e9ral.\u00a0<\/p>\n<p>Lire aussi : <a href=\"https:\/\/ecomatin.net\/affaire-nextell-le-vietnam-menace-de-saisir-la-justice-internationale\/\">\u2013\u00a0<strong>Affaire Nextell: le Vietnam menace de saisir la justice internationale\u00a0<\/strong><\/a><\/p>\n<p>La sortie d\u2019Haman Oumar a pr\u00e9c\u00e9d\u00e9 celle de Karen Curtis sur cet \u00e9pineux dossier. La responsable du Service de la libert\u00e9 syndicale \u00e0 l\u2019Organisation internationale du travail (Oit) annonce dans une lettre \u00a0dat\u00e9e du 10 juin 2020 que le Bureau International du travail(Bit) a saisi le gouvernement camerounais sur les revendications du Syntic. \u00ab\u2009<em>Le BIT est intervenu aupr\u00e8s du gouvernement<\/em>\u00bb.\u00a0 Elle ajoute que le Syntic sera inform\u00e9 sur \u00ab\u2009<em>toute observation que le gouvernement transmettra sur cette affaire<\/em>\u2009\u00bb. Sur le terrain, les gr\u00e9vistes campent sur leur position malgr\u00e9 une pr\u00e9sence discr\u00e8te des \u00e9l\u00e9ments des forces de l\u2019ordre. Nexttel Cameroun est la filiale camerounaise du vietnamien Viettel S.A. 3\u00e8me op\u00e9rateur de t\u00e9l\u00e9phonie mobile au Cameroun, l\u2019entreprise lance ses activit\u00e9s en 2014.<\/p>\n<div class=\"awac-wrapper awac widget posts-list-widget-11\">\n<h4 class=\"widget-title\">Le plus r\u00e9cent<\/h4>\n<\/div>\n<p>Auteur: EcoMatin<br \/>\n<a href=\"https:\/\/ecomatin.net\/le-personnel-nexttel-cameroun-entre-en-greve\/\">Cliquez ici pour lire l&rsquo;article depuis sa source.<\/a><\/p>\n","protected":false},"excerpt":{"rendered":"<p>\u00abNous sommes dans le regret de vous annoncer que les multiples tentatives pour faire respecter les revendications des salari\u00e9s contenues dans le m\u00e9mo d\u00e9pos\u00e9 le 12 mai 2020 ont \u00e9t\u00e9 vaines par votre fait. En concertation avec l\u2019ensemble des travailleurs syndiqu\u00e9s et notre hi\u00e9rarchie syndicale, nous avons pris la d\u00e9cision de d\u00e9poser aupr\u00e8s de vous, [&hellip;]<\/p>\n","protected":false},"author":1969,"featured_media":0,"comment_status":"closed","ping_status":"closed","sticky":false,"template":"","format":"standard","meta":{"fifu_image_url":"","fifu_image_alt":"","footnotes":""},"categories":[82,78],"tags":[],"class_list":["post-88720","post","type-post","status-publish","format-standard","hentry","category-cameroun","category-economie"],"_links":{"self":[{"href":"https:\/\/linitiative.ca\/International\/wp-json\/wp\/v2\/posts\/88720","targetHints":{"allow":["GET"]}}],"collection":[{"href":"https:\/\/linitiative.ca\/International\/wp-json\/wp\/v2\/posts"}],"about":[{"href":"https:\/\/linitiative.ca\/International\/wp-json\/wp\/v2\/types\/post"}],"author":[{"embeddable":true,"href":"https:\/\/linitiative.ca\/International\/wp-json\/wp\/v2\/users\/1969"}],"replies":[{"embeddable":true,"href":"https:\/\/linitiative.ca\/International\/wp-json\/wp\/v2\/comments?post=88720"}],"version-history":[{"count":0,"href":"https:\/\/linitiative.ca\/International\/wp-json\/wp\/v2\/posts\/88720\/revisions"}],"wp:attachment":[{"href":"https:\/\/linitiative.ca\/International\/wp-json\/wp\/v2\/media?parent=88720"}],"wp:term":[{"taxonomy":"category","embeddable":true,"href":"https:\/\/linitiative.ca\/International\/wp-json\/wp\/v2\/categories?post=88720"},{"taxonomy":"post_tag","embeddable":true,"href":"https:\/\/linitiative.ca\/International\/wp-json\/wp\/v2\/tags?post=88720"}],"curies":[{"name":"wp","href":"https:\/\/api.w.org\/{rel}","templated":true}]}}