{"id":88722,"date":"2020-06-11T11:40:46","date_gmt":"2020-06-11T15:40:46","guid":{"rendered":"https:\/\/linitiative.ca\/International\/la-sodecoton-poursuit-sa-croissance-production\/"},"modified":"2020-06-11T11:40:46","modified_gmt":"2020-06-11T15:40:46","slug":"la-sodecoton-poursuit-sa-croissance-production","status":"publish","type":"post","link":"https:\/\/linitiative.ca\/International\/la-sodecoton-poursuit-sa-croissance-production\/","title":{"rendered":"La Sodecoton poursuit sa croissance produc\u00adtion"},"content":{"rendered":"<p>Selon des sources in\u00adternes \u00e0 la Soci\u00e9t\u00e9 de D\u00e9veloppement du Coton du Cameroun (Sode\u00adcoton), celle-ci a pu boucler sa campagne de commercia\u00adlisation (\u00e9vacuation du coton graine des champs vers les usines d\u2019engrenage), au 31 mai 2020, malgr\u00e9 la pand\u00e9mie due \u00e0 la Covid-19 qui secoue actuellement l\u2019\u00e9conomie mondiale.<\/p>\n<p>Cette ma\u00eetrise du calendrier d\u2019\u00e9vacuation du coton graine des champs vers les usines, p\u00e9riode qui s\u2019\u00e9tend du mois de novembre au mois de mai chaque ann\u00e9e, fait partie des r\u00e9formes mises en \u0153uvre depuis 2016, par l\u2019actuel Top- Management de l\u2019entreprise. C\u00f4t\u00e9 production, les sources de EcoMatin internes \u00e0 l\u2019en\u00adtreprise parlent d\u2019une produc\u00adtion record de 328 448 tonnes pour la campagne 2019-2020, soit une augmentation de 8367 tonnes par rapport \u00e0 la saison pr\u00e9c\u00e9dente. Cette production record vient d\u00e9tr\u00f4ner celles de 2004-2005 et 2018-2019, qui \u00e9taient respectivement de 304 000 et de 320 000 tonnes.<\/p>\n<p>Lire aussi\u00a0: <a href=\"https:\/\/ecomatin.net\/la-sodecoton-recoit-643-milliards-de-fcfa-pour-sa-campagne-2019-2020\/\">\u2013\u00a0<strong>La Sodecoton re\u00e7oit 64,3 milliards de FCFA pour sa campagne 2019\/2020\u00a0<\/strong><\/a><\/p>\n<p><strong>30 milliards de cr\u00e9dits aux producteurs<\/strong><\/p>\n<p>Au plan financier, toujours selon des sources autoris\u00e9es dans l\u2019entreprise, le chiffre d\u2019affaires de l\u2019entreprise que dirige Mohamadou Bayero continue sa croissance depuis 2016 : 107,07 milliards Fcfa en 2016; 119,7 milliards en 2017, et 130,3 milliards Fcfa en 2018. Apr\u00e8s avoir \u00e9t\u00e9 n\u00e9\u00adgatif en 2016 (-7,4 milliards Fcfa), le b\u00e9n\u00e9fice est redevenu positif et est en constante pro\u00adgression : 1,3 milliards Fcfa en 2017; 5,1 milliards Fcfa en 2018. La marge brute du pro\u00adducteur \u00e0 l\u2019hectare apr\u00e8s rem\u00adboursement de cr\u00e9dit quant \u00e0 elle, s\u2019est ajust\u00e9e \u00e0 336 000 Francs Cfa.<\/p>\n<p>Lire aussi : <a href=\"https:\/\/ecomatin.net\/coronavirus-la-sodecoton-cree-une-cellule-de-lutte-contre-la-pandemie\/\">\u2013\u00a0<strong>Coronavirus : la Sodecoton cr\u00e9e une cellule de lutte contre la pand\u00e9mie\u00a0<\/strong><\/a><\/p>\n<p>Pour parvenir \u00e0 ces r\u00e9sultats au cours de la campagne en cours, l\u2019entreprise a d\u00fb dis\u00adtribuer 30 milliards Fcfa de cr\u00e9dits en intrants (engrais, insecticides et pesticides) et mat\u00e9riel agricole aux produc\u00adteurs.<\/p>\n<p>Toutes ces mesures font partie du plan de redressement de l\u2019entreprise dont les capacit\u00e9s logistiques \u00e9taient tomb\u00e9es \u00e0 moins de 50% en 2016. Il a fallu donc remettre tout l\u2019\u00e9quipement de production \u00e0 niveau. C\u2019est dans ce cadre que l\u2019entreprise a acquis 60 camions polys-bens pour le ramassage du coton graine afin de r\u00e9duire les d\u00e9lais de stockage en plein air dans les villages. Seulement, le mau\u00advais \u00e9tat du r\u00e9seau routier ne permet pas l\u2019\u00e9vacuation optimale de cette production. L\u2019entreprise a donc d\u00fb acqu\u00e9\u00adrir deux caravanes de g\u00e9nie civil de plusieurs engins cha\u00adcune (pelleteuses, compac\u00adteurs, etc\u2026) avec pour objec\u00adtif d\u2019entretenir mais aussi de cr\u00e9er des pistes rurales pour faciliter l\u2019\u00e9vacuation non seu\u00adlement du coton, mais aussi de toutes les productions agricoles des localit\u00e9s d\u00e9sen\u00adclav\u00e9es. A cet \u00e9gard, et selon les sources de EcoMatin, pour la campagne 2019-2020, la Sodecoton a entretenu 8367 km de pistes rurales sur fonds propres.<\/p>\n<p>Lire aussi : <a href=\"https:\/\/ecomatin.net\/infrastructure-le-nouvel-immeuble-siege-de-la-sodecoton-coutera-3-milliards-fcfa\/\">\u2013\u00a0<strong>Infrastructure : le nouvel immeuble-si\u00e8ge de la Sodecoton co\u00fbtera 3 milliards FCFA\u00a0<\/strong><\/a><\/p>\n<div class=\"awac-wrapper awac widget posts-list-widget-11\">\n<h4 class=\"widget-title\">Le plus r\u00e9cent<\/h4>\n<\/div>\n<p>Auteur: EcoMatin<br \/>\n<a href=\"https:\/\/ecomatin.net\/la-sodecoton-poursuit-sa-croissance-production\/\">Cliquez ici pour lire l&rsquo;article depuis sa source.<\/a><\/p>\n","protected":false},"excerpt":{"rendered":"<p>Selon des sources in\u00adternes \u00e0 la Soci\u00e9t\u00e9 de D\u00e9veloppement du Coton du Cameroun (Sode\u00adcoton), celle-ci a pu boucler sa campagne de commercia\u00adlisation (\u00e9vacuation du coton graine des champs vers les usines d\u2019engrenage), au 31 mai 2020, malgr\u00e9 la pand\u00e9mie due \u00e0 la Covid-19 qui secoue actuellement l\u2019\u00e9conomie mondiale. Cette ma\u00eetrise du calendrier d\u2019\u00e9vacuation du coton [&hellip;]<\/p>\n","protected":false},"author":1969,"featured_media":0,"comment_status":"closed","ping_status":"closed","sticky":false,"template":"","format":"standard","meta":{"fifu_image_url":"","fifu_image_alt":"","footnotes":""},"categories":[82,78],"tags":[],"class_list":["post-88722","post","type-post","status-publish","format-standard","hentry","category-cameroun","category-economie"],"_links":{"self":[{"href":"https:\/\/linitiative.ca\/International\/wp-json\/wp\/v2\/posts\/88722","targetHints":{"allow":["GET"]}}],"collection":[{"href":"https:\/\/linitiative.ca\/International\/wp-json\/wp\/v2\/posts"}],"about":[{"href":"https:\/\/linitiative.ca\/International\/wp-json\/wp\/v2\/types\/post"}],"author":[{"embeddable":true,"href":"https:\/\/linitiative.ca\/International\/wp-json\/wp\/v2\/users\/1969"}],"replies":[{"embeddable":true,"href":"https:\/\/linitiative.ca\/International\/wp-json\/wp\/v2\/comments?post=88722"}],"version-history":[{"count":0,"href":"https:\/\/linitiative.ca\/International\/wp-json\/wp\/v2\/posts\/88722\/revisions"}],"wp:attachment":[{"href":"https:\/\/linitiative.ca\/International\/wp-json\/wp\/v2\/media?parent=88722"}],"wp:term":[{"taxonomy":"category","embeddable":true,"href":"https:\/\/linitiative.ca\/International\/wp-json\/wp\/v2\/categories?post=88722"},{"taxonomy":"post_tag","embeddable":true,"href":"https:\/\/linitiative.ca\/International\/wp-json\/wp\/v2\/tags?post=88722"}],"curies":[{"name":"wp","href":"https:\/\/api.w.org\/{rel}","templated":true}]}}