{"id":88724,"date":"2020-06-11T13:55:37","date_gmt":"2020-06-11T17:55:37","guid":{"rendered":"https:\/\/linitiative.ca\/International\/collectif-budgetaire-les-explications-de-la-direction-generale-du-budget\/"},"modified":"2020-06-11T13:55:37","modified_gmt":"2020-06-11T17:55:37","slug":"collectif-budgetaire-les-explications-de-la-direction-generale-du-budget","status":"publish","type":"post","link":"https:\/\/linitiative.ca\/International\/collectif-budgetaire-les-explications-de-la-direction-generale-du-budget\/","title":{"rendered":"Collectif budg\u00e9taire : Les explications de la Direction g\u00e9n\u00e9rale du Budget"},"content":{"rendered":"<p>Trois objectifs majeurs ressortent de l\u2019ordon\u00adnance pr\u00e9sidentielle qui entend corriger la loi de finances actuelle. Selon une note explicative pr\u00e9par\u00e9e par la\u00a0<strong>Direction G\u00e9n\u00e9rale du Budget<\/strong>(DGB) et rendue public par la division de la Communication du minis\u00adt\u00e8re des Finances, le texte du chef de l\u2019Etat vise \u00e0 \u00ab adapter la\u00a0<strong>loi de finances<\/strong>\u00a0au contexte \u00e9conomique au contexte \u00e9conomique du moment \u00bb, \u00ab recentrer la loi de finances sur la lutte contre le coronavirus \u00bb et \u00ab l\u00e9galiser des mesures d\u2019all\u00e8\u00adgements fiscales annonc\u00e9es en fin avril dernier par le Premier Ministre, Chef du Gouvernement \u00bb.<\/p>\n<p>Lire aussi\u00a0: <a href=\"https:\/\/ecomatin.net\/les-gagnants-et-les-perdants-du-collectif-budgetaire\/\">\u2013<strong>Les gagnants et les perdants du collectif budg\u00e9taire\u00a0<\/strong><\/a><\/p>\n<p>La crise sanitaire mondiale du Coronavirus qui frappe actuellement le monde n\u2019a pas \u00e9pargn\u00e9 le\u00a0<strong>Cameroun<\/strong>\u00a0qui a enregistr\u00e9 une baisse consid\u00e9rable de l\u2019activit\u00e9 \u00e9conomique, bouleversant ainsi tous les indicateurs macro\u00e9conomiques. Le pays est rentr\u00e9 en r\u00e9cession de\u00adpuis le d\u00e9but de l\u2019exercice courant et selon les pr\u00e9vi\u00adsions gouvernementales, la croissance \u00e9conomique devrait conna\u00eetre une baisse d\u2019environ 5 points. Ceci est en grande partie d\u00fb \u00e0 la baisse des ressources publiques de l\u2019ordre de 768 milliards de F CFA, soit 11% du budget pr\u00e9visionnel. \u00ab Cette baisse affecte toutes les compo\u00adsantes de recettes qu\u2019elles soient fiscales, douani\u00e8res ou non fiscales. Les\u00a0<strong>recettes p\u00e9troli\u00e8res<\/strong>\u00a0en particulier baissent de presque 70%. Cela s\u2019explique par le fait qu\u2019initialement projet\u00e9e \u00e0 54,54 dollars dans la loi de finances, le prix du baril de p\u00e9trole brut se situe \u00e0 pratiquement 35 dollars aujourd\u2019hui. Il y\u2019a un mois, celui-ci se situait m\u00eame \u00e0 un plancher de 0 dollars \u00bb pr\u00e9\u00adcise la note de la\u00a0<strong>Dgb<\/strong>. Dans un souci d\u2019\u00e9quilibre, la loi de Finances modifi\u00e9e de\u00advrait ajuster les d\u00e9penses des administrations publiques qui conna\u00eetront une baisse d\u2019environ 20% de leur dota\u00adtion budg\u00e9taire.<\/p>\n<p>Lire aussi : <a href=\"https:\/\/ecomatin.net\/covid-19-yaounde-attend-plus-de-400-milliards-de-ses-partenaires\/\">\u2013<strong>Covid-19 : Yaound\u00e9 attend plus de 400 milliards de ses partenaires\u00a0<\/strong><\/a><\/p>\n<p><strong>Compte d\u2019affectation anti Covid-19<\/strong><\/p>\n<p>Parmi les innovations majeures de cette loi de finances, telle que d\u00e9crites dans l\u2019ordonnance du pr\u00e9\u00adsident de la r\u00e9publique, il y\u2019a la cr\u00e9ation d\u2019un compte d\u2019affectation sp\u00e9cial d\u00e9nom\u00adm\u00e9 \u00ab\u00a0<strong>Fonds Sp\u00e9cial de Soli\u00addarit\u00e9 Nationale<\/strong>\u00a0pour la lutte contre le coronavirus et ses r\u00e9percussions \u00e9conomiques et sociales \u00bb. Financ\u00e9 \u00e0 hauteur de 180 milliards de FCFA, les d\u00e9penses dudit fonds devraient concourir \u00e0 l\u2019atteinte des objectifs vis\u00e9s dans le plan global de ri\u00adposte contre la pand\u00e9mie du coronavirus. \u00ab\u00a0<em>A travers cet acte, le chef de l\u2019Etat a vou\u00adlu donner une mat\u00e9rialit\u00e9 budg\u00e9taire \u00e0 ce fonds dont le compte re\u00e7oit une enve\u00adloppe cons\u00e9quente de 180 milliards de FCFA\u00a0<\/em>\u00bb pr\u00e9cise la Dgb. Concernant la ges\u00adtion du Fonds, l\u2019on note une lev\u00e9e de verrou au niveau l\u00e9gislatif afin de permettre un fonctionnement optimal. \u00ab\u00a0<em>Dans la loi portant r\u00e9gime financier de l\u2019Etat et autres entit\u00e9s publiques, il est dit qu\u2019un fonds d\u2019affectation sp\u00e9cial ne peut pas recevoir plus de 10% de son enve\u00adloppe du budget g\u00e9n\u00e9ral. Cette clause a \u00e9t\u00e9 lev\u00e9e afin que le Fonds dispose de suf\u00adfisamment de ressources.<\/em>\u00bb Lit-on.<\/p>\n<p>Lire aussi : <a href=\"https:\/\/ecomatin.net\/rectification-du-budget-des-divergences-au-sein-du-gouvernement-sur-la-baisse-des-revenus-petroliers\/\">\u2013<strong>Rectification du Budget : des divergences au sein du gouvernement sur la baisse des revenus p\u00e9troliers\u00a0<\/strong><\/a><\/p>\n<p><strong>L\u2019appui des partenaires aux d\u00e9veloppements<\/strong><\/p>\n<p>Dans le cadre de la lutte contre le coronavirus, l\u2019or\u00addonnance prend en compte l\u2019appui des partenaires \u00e9conomiques et financiers du Cameroun. Le\u00a0<strong>FMI, la Banque mondiale, l\u2019AFD<\/strong>\u00a0et l\u2019Union Europ\u00e9enne entres autres se sont chacun mani\u00adfest\u00e9s \u00e0 travers des appuis financiers et des all\u00e8gements de dette cumul\u00e9 \u00e0 118 mil\u00adliards de FCFA. D\u2019apr\u00e8s la DGB, \u00ab\u00a0<em>c\u2019est en partie gr\u00e2ce \u00e0 cet avantage que le fonds de solidarit\u00e9 sera financ\u00e9.<\/em>\u00bb<\/p>\n<div class=\"awac-wrapper awac widget posts-list-widget-11\">\n<h4 class=\"widget-title\">Le plus r\u00e9cent<\/h4>\n<\/div>\n<p>Auteur: EcoMatin<br \/>\n<a href=\"https:\/\/ecomatin.net\/collectif-budgetaire-les-explications-de-la-direction-generale-du-budget\/\">Cliquez ici pour lire l&rsquo;article depuis sa source.<\/a><\/p>\n","protected":false},"excerpt":{"rendered":"<p>Trois objectifs majeurs ressortent de l\u2019ordon\u00adnance pr\u00e9sidentielle qui entend corriger la loi de finances actuelle. Selon une note explicative pr\u00e9par\u00e9e par la\u00a0Direction G\u00e9n\u00e9rale du Budget(DGB) et rendue public par la division de la Communication du minis\u00adt\u00e8re des Finances, le texte du chef de l\u2019Etat vise \u00e0 \u00ab adapter la\u00a0loi de finances\u00a0au contexte \u00e9conomique au contexte [&hellip;]<\/p>\n","protected":false},"author":1969,"featured_media":0,"comment_status":"closed","ping_status":"closed","sticky":false,"template":"","format":"standard","meta":{"fifu_image_url":"","fifu_image_alt":"","footnotes":""},"categories":[82,78],"tags":[],"class_list":["post-88724","post","type-post","status-publish","format-standard","hentry","category-cameroun","category-economie"],"_links":{"self":[{"href":"https:\/\/linitiative.ca\/International\/wp-json\/wp\/v2\/posts\/88724","targetHints":{"allow":["GET"]}}],"collection":[{"href":"https:\/\/linitiative.ca\/International\/wp-json\/wp\/v2\/posts"}],"about":[{"href":"https:\/\/linitiative.ca\/International\/wp-json\/wp\/v2\/types\/post"}],"author":[{"embeddable":true,"href":"https:\/\/linitiative.ca\/International\/wp-json\/wp\/v2\/users\/1969"}],"replies":[{"embeddable":true,"href":"https:\/\/linitiative.ca\/International\/wp-json\/wp\/v2\/comments?post=88724"}],"version-history":[{"count":0,"href":"https:\/\/linitiative.ca\/International\/wp-json\/wp\/v2\/posts\/88724\/revisions"}],"wp:attachment":[{"href":"https:\/\/linitiative.ca\/International\/wp-json\/wp\/v2\/media?parent=88724"}],"wp:term":[{"taxonomy":"category","embeddable":true,"href":"https:\/\/linitiative.ca\/International\/wp-json\/wp\/v2\/categories?post=88724"},{"taxonomy":"post_tag","embeddable":true,"href":"https:\/\/linitiative.ca\/International\/wp-json\/wp\/v2\/tags?post=88724"}],"curies":[{"name":"wp","href":"https:\/\/api.w.org\/{rel}","templated":true}]}}