{"id":88729,"date":"2020-06-12T09:00:19","date_gmt":"2020-06-12T13:00:19","guid":{"rendered":"https:\/\/linitiative.ca\/International\/ladfm-sinquiete-de-la-situation-precaire-des-femmes-vivant-dans-les-logements-economiques-et-bidonvilles\/"},"modified":"2020-06-12T09:00:19","modified_gmt":"2020-06-12T13:00:19","slug":"ladfm-sinquiete-de-la-situation-precaire-des-femmes-vivant-dans-les-logements-economiques-et-bidonvilles","status":"publish","type":"post","link":"https:\/\/linitiative.ca\/International\/ladfm-sinquiete-de-la-situation-precaire-des-femmes-vivant-dans-les-logements-economiques-et-bidonvilles\/","title":{"rendered":"L\u2019ADFM s\u2019inqui\u00e8te de la situation pr\u00e9caire des femmes vivant dans les logements \u00e9conomiques et bidonvilles"},"content":{"rendered":"<p><img decoding=\"async\" class=\"post_layout_5_img\" src=\"http:\/\/aujourdhui.ma\/wp-content\/uploads\/2020\/06\/adfm.jpg\" alt=\"L&#x2019;ADFM s&#x2019;inqui&#xE8;te de la situation pr&#xE9;caire des femmes vivant dans les logements &#xE9;conomiques et bidonvilles\"\/><\/p>\n<p><span class=\"c5\"><strong>Les conditions de s\u00e9curit\u00e9 les plus \u00e9l\u00e9mentaires y sont absentes<\/strong><\/span><span id=\"more-347428\"\/><\/p>\n<p>L\u2019Association d\u00e9mocratique des femmes marocaines (ADFM) tire la sonnette d\u2019alarme sur la situation pr\u00e9caire des femmes qui habitent dans les bidonvilles et les logements \u00e9conomiques o\u00f9 les conditions de s\u00e9curit\u00e9 les plus \u00e9l\u00e9mentaires sont absentes.<br \/>\u00abBien qu\u2019elle soit consciente de la n\u00e9cessit\u00e9 de prendre un ensemble de mesures urgentes li\u00e9es \u00e0 l\u2019att\u00e9nuation des effets de la pand\u00e9mie et \u00e0 interagir avec la situation exceptionnelle dans laquelle vit le pays, l\u2019ADFM estime qu\u2019il est obligatoire d\u2019attirer l\u2019attention sur un ensemble de difficult\u00e9s et impacts n\u00e9gatifs li\u00e9s aux logements et les conditions dont lesquelles souffrent les femmes et les filles des classes pauvres et fragiles\u00bb, indique l\u2019ADFM dans un communiqu\u00e9.<\/p>\n<p>Dans ce contexte, l\u2019Association affirme que l\u2019\u00e9tat d\u2019urgence et de quarantaine, bien qu\u2019il soit une n\u00e9cessit\u00e9 imp\u00e9rative, a produit \u00abun ensemble de diff\u00e9rences de classe et territoriales en ce qui concerne les conditions de logement, car il est devenu obligatoire pour les citoyens de rester dans leurs foyers, sans prendre en compte ce type de logement, sa densit\u00e9, la disponibilit\u00e9 des \u00e9quipements de base pour une vie d\u00e9cente et les conditions n\u00e9cessaires pour assurer un confort minimum. Ceci dit, les femmes \u00e0 revenu moyen et faible vivant dans ces logements manquent des conditions minimales de dignit\u00e9 et de sensation de la s\u00e9curit\u00e9\u00bb.<\/p>\n<p>L\u2019Association rappelle \u00e9galement que les maisons situ\u00e9es dans les quartiers anarchiques et dans les bidonvilles, qui comprennent la plupart des familles pauvres et fragiles, sont d\u00e9pourvues des services de base, comme l\u2019absence de bonne ventilation, l\u2019\u00e9clairage, le r\u00e9seau d\u2019\u00e9gouts et le non-raccordement des maisons au r\u00e9seau d\u2019eau et d\u2019\u00e9lectricit\u00e9, ce qui rend le confinement sanitaire difficile et amer.<br \/>D\u2019une autre part, l\u2019ADFM a signal\u00e9 que les femmes et les filles, en tant que responsables de la collecte de l\u2019eau, sont les plus vuln\u00e9rables \u00e0 l\u2019\u00e9pid\u00e9mie et aux maladies mentales r\u00e9sultant du risque de contracter le virus. \u00abEn l\u2019absence de conditions de ventilation ad\u00e9quates dans les bidonvilles et parfois aussi dans des logements sociaux, les femmes sont les plus sensibles aux maladies pulmonaires obstructives chroniques, qui sont caus\u00e9es par l\u2019inhalation de fum\u00e9e \u00e9mise \u00e0 l\u2019int\u00e9rieur des b\u00e2timents, qui tue chaque ann\u00e9e un demi-million de femmes sur le total des femmes qui meurent de cette maladie dans le monde, \u00e0 un taux \u00e9gal \u00e0 88%. Par rapport \u00e0 12% des hommes qui meurent de la m\u00eame cause, selon l\u2019Organisation mondiale de la sant\u00e9\u00bb.<\/p>\n<p>Face \u00e0 cette situation, l\u2019ADFM appelle \u00e0 court terme les pouvoirs publics \u00e0 tenir compte de la situation des femmes et des filles dans ces logements, en facilitant leur acc\u00e8s \u00e0 l\u2019eau et aux sources d\u2019\u00e9nergie et les prot\u00e9geant de toute sorte de violence ou maltraitance. \u00c0 moyen terme, l\u2019association appelle \u00e0 revoir le programme de logement social et \u00e9conomique, tout en am\u00e9liorant ses conditions et ses sp\u00e9cifications. De m\u00eame, elle recommande de r\u00e9duire le ph\u00e9nom\u00e8ne des bidonvilles en fournissant des logements ad\u00e9quats afin d\u2019assurer un niveau minimum de conditions de vie convenables pour eux tout en pr\u00e9servant leur dignit\u00e9.<\/p>\n<p>Auteur: ALM<br \/>\n<a href=\"https:\/\/aujourdhui.ma\/societe\/ladfm-sinquiete-de-la-situation-precaire-des-femmes-vivant-dans-les-logements-economiques-et-bidonvilles\">Cliquez ici pour lire l&rsquo;article depuis sa source.<\/a><\/p>\n","protected":false},"excerpt":{"rendered":"<p>Les conditions de s\u00e9curit\u00e9 les plus \u00e9l\u00e9mentaires y sont absentes L\u2019Association d\u00e9mocratique des femmes marocaines (ADFM) tire la sonnette d\u2019alarme sur la situation pr\u00e9caire des femmes qui habitent dans les bidonvilles et les logements \u00e9conomiques o\u00f9 les conditions de s\u00e9curit\u00e9 les plus \u00e9l\u00e9mentaires sont absentes.\u00abBien qu\u2019elle soit consciente de la n\u00e9cessit\u00e9 de prendre un ensemble [&hellip;]<\/p>\n","protected":false},"author":1759,"featured_media":88730,"comment_status":"closed","ping_status":"closed","sticky":false,"template":"","format":"standard","meta":{"fifu_image_url":"","fifu_image_alt":"","footnotes":""},"categories":[73,54],"tags":[],"class_list":["post-88729","post","type-post","status-publish","format-standard","has-post-thumbnail","hentry","category-actualite","category-maroc"],"_links":{"self":[{"href":"https:\/\/linitiative.ca\/International\/wp-json\/wp\/v2\/posts\/88729","targetHints":{"allow":["GET"]}}],"collection":[{"href":"https:\/\/linitiative.ca\/International\/wp-json\/wp\/v2\/posts"}],"about":[{"href":"https:\/\/linitiative.ca\/International\/wp-json\/wp\/v2\/types\/post"}],"author":[{"embeddable":true,"href":"https:\/\/linitiative.ca\/International\/wp-json\/wp\/v2\/users\/1759"}],"replies":[{"embeddable":true,"href":"https:\/\/linitiative.ca\/International\/wp-json\/wp\/v2\/comments?post=88729"}],"version-history":[{"count":0,"href":"https:\/\/linitiative.ca\/International\/wp-json\/wp\/v2\/posts\/88729\/revisions"}],"wp:featuredmedia":[{"embeddable":true,"href":"https:\/\/linitiative.ca\/International\/wp-json\/"}],"wp:attachment":[{"href":"https:\/\/linitiative.ca\/International\/wp-json\/wp\/v2\/media?parent=88729"}],"wp:term":[{"taxonomy":"category","embeddable":true,"href":"https:\/\/linitiative.ca\/International\/wp-json\/wp\/v2\/categories?post=88729"},{"taxonomy":"post_tag","embeddable":true,"href":"https:\/\/linitiative.ca\/International\/wp-json\/wp\/v2\/tags?post=88729"}],"curies":[{"name":"wp","href":"https:\/\/api.w.org\/{rel}","templated":true}]}}