{"id":88733,"date":"2020-06-12T10:00:05","date_gmt":"2020-06-12T14:00:05","guid":{"rendered":"https:\/\/linitiative.ca\/International\/mehdi-cherif-alami-notre-objectif-est-de-revolutionner-les-chaines-logistiques\/"},"modified":"2020-06-12T10:00:05","modified_gmt":"2020-06-12T14:00:05","slug":"mehdi-cherif-alami-notre-objectif-est-de-revolutionner-les-chaines-logistiques","status":"publish","type":"post","link":"https:\/\/linitiative.ca\/International\/mehdi-cherif-alami-notre-objectif-est-de-revolutionner-les-chaines-logistiques\/","title":{"rendered":"Mehdi Cherif Alami : \u00abNotre objectif est de r\u00e9volutionner  les cha\u00eenes logistiques\u00bb"},"content":{"rendered":"<p><img decoding=\"async\" class=\"post_layout_5_img\" src=\"http:\/\/aujourdhui.ma\/wp-content\/uploads\/2020\/06\/Mehdi-Cherif-Alami-Freterium.jpg\" alt=\"Mehdi Cherif Alami : &#xAB;Notre objectif est de r&#xE9;volutionner les cha&#xEE;nes logistiques&#xBB;\"\/><\/p>\n<p><span class=\"c6\"><strong><span class=\"c5\">Entretien avec Mehdi Cherif Alami, cofondateur de Freterium<\/span><\/strong><\/span><span id=\"more-347410\"\/><\/p>\n<p><strong>ALM\u00a0: Freterium vient de r\u00e9aliser une lev\u00e9e de fonds aupr\u00e8s de CDG Invest. Quelles sont ses principales orientations\u00a0?<\/strong><\/p>\n<p><strong>Mehdi Cherif Alami\u00a0:<\/strong> Nous venons effectivement de lever des fonds aupr\u00e8s de CDG Invest, la branche investissement du Groupe Caisse de d\u00e9p\u00f4t et de gestion (CDG). Ils croient en notre mission et nous sommes ravis de les avoir dans notre capital. Actuellement nous avons d\u00e9marr\u00e9 la phase d\u2019acc\u00e9l\u00e9ration de 212 Founders, programme de CDG Invest destin\u00e9 aux startups, qui a pour objectif de nous pr\u00e9parer au mieux dans notre d\u00e9veloppement et notre internationalisation lors des douze \u00e0 dix-huit prochains mois.<\/p>\n<p><strong>Selon vous, comment le secteur de la logistique a-t-il v\u00e9cu la crise Covid-19\u00a0?<\/strong><\/p>\n<p>Je voudrais en premier lieu saluer l\u2019approche efficace adopt\u00e9e par le Maroc en mati\u00e8re de lutte contre la Covid-19 qui a fait de lui un mod\u00e8le \u00e0 suivre au niveau international, et qui a palli\u00e9 de mani\u00e8re significative l\u2019impact de la crise sanitaire. A l\u2019instar des autres secteurs \u00e9conomiques, le secteur du transport et de la logistique n\u2019a malheureusement pas \u00e9t\u00e9 \u00e9pargn\u00e9. Il est directement li\u00e9 \u00e0 l\u2019activit\u00e9 \u00e9conomique du pays et a d\u00fb faire face \u00e0 une \u00e9volution impr\u00e9visible de la demande et \u00e0 des changements de mode de fonctionnement qui ont entra\u00een\u00e9 des situations parfois difficiles \u00e0 g\u00e9rer. Les professionnels du transport ont \u00e9t\u00e9 impact\u00e9s \u00e0 diff\u00e9rents degr\u00e9s, en fonction de l\u2019industrie dans laquelle ils op\u00e8rent\u00a0: l\u2019automobile \u00e9tait compl\u00e8tement \u00e0 l\u2019arr\u00eat, les p\u00e9troliers ont vu leurs volumes chuter de mani\u00e8re consid\u00e9rable, les sid\u00e9rurgistes et les cimentiers ont \u00e9t\u00e9 victimes du ralentissement des chantiers\u2026 tandis que les minoteries, la grande distribution et l\u2019agroalimentaire ont maintenu des volumes de flux logistiques proches de la normale, voire sup\u00e9rieurs par p\u00e9riode. Dans un tel contexte o\u00f9 tout \u00e9tait sensible et urgent, les \u00e9changes entre donneurs d\u2019ordre et transporteurs ont \u00e9t\u00e9 plus r\u00e9guliers que jamais, ils ont d\u00fb faire preuve d\u2019\u00e9norm\u00e9ment d\u2019agilit\u00e9 et ont renforc\u00e9 leur collaboration pour pouvoir faire face \u00e0 cette situation in\u00e9dite.<\/p>\n<p><strong>Quels sont les principaux enseignements \u00e0 tirer de cette crise\u00a0?<\/strong><\/p>\n<p>La crise sanitaire a \u00e9t\u00e9 le catalyseur forc\u00e9 d\u2019un basculement profond des usages et a entra\u00een\u00e9 des r\u00e9flexions pragmatiques qui ont le potentiel de nous faire avancer \u00e0 pas de g\u00e9ant. Chez Freterium, nous sommes convaincus que davantage de collaboration et de digitalisation permettrait \u00e0 tout l\u2019\u00e9cosyst\u00e8me logistique d\u2019\u00eatre plus r\u00e9silient, plus agile et plus comp\u00e9titif. Il est toutefois n\u00e9cessaire d\u2019accompagner ces initiatives par des incitations et programmes de soutiens ad\u00e9quats, ainsi que des \u00e9volutions r\u00e9glementaires indispensables pour impulser cette transformation.<\/p>\n<p><strong>Comment votre startup r\u00e9pond-elle \u00e0 cette situation\u00a0?<\/strong><\/p>\n<p>Freterium est pr\u00e9cis\u00e9ment une plateforme collaborative de gestion et de suivi du transport routier de marchandises, con\u00e7ue pour les industriels, distributeurs ou logisticiens afin de les aider \u00e0 automatiser, optimiser et suivre en temps r\u00e9el leurs op\u00e9rations quotidiennes de transport. Nous avons d\u00e9velopp\u00e9 la premi\u00e8re Transport Management Platform (TMP) de la r\u00e9gion, qui combine les principaux modules d\u2019un TMS (Transport Management System) et la connectivit\u00e9 d\u2019une plateforme collaborative de visibilit\u00e9 avanc\u00e9e. Freterium permet \u00e0 tout donneur d\u2019ordre de planifier et d\u2019optimiser ses exp\u00e9ditions en quelques clics, et de suivre l\u2019ex\u00e9cution, r\u00e9alis\u00e9e par une flotte propre ou des prestataires de transport, en acc\u00e9dant \u00e0 des informations pr\u00e9dictives et en temps r\u00e9el sur toutes les livraisons. Notre objectif est de r\u00e9volutionner les cha\u00eenes logistiques en rempla\u00e7ant les processus manuels par un \u00e9cosyst\u00e8me enti\u00e8rement connect\u00e9. Gr\u00e2ce \u00e0 des algorithmes d\u2019optimisation propri\u00e9taires, \u00e0 des donn\u00e9es collect\u00e9es en temps r\u00e9el et \u00e0 l\u2019intelligence artificielle, Freterium permet aux entreprises de booster leur productivit\u00e9, r\u00e9duire leurs co\u00fbts de transport et am\u00e9liorer la satisfaction client.<\/p>\n<p><strong>Comment Freterium envisage-t-elle la reprise ?<\/strong><\/p>\n<p>Nous sommes persuad\u00e9s que nous pouvons compter sur l\u2019intelligence collective du secteur du transport et de la logistique pour surmonter la crise. Nous observons d\u2019ores et d\u00e9j\u00e0 la volont\u00e9 des donneurs d\u2019ordre et des transporteurs de repenser leur mani\u00e8re de travailler et de se pr\u00e9parer au monde de demain. Nous sommes extr\u00eamement sollicit\u00e9s en ce moment et cet engouement est pour nous un signal fort d\u2019une reprise prometteuse pour tous les professionnels du secteur.<\/p>\n<p>Auteur: Kawtar Tali<br \/>\n<a href=\"https:\/\/aujourdhui.ma\/economie\/mehdi-cherif-alami-notre-objectif-est-de-revolutionner-les-chaines-logistiques\">Cliquez ici pour lire l&rsquo;article depuis sa source.<\/a><\/p>\n","protected":false},"excerpt":{"rendered":"<p>Entretien avec Mehdi Cherif Alami, cofondateur de Freterium ALM\u00a0: Freterium vient de r\u00e9aliser une lev\u00e9e de fonds aupr\u00e8s de CDG Invest. Quelles sont ses principales orientations\u00a0? Mehdi Cherif Alami\u00a0: Nous venons effectivement de lever des fonds aupr\u00e8s de CDG Invest, la branche investissement du Groupe Caisse de d\u00e9p\u00f4t et de gestion (CDG). Ils croient en [&hellip;]<\/p>\n","protected":false},"author":1759,"featured_media":88734,"comment_status":"closed","ping_status":"closed","sticky":false,"template":"","format":"standard","meta":{"fifu_image_url":"","fifu_image_alt":"","footnotes":""},"categories":[73,54],"tags":[],"class_list":["post-88733","post","type-post","status-publish","format-standard","has-post-thumbnail","hentry","category-actualite","category-maroc"],"_links":{"self":[{"href":"https:\/\/linitiative.ca\/International\/wp-json\/wp\/v2\/posts\/88733","targetHints":{"allow":["GET"]}}],"collection":[{"href":"https:\/\/linitiative.ca\/International\/wp-json\/wp\/v2\/posts"}],"about":[{"href":"https:\/\/linitiative.ca\/International\/wp-json\/wp\/v2\/types\/post"}],"author":[{"embeddable":true,"href":"https:\/\/linitiative.ca\/International\/wp-json\/wp\/v2\/users\/1759"}],"replies":[{"embeddable":true,"href":"https:\/\/linitiative.ca\/International\/wp-json\/wp\/v2\/comments?post=88733"}],"version-history":[{"count":0,"href":"https:\/\/linitiative.ca\/International\/wp-json\/wp\/v2\/posts\/88733\/revisions"}],"wp:featuredmedia":[{"embeddable":true,"href":"https:\/\/linitiative.ca\/International\/wp-json\/"}],"wp:attachment":[{"href":"https:\/\/linitiative.ca\/International\/wp-json\/wp\/v2\/media?parent=88733"}],"wp:term":[{"taxonomy":"category","embeddable":true,"href":"https:\/\/linitiative.ca\/International\/wp-json\/wp\/v2\/categories?post=88733"},{"taxonomy":"post_tag","embeddable":true,"href":"https:\/\/linitiative.ca\/International\/wp-json\/wp\/v2\/tags?post=88733"}],"curies":[{"name":"wp","href":"https:\/\/api.w.org\/{rel}","templated":true}]}}