{"id":88736,"date":"2020-06-11T15:12:42","date_gmt":"2020-06-11T19:12:42","guid":{"rendered":"https:\/\/linitiative.ca\/International\/theatre-de-proposition-nouveau-projet-de-lassociation-gorara-pour-les-arts-et-les-cultures%ef%bb%bf\/"},"modified":"2020-06-11T15:12:42","modified_gmt":"2020-06-11T19:12:42","slug":"theatre-de-proposition-nouveau-projet-de-lassociation-gorara-pour-les-arts-et-les-cultures%ef%bb%bf","status":"publish","type":"post","link":"https:\/\/linitiative.ca\/International\/theatre-de-proposition-nouveau-projet-de-lassociation-gorara-pour-les-arts-et-les-cultures%ef%bb%bf\/","title":{"rendered":"\u00abTh\u00e9\u00e2tre de Proposition\u00bb, nouveau projet de l\u2019Association Gorara pour les arts et les cultures\ufeff"},"content":{"rendered":"<p class=\"has-text-color c2\"><strong>Et voil\u00e0 une bouff\u00e9e d\u2019air pour les artistes en herbe pour s\u2019exprimer librement sur des questions \u00e0\u00a0 la fois sociales, artistiques, soci\u00e9tales et politiques par l\u2019interm\u00e9diaire de l\u2019art et du th\u00e9\u00e2tre. Pour ce faire, l\u2019Association Gorara pour les arts et les cultures vient de lancer un appel \u00e0 candidatures au projet \u00abTh\u00e9\u00e2tre de Proposition\u00bb, un projet financ\u00e9 par l\u2019Union europ\u00e9enne dans le cadre du programme \u00abMoucharaka Mouwatin\u00bb, destin\u00e9 aux jeunes cr\u00e9ateurs issus des quatre coins du pays.<\/strong><\/p>\n<p>Selon l\u2019association, le \u00abTh\u00e9\u00e2tre de proposition\u00bb est un projet de formation, de cr\u00e9ation, de m\u00e9diation et de plaidoyer, \u00e0 travers les techniques du \u00abth\u00e9\u00e2tre de l\u2019opprim\u00e9\u00bb et dont l\u2019objectif est de pousser les jeunes \u00e0 une participation citoyenne dans la vie sociale et politique, \u00e0 travers la lib\u00e9ration du discours gr\u00e2ce \u00e0 des m\u00e9canismes technique tels que le renforcement des capacit\u00e9s des jeunes et d\u00e9veloppement de leurs comp\u00e9tences cr\u00e9atives,\u00a0 l\u2019utilisation du th\u00e9\u00e2tre forum et celui l\u00e9gislatif comme m\u00e9canisme de participation citoyenne, la cr\u00e9ation et renforcement des canaux de communication entre les jeunes et les d\u00e9cideurs.<\/p>\n<p>Cet appel \u00e0 candidature, peut on lire dans le communiqu\u00e9 de l\u2019association, s\u2019adresse aux groupes de 6 \u00e0 8 jeunes ayant au plus 30 ans, de la r\u00e9gion du Casablanca-Settat, venus de clubs de th\u00e9\u00e2tre, de maisons de jeunes, d\u2019universit\u00e9s et d\u2019instituts priv\u00e9s et qui se sont constitu\u00e9s en troupe de th\u00e9\u00e2tre \u00e9mergents ou qui d\u00e9sirent le faire et qui comptent parmi eux au moins 30% de femmes.<\/p>\n<p>Ce programme sera l\u2019occasion pour les jeunes de d\u00e9velopper leurs connaissances, comp\u00e9tences et approfondir leurs recherches en b\u00e9n\u00e9ficiant d\u2019un tas de formations en mati\u00e8re des techniques de th\u00e9\u00e2tre forum, des r\u00e9sidences artistiques, des r\u00e9unions de communication avec les d\u00e9cideurs, de\u00a0 la cr\u00e9ation de spectacle, des r\u00e9unions de communication avec les d\u00e9cideurs, pour ne citer que ceux-l\u00e0.<\/p>\n<p>Par ailleurs, le projet de l\u2019association puise ses fondements dans le \u00abth\u00e9\u00e2tre des opprim\u00e9s\u00bb qui\u00a0 se caract\u00e9rise par son int\u00e9r\u00eat des questions sociales bas\u00e9es sur le conflit entre les oppresseurs et les opprim\u00e9s; entre les individus et les groupes de la soci\u00e9t\u00e9, en les transf\u00e9rant de la soci\u00e9t\u00e9 vers la sc\u00e8ne ou les espaces publics sous une forme artistique, souligne l\u2019association.\u00a0 Et d\u2019ajouter : \u00abl\u2019Association Gorara pour les arts et les cultures s\u2019appuie sur le projet de th\u00e9\u00e2tre de proposition sur les techniques du \u00abth\u00e9\u00e2tre de forum\u00bb et du \u00abth\u00e9\u00e2tre l\u00e9gislatif\u00bb en tant que techniques du \u00abTh\u00e9\u00e2tre des opprim\u00e9s\u00bb cr\u00e9\u00e9 par l\u2019\u00e9crivain et r\u00e9alisateur br\u00e9silien Augusto Boal et qui a tendance \u00e0 transformer le spectateur en \u00abspect\u2019acteur\u00bb.<\/p>\n<p class=\"c3\"><strong>M.N.Y<\/strong><\/p>\n<p>Auteur: M&rsquo;hammed rahal<br \/>\n<a href=\"http:\/\/albayane.press.ma\/theatre-de-proposition-nouveau-projet-de-lassociation-gorara-pour-les-arts-et-les-cultures%EF%BB%BF.html\">Cliquez ici pour lire l&rsquo;article depuis sa source.<\/a><\/p>\n","protected":false},"excerpt":{"rendered":"<p>Et voil\u00e0 une bouff\u00e9e d\u2019air pour les artistes en herbe pour s\u2019exprimer librement sur des questions \u00e0\u00a0 la fois sociales, artistiques, soci\u00e9tales et politiques par l\u2019interm\u00e9diaire de l\u2019art et du th\u00e9\u00e2tre. Pour ce faire, l\u2019Association Gorara pour les arts et les cultures vient de lancer un appel \u00e0 candidatures au projet \u00abTh\u00e9\u00e2tre de Proposition\u00bb, un [&hellip;]<\/p>\n","protected":false},"author":1760,"featured_media":0,"comment_status":"closed","ping_status":"closed","sticky":false,"template":"","format":"standard","meta":{"fifu_image_url":"","fifu_image_alt":"","footnotes":""},"categories":[73,54],"tags":[],"class_list":["post-88736","post","type-post","status-publish","format-standard","hentry","category-actualite","category-maroc"],"_links":{"self":[{"href":"https:\/\/linitiative.ca\/International\/wp-json\/wp\/v2\/posts\/88736","targetHints":{"allow":["GET"]}}],"collection":[{"href":"https:\/\/linitiative.ca\/International\/wp-json\/wp\/v2\/posts"}],"about":[{"href":"https:\/\/linitiative.ca\/International\/wp-json\/wp\/v2\/types\/post"}],"author":[{"embeddable":true,"href":"https:\/\/linitiative.ca\/International\/wp-json\/wp\/v2\/users\/1760"}],"replies":[{"embeddable":true,"href":"https:\/\/linitiative.ca\/International\/wp-json\/wp\/v2\/comments?post=88736"}],"version-history":[{"count":0,"href":"https:\/\/linitiative.ca\/International\/wp-json\/wp\/v2\/posts\/88736\/revisions"}],"wp:attachment":[{"href":"https:\/\/linitiative.ca\/International\/wp-json\/wp\/v2\/media?parent=88736"}],"wp:term":[{"taxonomy":"category","embeddable":true,"href":"https:\/\/linitiative.ca\/International\/wp-json\/wp\/v2\/categories?post=88736"},{"taxonomy":"post_tag","embeddable":true,"href":"https:\/\/linitiative.ca\/International\/wp-json\/wp\/v2\/tags?post=88736"}],"curies":[{"name":"wp","href":"https:\/\/api.w.org\/{rel}","templated":true}]}}