{"id":88737,"date":"2020-06-12T11:25:56","date_gmt":"2020-06-12T15:25:56","guid":{"rendered":"https:\/\/linitiative.ca\/International\/abattre-le-racisme-en-detruisant-ses-symboles\/"},"modified":"2020-06-12T11:25:56","modified_gmt":"2020-06-12T15:25:56","slug":"abattre-le-racisme-en-detruisant-ses-symboles","status":"publish","type":"post","link":"https:\/\/linitiative.ca\/International\/abattre-le-racisme-en-detruisant-ses-symboles\/","title":{"rendered":"Abattre le racisme en d\u00e9truisant ses symboles?"},"content":{"rendered":"<p class=\"has-text-color has-vivid-cyan-blue-color\"><strong>Outre les multiples manifestations d\u00e9non\u00e7ant les violences polici\u00e8res exerc\u00e9es contre les personnes dites \u00abde couleur\u00bb auxquelles elle a donn\u00e9 lieu, en plusieurs endroits de la plan\u00e8te, la mort de George Floyd a ramen\u00e9 aux m\u00e9moires l\u2019h\u00e9ritage de ce douloureux pass\u00e9 colonial esclavagiste qui n\u2019est pas propre aux seuls Etats-Unis o\u00f9 il est symbolis\u00e9 par de nombreux monuments \u00e0 la gloire de l\u2019arm\u00e9e conf\u00e9d\u00e9r\u00e9e lors de la guerre de S\u00e9cession mais qui appartient \u00e9galement \u00e0 de nombreuses autres \u00abpuissances\u00bb des si\u00e8cles pass\u00e9s.<\/strong><\/p>\n<p>Ainsi, le malheureux \u00e9v\u00e8nement dont le h\u00e9ros a \u00e9t\u00e9, cette fois-ci, un policier de Minneapolis et la victime un jeune afro-am\u00e9ricain, a raviv\u00e9 une plaie toujours b\u00e9ante. La m\u00e9moire de Christophe Colomb a \u00e9t\u00e9 la premi\u00e8re \u00e0 en payer les frais. Longtemps pr\u00e9sent\u00e9 comme \u00e9tant le \u00abd\u00e9couvreur de l\u2019Am\u00e9rique\u00bb, le navigateur g\u00e9nois est, \u00e9galement, point\u00e9 du doigt en tant que l\u2019une des figures \u00abmarquantes\u00bb du g\u00e9nocide des Am\u00e9rindiens.<\/p>\n<p>Etant donc d\u00e9nonc\u00e9 au m\u00eame titre que tous les esclavagistes dont ces fameux g\u00e9n\u00e9raux conf\u00e9r\u00e9s de la guerre de S\u00e9cession, sa statue qui tr\u00f4nait sur une st\u00e8le, dans le parc qui porte son nom au centre de Boston, a \u00e9t\u00e9 d\u00e9capit\u00e9e. A Miami, en Floride, une autre statue de l\u2019explorateur g\u00e9nois a \u00e9t\u00e9 vandalis\u00e9e et l\u2019on pouvait y lire, \u00e9crites avec de la peinture rouge, \u00abBlack Lives Matter\u00bb (les vies noires comptent) et \u00abGeorge Floyd\u00bb. A Richmond, en Virginie, la statue de Christophe Colomb a, cette fois-ci, \u00e9t\u00e9 train\u00e9e, \u00e0 l\u2019aide de cordes, jusqu\u2019\u00e0 un lac voisin avant d\u2019y \u00eatre jet\u00e9e.<\/p>\n<p>Pour rappel, plusieurs villes am\u00e9ricaines, \u00e0 l\u2019exception de Boston et de New York qui comptent de tr\u00e8s fortes communaut\u00e9s d\u2019origine italienne, avaient d\u00e9j\u00e0 remplac\u00e9 la c\u00e9l\u00e9bration, au mois d\u2019Octobre de chaque ann\u00e9e, du \u00abColombus Day\u00bb \u2013 journ\u00e9e f\u00e9ri\u00e9e depuis 1937 \u2013 par une journ\u00e9e d\u2019hommage aux \u00abpeuples indig\u00e8nes\u00bb.<\/p>\n<p>La semaine derni\u00e8re, le gouverneur de Virginie \u2013 r\u00e9gion o\u00f9 s\u2019\u00e9taient install\u00e9s les premiers colons anglais et qui devint, par la suite, le c\u0153ur battant de l\u2019Am\u00e9rique esclavagiste \u2013 a fait part de son intention de d\u00e9boulonner, au plus vite, la statue du g\u00e9n\u00e9ral Robert E. Lee qui \u00e9tait le commandant en chef de l\u2019arm\u00e9e sudiste.<\/p>\n<p>Mais la d\u00e9nonciation du racisme et de l\u2019esclavagisme auxquels a donn\u00e9 lieu l\u2019assassinat de George Floyd par un policier de Minneapolis ne s\u2019est pas limit\u00e9 \u00e0 la ville et \u00e0 ses environs mais s\u2019est, pratiquement, \u00e9tendu \u00e0 l\u2019ensemble de la plan\u00e8te comme une tra\u00een\u00e9e de poudre. Ainsi, \u00e0 Bristol, en Angleterre, des manifestants ont renvers\u00e9, ce dimanche, puis jet\u00e9 dans la rivi\u00e8re, la statue d\u2019Edward Colston, un c\u00e9l\u00e8bre marchand d\u2019esclaves qui vivait du 18\u00e8me si\u00e8cle. Mardi, vint le tour de la Belgique.<\/p>\n<p>Aussi, apr\u00e8s qu\u2019un buste de L\u00e9opold II, l\u2019ancien roi des Belges\u00a0 dont la \u00abmission civilisatrice\u00bb men\u00e9e au\u00a0 Congo au titre de l\u2019exploitation du caoutchouc fut un des plus violents r\u00e9gimes coloniaux de l\u2019Histoire ait \u00e9t\u00e9 vandalis\u00e9 \u00e0 Tervuren, pr\u00e8s de Bruxelles, la municipalit\u00e9 d\u2019Anvers a imm\u00e9diatement proc\u00e9d\u00e9 \u00e0 l\u2019enl\u00e8vement du monument \u00e0 l\u2019effigie de ce dernier qui tr\u00f4nait au milieu d\u2019un square de la ville.<\/p>\n<p>Et si, dans les territoires fran\u00e7ais d\u2019outre-mer et notamment en Martinique, les statues de Victor Schoelcher, initiateur du d\u00e9cret du 17 avril 1848 qui avait d\u00e9finitivement aboli l\u2019esclavage en France et dans les colonies fran\u00e7aises selon le principe qui veut que \u00able sol de la France affranchit l\u2019esclave qui le touche\u00bb, avaient \u00e9t\u00e9 vandalis\u00e9es avant la mort de George Floyd, cela d\u00e9note qu\u2019au 21\u00e8me si\u00e8cle, le racisme et l\u2019esclavagisme suscitent encore des appr\u00e9hensions divergentes et moult conflits. C\u2019est \u00e0 ce titre, d\u2019ailleurs, que le \u00abConseil repr\u00e9sentatif des associations noires de France\u00bb s\u2019insurge, depuis plusieurs ann\u00e9es d\u00e9j\u00e0, contre la pr\u00e9sence, dans certaines villes fran\u00e7aises, des statues de Colbert, ce ministre des finances de Louis XIV qui fut \u00e0 l\u2019origine du \u00abCode noir\u00bb de 1685 qui pr\u00e9cisait le statut civil et p\u00e9nal des esclaves dans les colonies, leurs relations avec leurs ma\u00eetres et, enfin, leur statut patrimonial qui les r\u00e9duisait \u00e0 l\u2019\u00e9tat de \u00abbiens meubles\u00bb dont le ma\u00eetre peut user, abuser et disposer selon ses convenances.<\/p>\n<p>Enfin, bien qu\u2019il y ait une globalisation du mouvement antiraciste dans la mesure o\u00f9 les m\u00eames gestes symboliques de saccage des statues et des monuments \u00e9rig\u00e9es \u00e0 la gloire des racistes se retrouvent un peu partout dans le monde, les d\u00e9fenseurs du racisme et de l\u2019esclavagisme sont toujours pr\u00e9sents. Or, l\u2019exclusion d\u2019une frange de la population \u00e0 cause de la couleur de sa peau est toujours une source de conflit. Y sera-t-il mis fin un jour ? Osons l\u2019esp\u00e9rer et attendons pour voir\u2026<\/p>\n<p class=\"c2\"><strong>Nabil El Bousaadi<\/strong><\/p>\n<p>Auteur: M&rsquo;hammed rahal<br \/>\n<a href=\"http:\/\/albayane.press.ma\/abattre-le-racisme-en-detruisant-ses-symboles.html\">Cliquez ici pour lire l&rsquo;article depuis sa source.<\/a><\/p>\n","protected":false},"excerpt":{"rendered":"<p>Outre les multiples manifestations d\u00e9non\u00e7ant les violences polici\u00e8res exerc\u00e9es contre les personnes dites \u00abde couleur\u00bb auxquelles elle a donn\u00e9 lieu, en plusieurs endroits de la plan\u00e8te, la mort de George Floyd a ramen\u00e9 aux m\u00e9moires l\u2019h\u00e9ritage de ce douloureux pass\u00e9 colonial esclavagiste qui n\u2019est pas propre aux seuls Etats-Unis o\u00f9 il est symbolis\u00e9 par de [&hellip;]<\/p>\n","protected":false},"author":1760,"featured_media":0,"comment_status":"closed","ping_status":"closed","sticky":false,"template":"","format":"standard","meta":{"fifu_image_url":"","fifu_image_alt":"","footnotes":""},"categories":[73,54],"tags":[],"class_list":["post-88737","post","type-post","status-publish","format-standard","hentry","category-actualite","category-maroc"],"_links":{"self":[{"href":"https:\/\/linitiative.ca\/International\/wp-json\/wp\/v2\/posts\/88737","targetHints":{"allow":["GET"]}}],"collection":[{"href":"https:\/\/linitiative.ca\/International\/wp-json\/wp\/v2\/posts"}],"about":[{"href":"https:\/\/linitiative.ca\/International\/wp-json\/wp\/v2\/types\/post"}],"author":[{"embeddable":true,"href":"https:\/\/linitiative.ca\/International\/wp-json\/wp\/v2\/users\/1760"}],"replies":[{"embeddable":true,"href":"https:\/\/linitiative.ca\/International\/wp-json\/wp\/v2\/comments?post=88737"}],"version-history":[{"count":0,"href":"https:\/\/linitiative.ca\/International\/wp-json\/wp\/v2\/posts\/88737\/revisions"}],"wp:attachment":[{"href":"https:\/\/linitiative.ca\/International\/wp-json\/wp\/v2\/media?parent=88737"}],"wp:term":[{"taxonomy":"category","embeddable":true,"href":"https:\/\/linitiative.ca\/International\/wp-json\/wp\/v2\/categories?post=88737"},{"taxonomy":"post_tag","embeddable":true,"href":"https:\/\/linitiative.ca\/International\/wp-json\/wp\/v2\/tags?post=88737"}],"curies":[{"name":"wp","href":"https:\/\/api.w.org\/{rel}","templated":true}]}}