{"id":88740,"date":"2020-06-12T09:14:15","date_gmt":"2020-06-12T13:14:15","guid":{"rendered":"https:\/\/linitiative.ca\/International\/impact-microeconomique-du-covid-19-finalisation-dune-etude-sur-la-tunisie-par-le-pnud\/"},"modified":"2020-06-12T09:14:15","modified_gmt":"2020-06-12T13:14:15","slug":"impact-microeconomique-du-covid-19-finalisation-dune-etude-sur-la-tunisie-par-le-pnud","status":"publish","type":"post","link":"https:\/\/linitiative.ca\/International\/impact-microeconomique-du-covid-19-finalisation-dune-etude-sur-la-tunisie-par-le-pnud\/","title":{"rendered":"Impact micro\u00e9conomique du Covid-19 : Finalisation d\u2019une \u00e9tude sur la Tunisie par le PNUD"},"content":{"rendered":"<p>Une \u00e9tude d\u2019impact micro-\u00e9conomique de la pand\u00e9mie du COVID-19 en Tunisie est en train d\u2019\u00eatre finalis\u00e9e par le Programme des Nations unies pour le d\u00e9veloppement (PNUD).<\/p>\n<p>Le repr\u00e9sentant r\u00e9sident en Tunisie du PNUD, Steve Utterwulghe, est revenu, jeudi, lors d\u2019un entretien avec le ministre des Finances, Nizar Ya\u00efch, sur cette \u00e9tude qui d\u00e9terminera le niveau d\u2019impact \u00e9conomique de cette crise sur les secteurs d\u2019activit\u00e9s \u00e9conomiques et les \u00e9changes ext\u00e9rieurs de la Tunisie.<\/p>\n<p>Selon le programme onusien, l\u2019\u00e9tude comprendra un bilan de la situation du secteur informel avec un focus sur le genre. Elle comprendra dans une deuxi\u00e8me partie, d\u2019apr\u00e8s un r\u00e9sum\u00e9 de \u00ab la r\u00e9ponse du PNUD Tunisie au Covid 19 \u00bb, publi\u00e9 fin mai 2020, sur sa page Facebook, une analyse de la pauvret\u00e9 multidimensionnelle impactant les m\u00e9nages et les populations vuln\u00e9rables.<\/p>\n<p>L\u2019objectif final \u00e9tant la formulation de recommandations pour des politiques publiques pouvant amorcer une rapide reprise \u00e9conomique.<\/p>\n<p>Dans son action d\u2019accompagnement de la Tunisie, le PNUD a assist\u00e9 au niveau \u00e9conomique, les jeunes entrepreneurs afin qu\u2019ils puissent assurer une continuit\u00e9 de leurs activit\u00e9s au niveau de leurs micro-entreprises. Son action s\u2019est articul\u00e9e autour de l\u2019apprentissage virtuel et l\u2019accompagnement des PME pour une vraie transition num\u00e9rique.<\/p>\n<p>Le Repr\u00e9sentant R\u00e9sident du PNUD en Tunisie, avait d\u00e9clar\u00e9 que la r\u00e9ponse de son agence et l\u2019ensemble de ses actions et projets dans le pays \u00ab s\u2019inscrivent dans le cadre d\u2019une vision holistique d\u2019appui \u00e0 la Tunisie -A whole of society approach- impliquant une concertation avec les partenaires nationaux du secteur public et priv\u00e9, mais aussi de la soci\u00e9t\u00e9 civile \u00bb.<\/p>\n<p>D\u00e8s l\u2019annonce des premiers cas du COVID 19 en Tunisie, le PNUD a reprogramm\u00e9 son budget et activit\u00e9s, en mobilisant des ressources, pour un montant total de 6 millions de dollars, au profit du gouvernement et de la population tunisienne.<\/p>\n<div class=\"wp-post-author-wrap wp-post-author-shortcode left\">\n<h3 class=\"awpa-title\"\/>\n<div class=\"wp-post-author\">\n<div class=\"awpa-img awpa-author-block square\"><a href=\"http:\/\/lexpertjournal.net\/fr\/?author=5\"><img loading=\"lazy\" decoding=\"async\" alt=\"\" src=\"http:\/\/0.gravatar.com\/avatar\/97f8e10a1c1125ba104a76514ee07b16?s=150&amp;d=mm&amp;r=g\" srcset=\"http:\/\/0.gravatar.com\/avatar\/97f8e10a1c1125ba104a76514ee07b16?s=300&amp;d=mm&amp;r=g 2x\" class=\"avatar avatar-150 photo\" height=\"150\" width=\"150\"\/><\/a><\/div>\n<\/div>\n<\/div>\n<aside class=\"mashsb-container mashsb-main mashsb-stretched\">\n<\/aside>\n<p>Auteur: L&rsquo;expert<br \/>\n<a href=\"http:\/\/lexpertjournal.net\/fr\/?p=15202\">Cliquez ici pour lire l&rsquo;article depuis sa source.<\/a><\/p>\n","protected":false},"excerpt":{"rendered":"<p>Une \u00e9tude d\u2019impact micro-\u00e9conomique de la pand\u00e9mie du COVID-19 en Tunisie est en train d\u2019\u00eatre finalis\u00e9e par le Programme des Nations unies pour le d\u00e9veloppement (PNUD). Le repr\u00e9sentant r\u00e9sident en Tunisie du PNUD, Steve Utterwulghe, est revenu, jeudi, lors d\u2019un entretien avec le ministre des Finances, Nizar Ya\u00efch, sur cette \u00e9tude qui d\u00e9terminera le niveau [&hellip;]<\/p>\n","protected":false},"author":1775,"featured_media":0,"comment_status":"closed","ping_status":"closed","sticky":false,"template":"","format":"standard","meta":{"fifu_image_url":"","fifu_image_alt":"","footnotes":""},"categories":[78,55],"tags":[],"class_list":["post-88740","post","type-post","status-publish","format-standard","hentry","category-economie","category-tunisie"],"_links":{"self":[{"href":"https:\/\/linitiative.ca\/International\/wp-json\/wp\/v2\/posts\/88740","targetHints":{"allow":["GET"]}}],"collection":[{"href":"https:\/\/linitiative.ca\/International\/wp-json\/wp\/v2\/posts"}],"about":[{"href":"https:\/\/linitiative.ca\/International\/wp-json\/wp\/v2\/types\/post"}],"author":[{"embeddable":true,"href":"https:\/\/linitiative.ca\/International\/wp-json\/wp\/v2\/users\/1775"}],"replies":[{"embeddable":true,"href":"https:\/\/linitiative.ca\/International\/wp-json\/wp\/v2\/comments?post=88740"}],"version-history":[{"count":0,"href":"https:\/\/linitiative.ca\/International\/wp-json\/wp\/v2\/posts\/88740\/revisions"}],"wp:attachment":[{"href":"https:\/\/linitiative.ca\/International\/wp-json\/wp\/v2\/media?parent=88740"}],"wp:term":[{"taxonomy":"category","embeddable":true,"href":"https:\/\/linitiative.ca\/International\/wp-json\/wp\/v2\/categories?post=88740"},{"taxonomy":"post_tag","embeddable":true,"href":"https:\/\/linitiative.ca\/International\/wp-json\/wp\/v2\/tags?post=88740"}],"curies":[{"name":"wp","href":"https:\/\/api.w.org\/{rel}","templated":true}]}}