{"id":88741,"date":"2020-06-12T09:16:20","date_gmt":"2020-06-12T13:16:20","guid":{"rendered":"https:\/\/linitiative.ca\/International\/commerce-international-baisse-de-371-des-exportations-en-mai\/"},"modified":"2020-06-12T09:16:20","modified_gmt":"2020-06-12T13:16:20","slug":"commerce-international-baisse-de-371-des-exportations-en-mai","status":"publish","type":"post","link":"https:\/\/linitiative.ca\/International\/commerce-international-baisse-de-371-des-exportations-en-mai\/","title":{"rendered":"Commerce international : Baisse de 37,1% des exportations en mai"},"content":{"rendered":"<p>Les r\u00e9sultats des \u00e9changes commerciaux de la Tunisie avec l\u2019ext\u00e9rieur aux prix courants durant le mois de mai 2020 exhibent une forte baisse des exportations \u00e0 -37,1% en glissement annuel (-48,9% en avril), suite \u00e0 la pand\u00e9mie de Covid-19, selon les donn\u00e9es publi\u00e9es, jeudi, par l\u2019Institut National de la Statistique (INS).<\/p>\n<p>Il en est de m\u00eame pour les importations qui ont enregistr\u00e9 un repli de 34,5% par rapport au m\u00eame mois de l\u2019ann\u00e9e 2019 (-46,8% en avril).<\/p>\n<p>D\u2019apr\u00e8s l\u2019INS, il s\u2019agit d\u2019une forte contraction des \u00e9changes pour le troisi\u00e8me mois cons\u00e9cutif li\u00e9e aux mesures de confinement.<\/p>\n<p><strong>Exportations<\/strong><\/p>\n<p>En valeur, les exportations ont atteint 2400,1 MD contre 3813,9 MD en mai 2019 (2634,5 MD comme moyenne du mois de mai depuis 2010).<\/p>\n<p>Cette diminution a touch\u00e9 principalement les secteurs off-shore, \u00e0 savoir le secteur du textile\/habillement et cuirs et le secteur des industries m\u00e9caniques et \u00e9lectriques dont les exportations ont chut\u00e9 respectivement de 32,4%, et de 49,8%.<\/p>\n<p>De m\u00eame, les exportations du secteur des \u00ab autres Industries Manufacturi\u00e8res \u00bb se sont contract\u00e9es de 49,6%, ceux des mines, phosphates et d\u00e9riv\u00e9s de 17,8% et ceux de l\u2019\u00e9nergie de 8,4%.<\/p>\n<p>En revanche, les exportations du secteur de l\u2019agriculture et des industries agro-alimentaires ont augment\u00e9 de 16,4%. Par zones g\u00e9ographiques, la baisse a concern\u00e9 quasiment les principaux partenaires europ\u00e9ens, particuli\u00e8rement la France (-44%), l\u2019Allemagne (-57%) et l\u2019Italie (-36%).<\/p>\n<p>La m\u00eame \u00e9volution est observ\u00e9e vers certains pays arabes tels que l\u2019Alg\u00e9rie (-57%), la Libye (- 48%) et le Maroc (-31%).<\/p>\n<p><strong>Importations<\/strong><\/p>\n<p>Concernant les importations, elles ont \u00e9galement enregistr\u00e9 une baisse de 34,5% par rapport au m\u00eame mois de l\u2019ann\u00e9e 2019 (-46,8% en avril).<\/p>\n<p>En valeur, elles ont atteint 3655,5 MD, contre 5583 MD au mois de mai 2019. Cette baisse est due essentiellement \u00e0 la r\u00e9gression observ\u00e9e aux niveaux de l\u2019\u00e9nergie (49,3%), des biens d\u2019\u00e9quipement (41,8%), des mati\u00e8res premi\u00e8res et demi produits (37,1%), des biens de consommation (33,5%) ainsi que des produits miniers et phosphat\u00e9s avec un taux de 77,9%.<\/p>\n<p>Selon la r\u00e9partition g\u00e9ographique, la baisse des importations est expliqu\u00e9e par la diminution de nos achats en provenance de la quasi-totalit\u00e9 de nos fournisseurs europ\u00e9ens, tels que la France (-48%), l\u2019Allemagne (-52%) et l\u2019Italie (-49%), ainsi que d\u2019autre pays tels que la Russie (- 94%), la Chine (-13%), le Maroc (-60%) et l\u2019Egypte (-64%).<\/p>\n<div class=\"wp-post-author-wrap wp-post-author-shortcode left\">\n<h3 class=\"awpa-title\"\/>\n<div class=\"wp-post-author\">\n<div class=\"awpa-img awpa-author-block square\"><a href=\"http:\/\/lexpertjournal.net\/fr\/?author=5\"><img loading=\"lazy\" decoding=\"async\" alt=\"\" src=\"http:\/\/0.gravatar.com\/avatar\/97f8e10a1c1125ba104a76514ee07b16?s=150&amp;d=mm&amp;r=g\" srcset=\"http:\/\/0.gravatar.com\/avatar\/97f8e10a1c1125ba104a76514ee07b16?s=300&amp;d=mm&amp;r=g 2x\" class=\"avatar avatar-150 photo\" height=\"150\" width=\"150\"\/><\/a><\/div>\n<\/div>\n<\/div>\n<aside class=\"mashsb-container mashsb-main mashsb-stretched\">\n<\/aside>\n<p>Auteur: L&rsquo;expert<br \/>\n<a href=\"http:\/\/lexpertjournal.net\/fr\/?p=15205\">Cliquez ici pour lire l&rsquo;article depuis sa source.<\/a><\/p>\n","protected":false},"excerpt":{"rendered":"<p>Les r\u00e9sultats des \u00e9changes commerciaux de la Tunisie avec l\u2019ext\u00e9rieur aux prix courants durant le mois de mai 2020 exhibent une forte baisse des exportations \u00e0 -37,1% en glissement annuel (-48,9% en avril), suite \u00e0 la pand\u00e9mie de Covid-19, selon les donn\u00e9es publi\u00e9es, jeudi, par l\u2019Institut National de la Statistique (INS). Il en est de [&hellip;]<\/p>\n","protected":false},"author":1775,"featured_media":0,"comment_status":"closed","ping_status":"closed","sticky":false,"template":"","format":"standard","meta":{"fifu_image_url":"","fifu_image_alt":"","footnotes":""},"categories":[78,55],"tags":[],"class_list":["post-88741","post","type-post","status-publish","format-standard","hentry","category-economie","category-tunisie"],"_links":{"self":[{"href":"https:\/\/linitiative.ca\/International\/wp-json\/wp\/v2\/posts\/88741","targetHints":{"allow":["GET"]}}],"collection":[{"href":"https:\/\/linitiative.ca\/International\/wp-json\/wp\/v2\/posts"}],"about":[{"href":"https:\/\/linitiative.ca\/International\/wp-json\/wp\/v2\/types\/post"}],"author":[{"embeddable":true,"href":"https:\/\/linitiative.ca\/International\/wp-json\/wp\/v2\/users\/1775"}],"replies":[{"embeddable":true,"href":"https:\/\/linitiative.ca\/International\/wp-json\/wp\/v2\/comments?post=88741"}],"version-history":[{"count":0,"href":"https:\/\/linitiative.ca\/International\/wp-json\/wp\/v2\/posts\/88741\/revisions"}],"wp:attachment":[{"href":"https:\/\/linitiative.ca\/International\/wp-json\/wp\/v2\/media?parent=88741"}],"wp:term":[{"taxonomy":"category","embeddable":true,"href":"https:\/\/linitiative.ca\/International\/wp-json\/wp\/v2\/categories?post=88741"},{"taxonomy":"post_tag","embeddable":true,"href":"https:\/\/linitiative.ca\/International\/wp-json\/wp\/v2\/tags?post=88741"}],"curies":[{"name":"wp","href":"https:\/\/api.w.org\/{rel}","templated":true}]}}