{"id":88742,"date":"2020-06-12T09:18:28","date_gmt":"2020-06-12T13:18:28","guid":{"rendered":"https:\/\/linitiative.ca\/International\/circulation-automobile-decongestion-en-perspective-sur-lechangeur-x20-x3\/"},"modified":"2020-06-12T09:18:28","modified_gmt":"2020-06-12T13:18:28","slug":"circulation-automobile-decongestion-en-perspective-sur-lechangeur-x20-x3","status":"publish","type":"post","link":"https:\/\/linitiative.ca\/International\/circulation-automobile-decongestion-en-perspective-sur-lechangeur-x20-x3\/","title":{"rendered":"Circulation automobile : D\u00e9congestion en perspective sur l\u2019\u00e9changeur X20-X3"},"content":{"rendered":"<p>Certaines composantes du projet de l\u2019\u00e9changeur de l\u2019intersection X20-X3 (la route X20 \u00e9tant celle reliant Al Mnihla \u00e0 Ennasr, la route X3 est celle reliant la X20 \u00e0 l\u2019Avenue Mohamed Bouazizi) entreront en exploitation, au cours de mois d\u2019ao\u00fbt 2020, a fait savoir le minist\u00e8re de l\u2019\u00e9quipement, de l\u2019habitat et de l\u2019am\u00e9nagement du territoire.<\/p>\n<p>Le projet, qui s\u2019\u00e9tale sur environ 25 km, concerne la construction d\u2019un ouvrage d\u2019art d\u2019une longueur de 254 m\u00e8tres pour traverser l\u2019\u00e9changeur X20 et X3, moyennant une enveloppe de plus de 37,6 millions de dinars, selon un communiqu\u00e9 publi\u00e9 par le minist\u00e8re de l\u2019\u00e9quipement suite \u00e0 une visite effectu\u00e9e, jeudi, par le ministre, Moncef Sliti au chantier du projet.<\/p>\n<p>Le projet comporte, \u00e9galement, la construction d\u2019un ouvrage d\u2019art reliant \u00bb les jardins d\u2019El Menzah 1 \u00ab et \u00bb les jardins d\u2019El Menzah 2 \u00bb outre la construction d\u2019un passage souterrain reliant la cit\u00e9 Rafaha et \u00ab les Jardins d\u2019El-Menzah 2 \u00bb et deux autres ouvrages d\u2019art pour diriger le trafic entre les routes X20 et X3. Il concerne, en outre, la construction d\u2019un tunnel de 325 m\u00e8tres, dont 180 m\u00e8tres couverts.<\/p>\n<div class=\"wp-post-author-wrap wp-post-author-shortcode left\">\n<h3 class=\"awpa-title\"\/>\n<div class=\"wp-post-author\">\n<div class=\"awpa-img awpa-author-block square\"><a href=\"http:\/\/lexpertjournal.net\/fr\/?author=5\"><img loading=\"lazy\" decoding=\"async\" alt=\"\" src=\"http:\/\/0.gravatar.com\/avatar\/97f8e10a1c1125ba104a76514ee07b16?s=150&amp;d=mm&amp;r=g\" srcset=\"http:\/\/0.gravatar.com\/avatar\/97f8e10a1c1125ba104a76514ee07b16?s=300&amp;d=mm&amp;r=g 2x\" class=\"avatar avatar-150 photo\" height=\"150\" width=\"150\"\/><\/a><\/div>\n<\/div>\n<\/div>\n<aside class=\"mashsb-container mashsb-main mashsb-stretched\">\n<\/aside>\n<p>Auteur: L&rsquo;expert<br \/>\n<a href=\"http:\/\/lexpertjournal.net\/fr\/?p=15208\">Cliquez ici pour lire l&rsquo;article depuis sa source.<\/a><\/p>\n","protected":false},"excerpt":{"rendered":"<p>Certaines composantes du projet de l\u2019\u00e9changeur de l\u2019intersection X20-X3 (la route X20 \u00e9tant celle reliant Al Mnihla \u00e0 Ennasr, la route X3 est celle reliant la X20 \u00e0 l\u2019Avenue Mohamed Bouazizi) entreront en exploitation, au cours de mois d\u2019ao\u00fbt 2020, a fait savoir le minist\u00e8re de l\u2019\u00e9quipement, de l\u2019habitat et de l\u2019am\u00e9nagement du territoire. Le [&hellip;]<\/p>\n","protected":false},"author":1775,"featured_media":0,"comment_status":"closed","ping_status":"closed","sticky":false,"template":"","format":"standard","meta":{"fifu_image_url":"","fifu_image_alt":"","footnotes":""},"categories":[78,55],"tags":[],"class_list":["post-88742","post","type-post","status-publish","format-standard","hentry","category-economie","category-tunisie"],"_links":{"self":[{"href":"https:\/\/linitiative.ca\/International\/wp-json\/wp\/v2\/posts\/88742","targetHints":{"allow":["GET"]}}],"collection":[{"href":"https:\/\/linitiative.ca\/International\/wp-json\/wp\/v2\/posts"}],"about":[{"href":"https:\/\/linitiative.ca\/International\/wp-json\/wp\/v2\/types\/post"}],"author":[{"embeddable":true,"href":"https:\/\/linitiative.ca\/International\/wp-json\/wp\/v2\/users\/1775"}],"replies":[{"embeddable":true,"href":"https:\/\/linitiative.ca\/International\/wp-json\/wp\/v2\/comments?post=88742"}],"version-history":[{"count":0,"href":"https:\/\/linitiative.ca\/International\/wp-json\/wp\/v2\/posts\/88742\/revisions"}],"wp:attachment":[{"href":"https:\/\/linitiative.ca\/International\/wp-json\/wp\/v2\/media?parent=88742"}],"wp:term":[{"taxonomy":"category","embeddable":true,"href":"https:\/\/linitiative.ca\/International\/wp-json\/wp\/v2\/categories?post=88742"},{"taxonomy":"post_tag","embeddable":true,"href":"https:\/\/linitiative.ca\/International\/wp-json\/wp\/v2\/tags?post=88742"}],"curies":[{"name":"wp","href":"https:\/\/api.w.org\/{rel}","templated":true}]}}