{"id":88743,"date":"2020-06-12T09:20:45","date_gmt":"2020-06-12T13:20:45","guid":{"rendered":"https:\/\/linitiative.ca\/International\/pae-bizerte-projets-eco-friendly-et-investissements-pour-generer-2000-emplois\/"},"modified":"2020-06-12T09:20:45","modified_gmt":"2020-06-12T13:20:45","slug":"pae-bizerte-projets-eco-friendly-et-investissements-pour-generer-2000-emplois","status":"publish","type":"post","link":"https:\/\/linitiative.ca\/International\/pae-bizerte-projets-eco-friendly-et-investissements-pour-generer-2000-emplois\/","title":{"rendered":"PAE Bizerte : Projets \u00ab \u00e9co-friendly \u00bb et investissements pour g\u00e9n\u00e9rer 2000 emplois"},"content":{"rendered":"<p>Le Parc d\u2019Activit\u00e9s Economiques de Bizerte accueillera en 2021, des investissements \u00ab \u00e9co-friendly \u00bb et des projets industriels qui permettront de cr\u00e9er 2000 postes d\u2019emploi, a indiqu\u00e9 jeudi, le minist\u00e8re de l\u2019Industrie et des PME.<\/p>\n<p>L\u2019information a \u00e9t\u00e9 publi\u00e9e sur la page Facebook du minist\u00e8re, apr\u00e8s une r\u00e9union entre le ministre de l\u2019Industrie et des PME, Salah Ben Youssef et Badii Kelibi, PDG du Parc d\u2019Activit\u00e9s Economiques de Bizerte.<\/p>\n<p>Les deux responsables ont pass\u00e9 en revue les activit\u00e9s \u00e9conomiques du Parc et discut\u00e9 des perspectives de son d\u00e9veloppement pour un meilleur accompagnement des investisseurs.<\/p>\n<p>A cette occasion, le ministre a soulign\u00e9 la n\u00e9cessit\u00e9 d\u2019attirer davantage d\u2019IDE pour booster la dynamique \u00e9conomique de la r\u00e9gion et cr\u00e9er davantage d\u2019emplois au profit des dipl\u00f4m\u00e9s du sup\u00e9rieur.<\/p>\n<p>Il est \u00e0 noter que le parc de Bizerte abrite 67 entreprises industrielles d\u2019une valeur d\u2019investissement globale de 642 millions de dinars. Ces entreprises op\u00e9rant dans divers secteurs tels que les industries pharmaceutiques, l\u2019agroalimentaire, les composantes des avions, les composants automobiles, les industries m\u00e9caniques, \u00e9lectriques et \u00e9lectroniques\u2026emploient environ 4928 personnes d\u2019une mani\u00e8re directe avec un taux d\u2019encadrement d\u00e9passant les 25%.<\/p>\n<p>Ces entreprises contribuent aux exportations industrielles manufacturi\u00e8res \u00e0 raison de 3,4% soit l\u2019\u00e9quivalent de 1350 millions de dinars.<\/p>\n<p><strong>Nominations au minist\u00e8re de l\u2019Industrie<\/strong><\/p>\n<p>Le minist\u00e8re de l\u2019Industrie et des PME a annonc\u00e9, jeudi, les nominations suivantes :<\/p>\n<p>Mme Fatma Chiboub au poste de Directrice g\u00e9n\u00e9rale de la tutelle des entreprises<\/p>\n<p>Mme Nada Lachaal, directrice g\u00e9n\u00e9rale de l\u2019infrastructure industrielle et technologique<\/p>\n<p>Mme Sonia Jelassi, directrice g\u00e9n\u00e9rale de la Cellule de gouvernance<\/p>\n<ol>\n<li>Brahim Chebili, directeur g\u00e9n\u00e9ral des services communs<\/li>\n<li>Kamel Hindaoui, directeur g\u00e9n\u00e9ral du bureau de mise \u00e0 niveau<\/li>\n<\/ol>\n<div class=\"wp-post-author-wrap wp-post-author-shortcode left\">\n<h3 class=\"awpa-title\"\/>\n<div class=\"wp-post-author\">\n<div class=\"awpa-img awpa-author-block square\"><a href=\"http:\/\/lexpertjournal.net\/fr\/?author=5\"><img loading=\"lazy\" decoding=\"async\" alt=\"\" src=\"http:\/\/0.gravatar.com\/avatar\/97f8e10a1c1125ba104a76514ee07b16?s=150&amp;d=mm&amp;r=g\" srcset=\"http:\/\/0.gravatar.com\/avatar\/97f8e10a1c1125ba104a76514ee07b16?s=300&amp;d=mm&amp;r=g 2x\" class=\"avatar avatar-150 photo\" height=\"150\" width=\"150\"\/><\/a><\/div>\n<\/div>\n<\/div>\n<aside class=\"mashsb-container mashsb-main mashsb-stretched\">\n<\/aside>\n<p>Auteur: L&rsquo;expert<br \/>\n<a href=\"http:\/\/lexpertjournal.net\/fr\/?p=15211\">Cliquez ici pour lire l&rsquo;article depuis sa source.<\/a><\/p>\n","protected":false},"excerpt":{"rendered":"<p>Le Parc d\u2019Activit\u00e9s Economiques de Bizerte accueillera en 2021, des investissements \u00ab \u00e9co-friendly \u00bb et des projets industriels qui permettront de cr\u00e9er 2000 postes d\u2019emploi, a indiqu\u00e9 jeudi, le minist\u00e8re de l\u2019Industrie et des PME. L\u2019information a \u00e9t\u00e9 publi\u00e9e sur la page Facebook du minist\u00e8re, apr\u00e8s une r\u00e9union entre le ministre de l\u2019Industrie et des [&hellip;]<\/p>\n","protected":false},"author":1775,"featured_media":0,"comment_status":"closed","ping_status":"closed","sticky":false,"template":"","format":"standard","meta":{"fifu_image_url":"","fifu_image_alt":"","footnotes":""},"categories":[78,55],"tags":[],"class_list":["post-88743","post","type-post","status-publish","format-standard","hentry","category-economie","category-tunisie"],"_links":{"self":[{"href":"https:\/\/linitiative.ca\/International\/wp-json\/wp\/v2\/posts\/88743","targetHints":{"allow":["GET"]}}],"collection":[{"href":"https:\/\/linitiative.ca\/International\/wp-json\/wp\/v2\/posts"}],"about":[{"href":"https:\/\/linitiative.ca\/International\/wp-json\/wp\/v2\/types\/post"}],"author":[{"embeddable":true,"href":"https:\/\/linitiative.ca\/International\/wp-json\/wp\/v2\/users\/1775"}],"replies":[{"embeddable":true,"href":"https:\/\/linitiative.ca\/International\/wp-json\/wp\/v2\/comments?post=88743"}],"version-history":[{"count":0,"href":"https:\/\/linitiative.ca\/International\/wp-json\/wp\/v2\/posts\/88743\/revisions"}],"wp:attachment":[{"href":"https:\/\/linitiative.ca\/International\/wp-json\/wp\/v2\/media?parent=88743"}],"wp:term":[{"taxonomy":"category","embeddable":true,"href":"https:\/\/linitiative.ca\/International\/wp-json\/wp\/v2\/categories?post=88743"},{"taxonomy":"post_tag","embeddable":true,"href":"https:\/\/linitiative.ca\/International\/wp-json\/wp\/v2\/tags?post=88743"}],"curies":[{"name":"wp","href":"https:\/\/api.w.org\/{rel}","templated":true}]}}