{"id":88746,"date":"2020-06-12T11:14:00","date_gmt":"2020-06-12T15:14:00","guid":{"rendered":"https:\/\/linitiative.ca\/International\/des-manifestants-cernes-dans-une-cite-a-bejaia\/"},"modified":"2020-06-12T11:14:00","modified_gmt":"2020-06-12T15:14:00","slug":"des-manifestants-cernes-dans-une-cite-a-bejaia","status":"publish","type":"post","link":"https:\/\/linitiative.ca\/International\/des-manifestants-cernes-dans-une-cite-a-bejaia\/","title":{"rendered":"Des manifestants cern\u00e9s dans une cit\u00e9 \u00e0 B\u00e9ja\u00efa"},"content":{"rendered":"<div id=\"originalText\" readability=\"67\">\n<p><em><strong>Des dizaines de manifestants se sont rassembl\u00e9s, en d\u00e9but de cet apr\u00e8s- midi, \u00e0 B\u00e9ja\u00efa, plus pr\u00e9cis\u00e9ment devant la maison de culture Taous Amrouche, pour annoncer \u00ab\u00a0la reprise des marches\u00a0\u00bb. Plusieurs arrestations ont \u00e9t\u00e9 signal\u00e9es.<\/strong><\/em><\/p>\n<p>R\u00e9pondant \u00e0 l\u2019appel lanc\u00e9 sur les r\u00e9seaux sociaux, hier soir, plusieurs manifestants, munis de leurs drapeaux se sont rassembl\u00e9s, vers 14h, devant la maison de la culture, au centre-ville de B\u00e9ja\u00efa, en scandant les slogans habituels du hirak.<\/p>\n<p>Un important dispositif a \u00e9t\u00e9 d\u00e9ploy\u00e9 pour interdire le d\u00e9roulement de la manifestation. Selon des t\u00e9moins, plusieurs manifestants ont \u00e9t\u00e9 arr\u00eat\u00e9s, peu avant le d\u00e9but de la marche, parmi eux, l\u2019ex-d\u00e9tenu Merzoug Touati et l\u2019ex- policier Malaoui Zahir. A 15h, apr\u00e8s la r\u00e9pression polici\u00e8re, les manifestants, toujours pacifiques, se sont dirig\u00e9s vers la cit\u00e9 CNS, au centre-ville de B\u00e9ja\u00efa, pour observer un sit-in afin d\u2019exiger la lib\u00e9ration imm\u00e9diate de toutes les personnes arr\u00eat\u00e9es pendant la marche.<\/p>\n<p>Les forces de l\u2019ordre encerclent, en ce moment la cit\u00e9 jusqu\u2019aux portes des b\u00e2timents.<\/p>\n<p class=\"c6\"><strong>Kenza Sifi<\/strong><\/p>\n<\/div>\n<div id=\"text_core\" readability=\"67\">\n<p><em><strong>Des dizaines de manifestants se sont rassembl\u00e9s, en d\u00e9but de cet apr\u00e8s- midi, \u00e0 B\u00e9ja\u00efa, plus pr\u00e9cis\u00e9ment devant la maison de culture Taous Amrouche, pour annoncer \u00ab\u00a0la reprise des marches\u00a0\u00bb. Plusieurs arrestations ont \u00e9t\u00e9 signal\u00e9es.<\/strong><\/em><\/p>\n<p>R\u00e9pondant \u00e0 l\u2019appel lanc\u00e9 sur les r\u00e9seaux sociaux, hier soir, plusieurs manifestants, munis de leurs drapeaux se sont rassembl\u00e9s, vers 14h, devant la maison de la culture, au centre-ville de B\u00e9ja\u00efa, en scandant les slogans habituels du hirak.<\/p>\n<p>Un important dispositif a \u00e9t\u00e9 d\u00e9ploy\u00e9 pour interdire le d\u00e9roulement de la manifestation. Selon des t\u00e9moins, plusieurs manifestants ont \u00e9t\u00e9 arr\u00eat\u00e9s, peu avant le d\u00e9but de la marche, parmi eux, l\u2019ex-d\u00e9tenu Merzoug Touati et l\u2019ex- policier Malaoui Zahir. A 15h, apr\u00e8s la r\u00e9pression polici\u00e8re, les manifestants, toujours pacifiques, se sont dirig\u00e9s vers la cit\u00e9 CNS, au centre-ville de B\u00e9ja\u00efa, pour observer un sit-in afin d\u2019exiger la lib\u00e9ration imm\u00e9diate de toutes les personnes arr\u00eat\u00e9es pendant la marche.<\/p>\n<p>Les forces de l\u2019ordre encerclent, en ce moment la cit\u00e9 jusqu\u2019aux portes des b\u00e2timents.<\/p>\n<p class=\"c6\"><strong>Kenza Sifi<\/strong><\/p>\n<\/div>\n<p>Auteur:<br \/>\n<a href=\"https:\/\/www.liberte-algerie.com\/actualite\/des-manifestants-cernes-dans-une-cite-a-bejaia-340086\">Cliquez ici pour lire l&rsquo;article depuis sa source.<\/a><\/p>\n","protected":false},"excerpt":{"rendered":"<p>Des dizaines de manifestants se sont rassembl\u00e9s, en d\u00e9but de cet apr\u00e8s- midi, \u00e0 B\u00e9ja\u00efa, plus pr\u00e9cis\u00e9ment devant la maison de culture Taous Amrouche, pour annoncer \u00ab\u00a0la reprise des marches\u00a0\u00bb. Plusieurs arrestations ont \u00e9t\u00e9 signal\u00e9es. R\u00e9pondant \u00e0 l\u2019appel lanc\u00e9 sur les r\u00e9seaux sociaux, hier soir, plusieurs manifestants, munis de leurs drapeaux se sont rassembl\u00e9s, vers [&hellip;]<\/p>\n","protected":false},"author":1742,"featured_media":0,"comment_status":"closed","ping_status":"closed","sticky":false,"template":"","format":"standard","meta":{"fifu_image_url":"","fifu_image_alt":"","footnotes":""},"categories":[73,53],"tags":[],"class_list":["post-88746","post","type-post","status-publish","format-standard","hentry","category-actualite","category-algerie"],"_links":{"self":[{"href":"https:\/\/linitiative.ca\/International\/wp-json\/wp\/v2\/posts\/88746","targetHints":{"allow":["GET"]}}],"collection":[{"href":"https:\/\/linitiative.ca\/International\/wp-json\/wp\/v2\/posts"}],"about":[{"href":"https:\/\/linitiative.ca\/International\/wp-json\/wp\/v2\/types\/post"}],"author":[{"embeddable":true,"href":"https:\/\/linitiative.ca\/International\/wp-json\/wp\/v2\/users\/1742"}],"replies":[{"embeddable":true,"href":"https:\/\/linitiative.ca\/International\/wp-json\/wp\/v2\/comments?post=88746"}],"version-history":[{"count":0,"href":"https:\/\/linitiative.ca\/International\/wp-json\/wp\/v2\/posts\/88746\/revisions"}],"wp:attachment":[{"href":"https:\/\/linitiative.ca\/International\/wp-json\/wp\/v2\/media?parent=88746"}],"wp:term":[{"taxonomy":"category","embeddable":true,"href":"https:\/\/linitiative.ca\/International\/wp-json\/wp\/v2\/categories?post=88746"},{"taxonomy":"post_tag","embeddable":true,"href":"https:\/\/linitiative.ca\/International\/wp-json\/wp\/v2\/tags?post=88746"}],"curies":[{"name":"wp","href":"https:\/\/api.w.org\/{rel}","templated":true}]}}