{"id":88751,"date":"2020-06-12T05:58:34","date_gmt":"2020-06-12T09:58:34","guid":{"rendered":"https:\/\/linitiative.ca\/International\/covid-19-a-ain-defla-port-du-masque-revelateur-de-civisme-et-de-respect-dautrui\/"},"modified":"2020-06-12T05:58:34","modified_gmt":"2020-06-12T09:58:34","slug":"covid-19-a-ain-defla-port-du-masque-revelateur-de-civisme-et-de-respect-dautrui","status":"publish","type":"post","link":"https:\/\/linitiative.ca\/International\/covid-19-a-ain-defla-port-du-masque-revelateur-de-civisme-et-de-respect-dautrui\/","title":{"rendered":"Covid-19 \u00e0 A\u00efn Defla : port du masque, r\u00e9v\u00e9lateur de civisme et de respect d\u2019autrui"},"content":{"rendered":"<div>\n<div class=\"K2FeedImage\"><img decoding=\"async\" src=\"http:\/\/www.aps.dz\/media\/k2\/items\/cache\/3e32cfef2a4c9e4b9979fa905aeca9f1_S.jpg\" alt=\"Covid-19 &agrave; A&iuml;n Defla : port du masque, r&eacute;v&eacute;lateur de civisme et de respect d&rsquo;autrui\"><\/div>\n<div class=\"K2FeedIntroText\">\n<p><strong>&nbsp;AIN DEFLA- Des professionnels de la sant&eacute; &agrave; A&iuml;n Defla ont soulign&eacute; l&rsquo;importance du port du masque dans la lutte contre la propagation du nouveau coronavirus (Covid-19), observant que le recours &agrave; ce moyen de protection constitue un signe de civisme et de respect d&rsquo;autrui.<\/strong><\/p>\n<\/div>\n<div class=\"K2FeedFullText\">\n<p>M&ecirc;me si, dans l&rsquo;ensemble, une stabilisation de la situation sanitaire inh&eacute;rente &agrave; la propagation du redoutable virus a &eacute;t&eacute; not&eacute;e, la vigilance doit &ecirc;tre de mise pour contrecarrer une &eacute;ventuelle deuxi&egrave;me vague de la pand&eacute;mie, ont-ils recommand&eacute;, appelant &agrave; l&rsquo;adh&eacute;sion de la population &agrave; cette d&eacute;marche salutaire.<\/p>\n<blockquote>\n<p><em><strong>\u00ab\u00a0En d&eacute;pit d&rsquo;un certain nombre d&rsquo;indicateurs &eacute;pid&eacute;miologiques attestant d&rsquo;une baisse de la virulence du virus, il n&rsquo;en demeure pas moins que l&rsquo;observation des gestes barri&egrave;res, dont le port de la bavette, doit constituer un r&eacute;flexe pour la population\u00a0\u00bb, soutient d&rsquo;embl&eacute;e le Dr Belabassi Omar, sp&eacute;cialiste des maladies respiratoires et allergiques au sein de l&rsquo;Etablissement Public Hospitalier (EPH) de A&iuml;n Defla.<\/strong><\/em><\/p>\n<\/blockquote>\n<p>Tout en relevant que la contamination microbienne de l&rsquo;entourage imm&eacute;diat du porteur du masque est significativement restreinte, ce sp&eacute;cialiste, &eacute;galement responsable du service de mise en quarantaine des malades pr&eacute;sentant des sympt&ocirc;mes du nouveau coronavirus, a not&eacute; que m&ecirc;me dans le cas o&ugrave; il n&rsquo;y aurait pas de d&eacute;c&egrave;s, le port du masque permet d&rsquo;&eacute;viter les longs s&eacute;jours &agrave; l&rsquo;h&ocirc;pital &agrave; la faveur de l&rsquo;accomplissement de ce geste pr&eacute;ventif.<\/p>\n<p>\u00ab\u00a0L&rsquo;importance des bavettes dans la pr&eacute;vention des maladies transmissibles par le biais de l&rsquo;appareil respiratoire et des gouttelettes respiratoires affectant particuli&egrave;rement les poumons est ind&eacute;niable particuli&egrave;rement dans le cas o&ugrave; le Covid-19 touchent des personnes atteints de maladies chroniques\u00a0\u00bb, a-t-il soutenu.<\/p>\n<blockquote>\n<p><em><strong>Il a expliqu&eacute; dans ce contexte qu&rsquo;en recourant &agrave; la bavette, la personne atteinte de Covid-19 peut diminuer jusqu&rsquo;&agrave; 60 % des risques de contamination d&rsquo;autrui m&ecirc;me si celui qui est en face d&rsquo;elle n&rsquo;en porte pas.<\/strong><\/em><\/p>\n<\/blockquote>\n<p>\u00ab\u00a0Si les deux personnes qui sont l&rsquo;un face &agrave; l&rsquo;autre portent toutes les deux une bavette, ce risque de contamination peut &ecirc;tre diminu&eacute; de 90 % m&ecirc;me dans le cas o&ugrave; l&rsquo;une d&rsquo;entre elles est atteinte de Covid-19\u00a0\u00bb, a-t-il fait savoir, observant que le risque est diminu&eacute; de 35 % dans le cas d&rsquo;une personne atteinte de Covid, ne portant pas de masque, se trouvant, &agrave; quelque endroit que ce soit, face &agrave; une personne qui en porte.<\/p>\n<p>Pour lui, \u00ab\u00a0le virus est l&agrave;, aux agu&ecirc;ts, pr&ecirc;t &agrave; passer &agrave; l&rsquo;action &agrave; n&rsquo;importe quel moment pour peu que les conditions lui soient favorables\u00a0\u00bb, a-t-il averti, observant que d&egrave;s lors que la pr&eacute;vention contre le nouveau coronavirus est \u00ab\u00a0un tout indissociable\u00a0\u00bb, le respect des autres gestes barri&egrave;res, &agrave; l&rsquo;instar de la distanciation sociale et du lavage des mains, ne doit nullement &ecirc;tre n&eacute;glig&eacute;.<\/p>\n<p>&nbsp;<\/p>\n<p><strong>Port du masque, un acte de civisme r&eacute;v&eacute;lateur du respect d&rsquo;autrui<\/strong><\/p>\n<p>&nbsp;<\/p>\n<p>Ind&eacute;pendamment du volet purement pr&eacute;ventif, le port d&rsquo;un masque de protection est un acte de civisme r&eacute;v&eacute;lateur du respect d&rsquo;autrui, soutient le Dr Belabassi.<\/p>\n<blockquote>\n<p><em><strong>\u00ab\u00a0Si l&rsquo;on est malade ou potentiellement malade, le fait de porter un masque pour ne pas infecter les personnes que l&rsquo;on croise dans la rue est &agrave; la fois un geste de protection et de civisme\u00a0\u00bb, a-t-il insist&eacute;.<\/strong><\/em><\/p>\n<\/blockquote>\n<p>Il a, dans ce cadre,observ&eacute; que dans nombre de pays asiatiques, des citoyens,m&ecirc;me atteints d&rsquo;une grippe saisonni&egrave;re, s&rsquo;empressent de mettre une bavette avant de sortir dans la rue, conscients qu&rsquo;ils sont que cette pathologie d&rsquo;essence virale est susceptible d&rsquo;&ecirc;tre transmise &agrave; leur entourage.<\/p>\n<p>\u00ab\u00a0Le porteur d&rsquo;un masque est loin d&rsquo;&ecirc;tre une personne &eacute;go&iuml;ste, bien au contraire, elle pense aux autres et si elle recourt &agrave; ce moyen de protection, ce n&rsquo;est pas parce qu&rsquo;il a peur des amendes &agrave; payer en cas de r&eacute;ticence, c&rsquo;est &agrave; la limite (en filigrane) une invitation faite aux gens pour qu&rsquo;ils en portent\u00a0\u00bb, a-t-il estim&eacute;.<\/p>\n<p>Abordant certains d&eacute;sagr&eacute;ments susceptibles d&rsquo;&ecirc;tre associ&eacute;s au port du masque, il a soutenu que ceux-ci dispara&icirc;tront &agrave; mesure que le porteur de ce moyen de protection s&rsquo;y habitue.<\/p>\n<blockquote>\n<p><em><strong>\u00ab\u00a0Certes, le port du masque peut, parfois, occasionner des d&eacute;sagr&eacute;ments tels les g&ecirc;nes respiratoires et les irritations mais cela ne vaut absolument rien &agrave; c&ocirc;t&eacute; du risque de s&rsquo;infecter ou d&rsquo;infecter autrui\u00a0\u00bb, a-t-il soulign&eacute;, observant que les &eacute;ventuelles contraintes li&eacute;es au port du masque disparaitront, au fur et &agrave; mesure que le temps passe.<\/strong><\/em><\/p>\n<\/blockquote>\n<p>S&rsquo;attardant sur la sensation de chaleur ressentie par le port du masque laquelle est exacerb&eacute;e par l&rsquo;arriv&eacute;e de l&rsquo;&eacute;t&eacute;, il a conseill&eacute; de ne pas en porter un qui soit trop serr&eacute;.<\/p>\n<p>Il a, &eacute;galement, mis en avant l&rsquo;importance de la consommation d&rsquo;eau de mani&egrave;re r&eacute;guli&egrave;re et l&rsquo;humidification du visage en faisant attention &agrave; ne pas mouiller le masque pour, a-t-il insist&eacute;, \u00ab\u00a0ne pas lui faire perdre ses propri&eacute;t&eacute;s protectrices et bienfaitrices\u00a0\u00bb.<\/p>\n<p>Le sp&eacute;cialiste a toutefois not&eacute; que certaines mauvaises mani&egrave;res de porter le masque le rendent contre-productif, exacerbant des sensations de d&eacute;sagr&eacute;ments.<\/p>\n<p>\u00ab\u00a0En sus du danger que repr&eacute;sente le port du masque de mani&egrave;re incorrecte, lui faisant perdre son efficacit&eacute; (perm&eacute;abilit&eacute; au virus), cet &eacute;tat de fait contribue &agrave; exacerber les sensations &eacute;voqu&eacute;es ant&eacute;rieurement, d&rsquo;o&ugrave; la n&eacute;cessit&eacute; de se conformer aux conseils des professionnels &agrave; ce sujet\u00a0\u00bb, a-t-il recommand&eacute;.<\/p>\n<p>Le directeur de l&rsquo;EPH de A&iuml;n Defla, Habbiche Bouabdellah a, de son c&ocirc;t&eacute;, d&eacute;nonc&eacute; les comportements faisant fi des mesures de pr&eacute;caution, mettant l&rsquo;accent sur la n&eacute;cessit&eacute; de l&rsquo;adh&eacute;sion de tous pour une rapide lev&eacute;e du confinement sanitaire.<\/p>\n<blockquote>\n<p><em><strong>\u00ab\u00a0Des citoyens continuent malheureusement de fouler aux pieds les mesures de distanciation sociale et de port de masque en d&eacute;pit des intenses campagnes de sensibilisation men&eacute;es avec beaucoup de p&eacute;dagogie par le personnel de la sant&eacute; et le mouvement associatif au sujet de la n&eacute;cessit&eacute; d&rsquo;adopter ces gestes barri&egrave;res\u00a0\u00bb, a-t-il regrett&eacute;.<\/strong><\/em><\/p>\n<\/blockquote>\n<p>Lui embo&icirc;tant le pas, le directeur de la sant&eacute; et de la population (DSP) de A&iuml;n Defla, Dr Hadj SadokZoheir, lui-m&ecirc;me victime du redoutable virus (dont il en a gu&eacute;ri) au tout d&eacute;but de la pand&eacute;mie, a soutenu que le port du masque contribue, dans une large mesure, &agrave; casser la cha&icirc;ne de contamination, permettant au personnel de la sant&eacute;, mis &agrave; rude &eacute;preuve depuis quatre mois, de \u00ab\u00a0souffler\u00a0\u00bb.<\/p>\n<p>\u00ab\u00a0La g&eacute;n&eacute;ralisation du port de la bavette &agrave; grande &eacute;chelle permettra,&agrave; tr&egrave;s court terme, de d&eacute;sengorger les structures de sant&eacute; charg&eacute;es de la prise en charge des malades atteints de Covid-19\u00a0\u00bb, a-t-il assur&eacute;, regrettant que par n&eacute;gligence ou par esprit rebelle, les mesures barri&egrave;res les plus &eacute;l&eacute;mentaires dans la lutte contre cette pand&eacute;mie, ne sont pas respect&eacute;es.<\/p>\n<\/div>\n<\/div>\n<p>Auteur:<br \/>\n<a href=\"http:\/\/www.aps.dz\/regions\/106097-covid-19-a-ain-defla-port-du-masque-revelateur-de-civisme-et-de-respect-d-autrui\">Cliquez ici pour lire l&rsquo;article depuis sa source.<\/a><\/p>\n","protected":false},"excerpt":{"rendered":"<p>&nbsp;AIN DEFLA- Des professionnels de la sant&eacute; &agrave; A&iuml;n Defla ont soulign&eacute; l&rsquo;importance du port du masque dans la lutte contre la propagation du nouveau coronavirus (Covid-19), observant que le recours &agrave; ce moyen de protection constitue un signe de civisme et de respect d&rsquo;autrui. M&ecirc;me si, dans l&rsquo;ensemble, une stabilisation de la situation sanitaire [&hellip;]<\/p>\n","protected":false},"author":1790,"featured_media":88752,"comment_status":"closed","ping_status":"closed","sticky":false,"template":"","format":"standard","meta":{"fifu_image_url":"","fifu_image_alt":"","footnotes":""},"categories":[53,76],"tags":[],"class_list":["post-88751","post","type-post","status-publish","format-standard","has-post-thumbnail","hentry","category-algerie","category-regions"],"_links":{"self":[{"href":"https:\/\/linitiative.ca\/International\/wp-json\/wp\/v2\/posts\/88751","targetHints":{"allow":["GET"]}}],"collection":[{"href":"https:\/\/linitiative.ca\/International\/wp-json\/wp\/v2\/posts"}],"about":[{"href":"https:\/\/linitiative.ca\/International\/wp-json\/wp\/v2\/types\/post"}],"author":[{"embeddable":true,"href":"https:\/\/linitiative.ca\/International\/wp-json\/wp\/v2\/users\/1790"}],"replies":[{"embeddable":true,"href":"https:\/\/linitiative.ca\/International\/wp-json\/wp\/v2\/comments?post=88751"}],"version-history":[{"count":0,"href":"https:\/\/linitiative.ca\/International\/wp-json\/wp\/v2\/posts\/88751\/revisions"}],"wp:featuredmedia":[{"embeddable":true,"href":"https:\/\/linitiative.ca\/International\/wp-json\/"}],"wp:attachment":[{"href":"https:\/\/linitiative.ca\/International\/wp-json\/wp\/v2\/media?parent=88751"}],"wp:term":[{"taxonomy":"category","embeddable":true,"href":"https:\/\/linitiative.ca\/International\/wp-json\/wp\/v2\/categories?post=88751"},{"taxonomy":"post_tag","embeddable":true,"href":"https:\/\/linitiative.ca\/International\/wp-json\/wp\/v2\/tags?post=88751"}],"curies":[{"name":"wp","href":"https:\/\/api.w.org\/{rel}","templated":true}]}}