{"id":88754,"date":"2020-06-12T08:51:55","date_gmt":"2020-06-12T12:51:55","guid":{"rendered":"https:\/\/linitiative.ca\/International\/deconfinement-oujda-retrouve-une-vie-quasi-normale\/"},"modified":"2020-06-12T08:51:55","modified_gmt":"2020-06-12T12:51:55","slug":"deconfinement-oujda-retrouve-une-vie-quasi-normale","status":"publish","type":"post","link":"https:\/\/linitiative.ca\/International\/deconfinement-oujda-retrouve-une-vie-quasi-normale\/","title":{"rendered":"D\u00e9confinement : Oujda retrouve une vie (quasi) normale"},"content":{"rendered":"<p class=\"c4\">La fameuse sir\u00e8ne d\u00e9clench\u00e9e chaque jour \u00e0 18h00 depuis le si\u00e8ge de la municipalit\u00e9 d\u2019Oujda, pour rappeler l\u2019heure fix\u00e9e pour la fermeture des commerces autoris\u00e9s \u00e0 ouvrir sous l\u2019\u00e9tat d\u2019urgence sanitaire, n\u2019a pas retentit jeudi, synonyme d\u2019une page qui se tourne pour cette ville class\u00e9e, comme l\u2019ensemble de la r\u00e9gion de l\u2019Oriental, en Zone 1 dans le cadre des mesures d\u2019assouplissement du confinement sanitaire.<\/p>\n<p class=\"c4\">En effet, de nombreuses restrictions, impos\u00e9es par l\u2019exigence de lutte contre la pand\u00e9mie du nouveau coronavirus, ont \u00e9t\u00e9 lev\u00e9es, permettant aux habitants de la ville de retrouver une vie normale\u2026ou presque, puisqu\u2019il faut encore veiller \u00e0 respecter les mesures pr\u00e9ventives, comme le port du masque de protection, et se passer, pour le moment, du plaisir de consommer sur place dans les caf\u00e9s et restaurants.<\/p>\n<p class=\"c4\">N\u00e9anmoins, les oujdis sont d\u00e9sormais libres de leurs mouvements et peuvent circuler sans avoir \u00e0 se munir d\u2019une autorisation sp\u00e9ciale. Ils peuvent aussi se rendre dans les march\u00e9s de la ville, autoris\u00e9s \u00e0 ouvrir apr\u00e8s presque trois mois d\u2019inactivit\u00e9, ou dans les jardins publics pour s\u2019a\u00e9rer et pratiquer le sport.<\/p>\n<p class=\"c4\">Et on n\u2019attendait que \u00e7a ! Apr\u00e8s des semaines d\u2019un confinement n\u00e9cessaire mais difficile \u00e0 vivre, les habitants ont profit\u00e9 de cet all\u00e8gement pour repeupler les espaces verts, les places et les art\u00e8res de la ville.<\/p>\n<p class=\"c4\">D\u00e8s jeudi matin, l\u2019on d\u00e9notait une augmentation palpable de la circulation dans les rues. En voiture, sur deux roues ou \u00e0 pied, les gens profitaient de cette premi\u00e8re phase de d\u00e9confinement pour renouer avec leurs habitudes, vaquer \u00e0 leurs occupations et sortir leurs enfants, qui sont tout heureux de pouvoir se balader avec leurs parents ou jouer dans les parcs.<\/p>\n<p class=\"c4\">Les jeunes ont aussi profit\u00e9 de l\u2019occasion pour se retrouver entre amis, apr\u00e8s une longue p\u00e9riode o\u00f9 les liens sociaux ont \u00e9t\u00e9 entretenus \u00ab\u00e0 distance\u00bb, via les r\u00e9seaux sociaux et les applications de messagerie instantan\u00e9e.<\/p>\n<p><img class=\"aligncenter wp-image-21942\" data-src=\"http:\/\/www.mapoujda.ma\/map\/uploads\/2020\/06\/assouplissement-des-mesures-du-confinement-au-march&#xE9;-Al-quds-&#xE0;-Oujda-M750&#xD7;430-MAP.jpg\" alt=\"\" width=\"576\" height=\"330\" srcset=\"http:\/\/www.mapoujda.ma\/map\/uploads\/2020\/06\/assouplissement-des-mesures-du-confinement-au-march&#xE9;-Al-quds-&#xE0;-Oujda-M750&#xD7;430-MAP.jpg 750w, http:\/\/www.mapoujda.ma\/map\/uploads\/2020\/06\/assouplissement-des-mesures-du-confinement-au-march&#xE9;-Al-quds-&#xE0;-Oujda-M750&#xD7;430-MAP-300x172.jpg 300w\" sizes=\"(max-width: 576px) 100vw, 576px\"\/><\/p>\n<p class=\"c4\">Des retrouvailles, certes, mais en prenant les pr\u00e9cautions qui s\u2019imposent. En effet, les mesures barri\u00e8res, comme le port des bavettes, ou encore les r\u00e8gles de distanciation sociale, restent de mise. Mais cela n\u2019est pas de nature \u00e0 g\u00e2cher le bonheur des habitants qui voient le classement de leur r\u00e9gion en Zone 1 comme une r\u00e9compense des efforts qu\u2019ils ont consentis pour respecter l\u2019\u00e9tat d\u2019urgence sanitaire et le confinement.<\/p>\n<p class=\"c4\">Parmi les secteurs qui ont constat\u00e9 une nette am\u00e9lioration de l\u2019activit\u00e9 apr\u00e8s l\u2019entr\u00e9e en vigueur des mesures d\u2019all\u00e8gement du confinement sanitaire, les taxis. Mustapha, gestionnaire de taxis, a affirm\u00e9 \u00e0 la MAP que le secteur reprend progressivement des couleurs apr\u00e8s des semaines de baisse d\u2019activit\u00e9.<\/p>\n<p class=\"c4\">Cette reprise ne se fait pas au d\u00e9triment des mesures de pr\u00e9vention, loin s\u2019en faut, puisque les op\u00e9rations de d\u00e9sinfection des v\u00e9hicules sont men\u00e9es r\u00e9guli\u00e8rement et que les chauffeurs veillent au respect par les clients des mesures pr\u00e9ventives comme le port des masques de protection. En plus, des parois en plastique ont \u00e9t\u00e9 install\u00e9es dans les taxis pour r\u00e9duire le risque de contamination entre clients et chauffeurs.<\/p>\n<p class=\"c4\">Les r\u00e9gions du Royaume ont \u00e9t\u00e9 class\u00e9es en deux zones en fonction de l\u2019\u00e9volution de la situation \u00e9pid\u00e9miologique : Une premi\u00e8re zone o\u00f9 la situation est ma\u00eetris\u00e9e presque totalement (59 pr\u00e9fectures et provinces) et une deuxi\u00e8me zone o\u00f9 la situation est partiellement contr\u00f4l\u00e9e (16 provinces et pr\u00e9fectures).<\/p>\n<p class=\"c4\">Ces crit\u00e8res ont \u00e9t\u00e9 pris en consid\u00e9ration dans le d\u00e9confinement progressif d\u2019une mani\u00e8re diff\u00e9renci\u00e9e entre les deux zones. 80 pc des pr\u00e9fectures et provinces forment la zone d\u2019assouplissement no 1, soit 95 pc du territoire national et 61 pc de la population du Maroc.<\/p>\n<p class=\"c4\">Parmi les mesures d\u00e9cid\u00e9s pour l\u2019assouplissement des restrictions dans la Zone 1, figurent la reprise du transport public urbain avec un exploitation ne d\u00e9passant pas 50% de la capacit\u00e9 d\u2019accueil, la libert\u00e9 de d\u00e9placement \u00e0 l\u2019int\u00e9rieur du p\u00e9rim\u00e8tre territorial du lieu de r\u00e9sidence sans l\u2019obligation de disposer d\u2019une autorisation (en se contentant de pr\u00e9senter la Carte nationale d\u2019identit\u00e9 \u00e9lectronique) et la r\u00e9ouverture des salons de coiffure et des instituts de beaut\u00e9 avec une exploitation ne d\u00e9passant pas 50% de la capacit\u00e9 d\u2019accueil, ainsi que des espaces publics en plein air (promenades, jardins, lieux publics\u2026etc).<\/p>\n<p>Auteur: Soufiane ELAHMAR<br \/>\n<a href=\"http:\/\/www.mapoujda.ma\/fr\/deconfinement-oujda-retrouve-une-vie-quasi-normale\/\">Cliquez ici pour lire l&rsquo;article depuis sa source.<\/a><\/p>\n","protected":false},"excerpt":{"rendered":"<p>La fameuse sir\u00e8ne d\u00e9clench\u00e9e chaque jour \u00e0 18h00 depuis le si\u00e8ge de la municipalit\u00e9 d\u2019Oujda, pour rappeler l\u2019heure fix\u00e9e pour la fermeture des commerces autoris\u00e9s \u00e0 ouvrir sous l\u2019\u00e9tat d\u2019urgence sanitaire, n\u2019a pas retentit jeudi, synonyme d\u2019une page qui se tourne pour cette ville class\u00e9e, comme l\u2019ensemble de la r\u00e9gion de l\u2019Oriental, en Zone 1 [&hellip;]<\/p>\n","protected":false},"author":1788,"featured_media":88755,"comment_status":"closed","ping_status":"closed","sticky":false,"template":"","format":"standard","meta":{"fifu_image_url":"","fifu_image_alt":"","footnotes":""},"categories":[54,76],"tags":[],"class_list":["post-88754","post","type-post","status-publish","format-standard","has-post-thumbnail","hentry","category-maroc","category-regions"],"_links":{"self":[{"href":"https:\/\/linitiative.ca\/International\/wp-json\/wp\/v2\/posts\/88754","targetHints":{"allow":["GET"]}}],"collection":[{"href":"https:\/\/linitiative.ca\/International\/wp-json\/wp\/v2\/posts"}],"about":[{"href":"https:\/\/linitiative.ca\/International\/wp-json\/wp\/v2\/types\/post"}],"author":[{"embeddable":true,"href":"https:\/\/linitiative.ca\/International\/wp-json\/wp\/v2\/users\/1788"}],"replies":[{"embeddable":true,"href":"https:\/\/linitiative.ca\/International\/wp-json\/wp\/v2\/comments?post=88754"}],"version-history":[{"count":0,"href":"https:\/\/linitiative.ca\/International\/wp-json\/wp\/v2\/posts\/88754\/revisions"}],"wp:featuredmedia":[{"embeddable":true,"href":"https:\/\/linitiative.ca\/International\/wp-json\/"}],"wp:attachment":[{"href":"https:\/\/linitiative.ca\/International\/wp-json\/wp\/v2\/media?parent=88754"}],"wp:term":[{"taxonomy":"category","embeddable":true,"href":"https:\/\/linitiative.ca\/International\/wp-json\/wp\/v2\/categories?post=88754"},{"taxonomy":"post_tag","embeddable":true,"href":"https:\/\/linitiative.ca\/International\/wp-json\/wp\/v2\/tags?post=88754"}],"curies":[{"name":"wp","href":"https:\/\/api.w.org\/{rel}","templated":true}]}}